{"id":83,"date":"2023-04-10T15:40:44","date_gmt":"2023-04-10T15:40:44","guid":{"rendered":"https:\/\/www.altex.com.br\/blog\/?p=83"},"modified":"2023-04-10T15:47:50","modified_gmt":"2023-04-10T15:47:50","slug":"7-materiais-utilizados-na-fabricacao-de-cortinas-na-vila-leopoldina","status":"publish","type":"post","link":"https:\/\/www.altex.com.br\/blog\/cortinas\/7-materiais-utilizados-na-fabricacao-de-cortinas-na-vila-leopoldina\/","title":{"rendered":"7 materiais utilizados na fabrica\u00e7\u00e3o de cortinas na Vila Leopoldina\u00a0"},"content":{"rendered":"<span class=\"rt-reading-time\" style=\"display: block;\"><span class=\"rt-label rt-prefix\">Tempo de leitura<\/span> <span class=\"rt-time\">2<\/span> <span class=\"rt-label rt-postfix\">minutos<\/span><\/span>\n<p>A fabrica\u00e7\u00e3o de cortinas na Vila Leopoldina fornece solu\u00e7\u00f5es muito diversas para os mais variados projetos, sejam eles corporativos ou dom\u00e9sticos. Isso ocorre principalmente pelo uso de materiais e t\u00e9cnicas muito diversas que, juntos, podem fornecer produtos que atendam a todas as exig\u00eancias de consumidores desse meio.&nbsp;<\/p>\n\n\n\n<p>No entanto, como n\u00e3o poderia deixar de ser, isso depende da qualidade da companhia respons\u00e1vel por esse processo. Afinal, s\u00e3o essas marcas que v\u00e3o realizar essa tarefa e, assim, viabilizar qualquer um desses itens.&nbsp;<\/p>\n\n\n\n<p>Visando explicar isso de maneira mais completa, compilamos e apresentamos, a seguir, alguns dos principais pontos sobre o tema. Al\u00e9m disso, no fim do artigo, mostramos como a <a href=\"https:\/\/www.altex.com.br\/\" target=\"_blank\" rel=\"noreferrer noopener\">Altex<\/a> pode ser \u00fatil nesse sentido. Veja!\u00a0<\/p>\n\n\n\n<h2 class=\"wp-block-heading\">7 materiais utilizados na fabrica\u00e7\u00e3o de cortinas na Vila Leopoldina<\/h2>\n\n\n\n<p>De maneira geral, existem sete materiais principais utilizados na fabrica\u00e7\u00e3o de cortinas na Vila Leopoldina, sendo:<\/p>\n\n\n\n<ol class=\"wp-block-list\">\n<li>Cetim<br><br>Considerada uma das varia\u00e7\u00f5es mais sofisticadas do mercado, a cortina de cetim pode ser extremamente \u00fatil para fornecer mais eleg\u00e2ncia para diversos espa\u00e7os. Afinal, ela garante muitos benef\u00edcios, principalmente por seu tecido moderno.<br><\/li>\n\n\n\n<li>Gaze<br><br>A cortina de gaze, por sua vez, oferece um tecido mais marcado, com mais texturas e, naturalmente, mais chamativo. Dessa forma, pode ser trabalhado de diversas maneiras, bem como em composi\u00e7\u00f5es com outros materiais.<br><\/li>\n\n\n\n<li>Gorgurinho<br><br>A cortina de gorgurinho possibilita que trabalhos sejam executados de maneira mais r\u00e1pida e sem dispensar a qualidade. Afinal, s\u00e3o bastante resistentes e possuem um visual muito particular, atendendo a muitos segmentos em busca de uma empresa que atue na fabrica\u00e7\u00e3o de cortina na Vila Leopoldina.<br><\/li>\n\n\n\n<li>Microfibra<br><br>Muito populares tamb\u00e9m entre fornecedores de cobertores, a cortina de microfibra atende a demandas muito diversas. Afinal, esse material garante um excelente controle de luminosidade, bem como uma facilidade de manuten\u00e7\u00e3o.<br><\/li>\n\n\n\n<li>Shantung<br><br>Apesar de menos conhecida, a cortina de shantung oferece um excelente custo-benef\u00edcio. Mais do que isso, ela tamb\u00e9m garante um visual muito sofisticado, atendendo a requisitos de segmentos corporativos e dom\u00e9sticos.<br><\/li>\n\n\n\n<li>Tafet\u00e1<br><br>A cortina de tafet\u00e1 \u00e9 mais uma op\u00e7\u00e3o vi\u00e1vel para segmentos diversos. Afinal, ela atende a necessidades muito variadas, al\u00e9m de possuir uma limpeza simplificada e \u00f3timos valores em compara\u00e7\u00e3o a outros produtos vindos da fabrica\u00e7\u00e3o de cortinas na Vila Leopoldina.<br><\/li>\n\n\n\n<li>Voil<br><br>Por fim, vale destacar a cortina voil, uma das op\u00e7\u00f5es com melhor resist\u00eancia do setor. Al\u00e9m disso, assim como as alternativas citadas acima, tamb\u00e9m s\u00e3o muito sofisticadas, atendendo a segmentos muito diversos.&nbsp;<\/li>\n<\/ol>\n\n\n\n<h3 class=\"wp-block-heading\">Onde comprar cortina na Vila Leopoldina?\u00a0<\/h3>\n\n\n\n<p>A <a href=\"https:\/\/www.altex.com.br\/\" target=\"_blank\" rel=\"noreferrer noopener\">Altex<\/a> pode ser apontada como a melhor alternativa para interessados nesses produtos, principalmente por conta da qualidade e dos pre\u00e7os ofertados. Por isso, se estiver em busca de uma fornecedora que trabalhe com a fabrica\u00e7\u00e3o de cortinas na Vila Leopoldina, <a href=\"https:\/\/www.altex.com.br\/contato\" target=\"_blank\" rel=\"noreferrer noopener\">entre em contato com a Altex e solicite um or\u00e7amento<\/a>.\u00a0<\/p>\n\n\n<div class=\"wp-block-image\">\n<figure class=\"aligncenter size-full\"><a href=\"https:\/\/www.altex.com.br\/contato\" target=\"_blank\" rel=\"noreferrer noopener\"><img loading=\"lazy\" decoding=\"async\" width=\"515\" height=\"258\" src=\"https:\/\/www.altex.com.br\/blog\/wp-content\/uploads\/2023\/01\/CTA_-10.gif\" alt=\"\" class=\"wp-image-59\"\/><\/a><\/figure>\n<\/div>","protected":false},"excerpt":{"rendered":"<p><span class=\"rt-reading-time\" style=\"display: block;\"><span class=\"rt-label rt-prefix\">Tempo de leitura<\/span> <span class=\"rt-time\">2<\/span> <span class=\"rt-label rt-postfix\">minutos<\/span><\/span> A fabrica\u00e7\u00e3o de cortinas na Vila Leopoldina fornece solu\u00e7\u00f5es muito diversas para os mais variados projetos, sejam eles corporativos ou dom\u00e9sticos. Isso ocorre principalmente pelo uso de materiais e t\u00e9cnicas muito diversas que, juntos, podem fornecer produtos que atendam a todas as exig\u00eancias de consumidores desse meio.&nbsp; No entanto, como n\u00e3o poderia deixar de ser, &hellip; <\/p>\n","protected":false},"author":1,"featured_media":84,"comment_status":"open","ping_status":"open","sticky":false,"template":"","format":"standard","meta":{"footnotes":""},"categories":[10],"tags":[9,740,742,741,746,743,745,744,768,770,769,774,771,773,772,796,798,797,802,799,801,800,824,826,825,830,827,829,828,852,854,853,858,855,857,856,880,882,881,886,883,885,884,908,910,909,914,911,913,912,747,749,748,753,750,752,751,775,777,776,781,778,780,779,803,805,804,809,806,808,807,831,833,832,837,834,836,835,859,861,860,865,862,864,863,887,889,888,893,890,892,891,915,917,916,921,918,920,919,726,728,727,732,729,731,730,754,756,755,760,757,759,758,782,784,783,788,785,787,786,810,812,811,816,813,815,814,838,840,839,844,841,843,842,866,868,867,872,869,871,870,894,896,895,900,897,899,898,733,735,734,739,736,738,737,761,763,762,767,764,766,765,789,791,790,795,792,794,793,817,819,818,823,820,822,821,845,847,846,851,848,850,849,873,875,874,879,876,878,877,901,903,902,907,904,906,905],"class_list":["post-83","post","type-post","status-publish","format-standard","has-post-thumbnail","hentry","category-cortinas","tag-altex","tag-comprar-cortina-de-cetim","tag-comprar-cortina-de-cetim-em-sao-paulo","tag-comprar-cortina-de-cetim-em-sp","tag-comprar-cortina-de-cetim-na-vila-leopoldina-comprar-cortina-de-cetim-em-moema","tag-comprar-cortina-de-cetim-na-zona-oeste","tag-comprar-cortina-de-cetim-na-zona-oeste-de-sao-paulo","tag-comprar-cortina-de-cetim-na-zona-oeste-de-sp","tag-comprar-cortina-de-gaze","tag-comprar-cortina-de-gaze-em-sao-paulo","tag-comprar-cortina-de-gaze-em-sp","tag-comprar-cortina-de-gaze-na-vila-leopoldina-comprar-cortina-de-gaze-em-moema","tag-comprar-cortina-de-gaze-na-zona-oeste","tag-comprar-cortina-de-gaze-na-zona-oeste-de-sao-paulo","tag-comprar-cortina-de-gaze-na-zona-oeste-de-sp","tag-comprar-cortina-de-gorgurinho","tag-comprar-cortina-de-gorgurinho-em-sao-paulo","tag-comprar-cortina-de-gorgurinho-em-sp","tag-comprar-cortina-de-gorgurinho-na-vila-leopoldina-comprar-cortina-de-gorgurinho-em-moema","tag-comprar-cortina-de-gorgurinho-na-zona-oeste","tag-comprar-cortina-de-gorgurinho-na-zona-oeste-de-sao-paulo","tag-comprar-cortina-de-gorgurinho-na-zona-oeste-de-sp","tag-comprar-cortina-de-microfibra","tag-comprar-cortina-de-microfibra-em-sao-paulo","tag-comprar-cortina-de-microfibra-em-sp","tag-comprar-cortina-de-microfibra-na-vila-leopoldina-comprar-cortina-de-microfibra-em-moema","tag-comprar-cortina-de-microfibra-na-zona-oeste","tag-comprar-cortina-de-microfibra-na-zona-oeste-de-sao-paulo","tag-comprar-cortina-de-microfibra-na-zona-oeste-de-sp","tag-comprar-cortina-de-shantung","tag-comprar-cortina-de-shantung-em-sao-paulo","tag-comprar-cortina-de-shantung-em-sp","tag-comprar-cortina-de-shantung-na-vila-leopoldina-comprar-cortina-de-shantung-em-moema","tag-comprar-cortina-de-shantung-na-zona-oeste","tag-comprar-cortina-de-shantung-na-zona-oeste-de-sao-paulo","tag-comprar-cortina-de-shantung-na-zona-oeste-de-sp","tag-comprar-cortina-de-tafeta","tag-comprar-cortina-de-tafeta-em-sao-paulo","tag-comprar-cortina-de-tafeta-em-sp","tag-comprar-cortina-de-tafeta-na-vila-leopoldina-comprar-cortina-de-tafeta-em-moema","tag-comprar-cortina-de-tafeta-na-zona-oeste","tag-comprar-cortina-de-tafeta-na-zona-oeste-de-sao-paulo","tag-comprar-cortina-de-tafeta-na-zona-oeste-de-sp","tag-comprar-cortina-de-voil","tag-comprar-cortina-de-voil-em-sao-paulo","tag-comprar-cortina-de-voil-em-sp","tag-comprar-cortina-de-voil-na-vila-leopoldina-comprar-cortina-de-voil-em-moema","tag-comprar-cortina-de-voil-na-zona-oeste","tag-comprar-cortina-de-voil-na-zona-oeste-de-sao-paulo","tag-comprar-cortina-de-voil-na-zona-oeste-de-sp","tag-comprar-cortinas-de-cetim","tag-comprar-cortinas-de-cetim-em-sao-paulo","tag-comprar-cortinas-de-cetim-em-sp","tag-comprar-cortinas-de-cetim-na-vila-leopoldina-comprar-cortinas-de-cetim-em-moema","tag-comprar-cortinas-de-cetim-na-zona-oeste","tag-comprar-cortinas-de-cetim-na-zona-oeste-de-sao-paulo","tag-comprar-cortinas-de-cetim-na-zona-oeste-de-sp","tag-comprar-cortinas-de-gaze","tag-comprar-cortinas-de-gaze-em-sao-paulo","tag-comprar-cortinas-de-gaze-em-sp","tag-comprar-cortinas-de-gaze-na-vila-leopoldina-comprar-cortinas-de-gaze-em-moema","tag-comprar-cortinas-de-gaze-na-zona-oeste","tag-comprar-cortinas-de-gaze-na-zona-oeste-de-sao-paulo","tag-comprar-cortinas-de-gaze-na-zona-oeste-de-sp","tag-comprar-cortinas-de-gorgurinho","tag-comprar-cortinas-de-gorgurinho-em-sao-paulo","tag-comprar-cortinas-de-gorgurinho-em-sp","tag-comprar-cortinas-de-gorgurinho-na-vila-leopoldina-comprar-cortinas-de-gorgurinho-em-moema","tag-comprar-cortinas-de-gorgurinho-na-zona-oeste","tag-comprar-cortinas-de-gorgurinho-na-zona-oeste-de-sao-paulo","tag-comprar-cortinas-de-gorgurinho-na-zona-oeste-de-sp","tag-comprar-cortinas-de-microfibra","tag-comprar-cortinas-de-microfibra-em-sao-paulo","tag-comprar-cortinas-de-microfibra-em-sp","tag-comprar-cortinas-de-microfibra-na-vila-leopoldina-comprar-cortinas-de-microfibra-em-moema","tag-comprar-cortinas-de-microfibra-na-zona-oeste","tag-comprar-cortinas-de-microfibra-na-zona-oeste-de-sao-paulo","tag-comprar-cortinas-de-microfibra-na-zona-oeste-de-sp","tag-comprar-cortinas-de-shantung","tag-comprar-cortinas-de-shantung-em-sao-paulo","tag-comprar-cortinas-de-shantung-em-sp","tag-comprar-cortinas-de-shantung-na-vila-leopoldina-comprar-cortinas-de-shantung-em-moema","tag-comprar-cortinas-de-shantung-na-zona-oeste","tag-comprar-cortinas-de-shantung-na-zona-oeste-de-sao-paulo","tag-comprar-cortinas-de-shantung-na-zona-oeste-de-sp","tag-comprar-cortinas-de-tafeta","tag-comprar-cortinas-de-tafeta-em-sao-paulo","tag-comprar-cortinas-de-tafeta-em-sp","tag-comprar-cortinas-de-tafeta-na-vila-leopoldina-comprar-cortinas-de-tafeta-em-moema","tag-comprar-cortinas-de-tafeta-na-zona-oeste","tag-comprar-cortinas-de-tafeta-na-zona-oeste-de-sao-paulo","tag-comprar-cortinas-de-tafeta-na-zona-oeste-de-sp","tag-comprar-cortinas-de-voil","tag-comprar-cortinas-de-voil-em-sao-paulo","tag-comprar-cortinas-de-voil-em-sp","tag-comprar-cortinas-de-voil-na-vila-leopoldina-comprar-cortinas-de-voil-em-moema","tag-comprar-cortinas-de-voil-na-zona-oeste","tag-comprar-cortinas-de-voil-na-zona-oeste-de-sao-paulo","tag-comprar-cortinas-de-voil-na-zona-oeste-de-sp","tag-cortina-de-cetim","tag-cortina-de-cetim-em-sao-paulo","tag-cortina-de-cetim-em-sp","tag-cortina-de-cetim-na-vila-leopoldina-cortina-de-cetim-em-moema","tag-cortina-de-cetim-na-zona-oeste","tag-cortina-de-cetim-na-zona-oeste-de-sao-paulo","tag-cortina-de-cetim-na-zona-oeste-de-sp","tag-cortina-de-gaze","tag-cortina-de-gaze-em-sao-paulo","tag-cortina-de-gaze-em-sp","tag-cortina-de-gaze-na-vila-leopoldina-cortina-de-gaze-em-moema","tag-cortina-de-gaze-na-zona-oeste","tag-cortina-de-gaze-na-zona-oeste-de-sao-paulo","tag-cortina-de-gaze-na-zona-oeste-de-sp","tag-cortina-de-gorgurinho","tag-cortina-de-gorgurinho-em-sao-paulo","tag-cortina-de-gorgurinho-em-sp","tag-cortina-de-gorgurinho-na-vila-leopoldina-cortina-de-gorgurinho-em-moema","tag-cortina-de-gorgurinho-na-zona-oeste","tag-cortina-de-gorgurinho-na-zona-oeste-de-sao-paulo","tag-cortina-de-gorgurinho-na-zona-oeste-de-sp","tag-cortina-de-microfibra","tag-cortina-de-microfibra-em-sao-paulo","tag-cortina-de-microfibra-em-sp","tag-cortina-de-microfibra-na-vila-leopoldina-cortina-de-microfibra-em-moema","tag-cortina-de-microfibra-na-zona-oeste","tag-cortina-de-microfibra-na-zona-oeste-de-sao-paulo","tag-cortina-de-microfibra-na-zona-oeste-de-sp","tag-cortina-de-shantung","tag-cortina-de-shantung-em-sao-paulo","tag-cortina-de-shantung-em-sp","tag-cortina-de-shantung-na-vila-leopoldina-cortina-de-shantung-em-moema","tag-cortina-de-shantung-na-zona-oeste","tag-cortina-de-shantung-na-zona-oeste-de-sao-paulo","tag-cortina-de-shantung-na-zona-oeste-de-sp","tag-cortina-de-tafeta","tag-cortina-de-tafeta-em-sao-paulo","tag-cortina-de-tafeta-em-sp","tag-cortina-de-tafeta-na-vila-leopoldina-cortina-de-tafeta-em-moema","tag-cortina-de-tafeta-na-zona-oeste","tag-cortina-de-tafeta-na-zona-oeste-de-sao-paulo","tag-cortina-de-tafeta-na-zona-oeste-de-sp","tag-cortina-de-voil","tag-cortina-de-voil-em-sao-paulo","tag-cortina-de-voil-em-sp","tag-cortina-de-voil-na-vila-leopoldina-cortina-de-voil-em-moema","tag-cortina-de-voil-na-zona-oeste","tag-cortina-de-voil-na-zona-oeste-de-sao-paulo","tag-cortina-de-voil-na-zona-oeste-de-sp","tag-cortinas-de-cetim","tag-cortinas-de-cetim-em-sao-paulo","tag-cortinas-de-cetim-em-sp","tag-cortinas-de-cetim-na-vila-leopoldina-cortinas-de-cetim-em-moema","tag-cortinas-de-cetim-na-zona-oeste","tag-cortinas-de-cetim-na-zona-oeste-de-sao-paulo","tag-cortinas-de-cetim-na-zona-oeste-de-sp","tag-cortinas-de-gaze","tag-cortinas-de-gaze-em-sao-paulo","tag-cortinas-de-gaze-em-sp","tag-cortinas-de-gaze-na-vila-leopoldina-cortinas-de-gaze-em-moema","tag-cortinas-de-gaze-na-zona-oeste","tag-cortinas-de-gaze-na-zona-oeste-de-sao-paulo","tag-cortinas-de-gaze-na-zona-oeste-de-sp","tag-cortinas-de-gorgurinho","tag-cortinas-de-gorgurinho-em-sao-paulo","tag-cortinas-de-gorgurinho-em-sp","tag-cortinas-de-gorgurinho-na-vila-leopoldina-cortinas-de-gorgurinho-em-moema","tag-cortinas-de-gorgurinho-na-zona-oeste","tag-cortinas-de-gorgurinho-na-zona-oeste-de-sao-paulo","tag-cortinas-de-gorgurinho-na-zona-oeste-de-sp","tag-cortinas-de-microfibra","tag-cortinas-de-microfibra-em-sao-paulo","tag-cortinas-de-microfibra-em-sp","tag-cortinas-de-microfibra-na-vila-leopoldina-cortinas-de-microfibra-em-moema","tag-cortinas-de-microfibra-na-zona-oeste","tag-cortinas-de-microfibra-na-zona-oeste-de-sao-paulo","tag-cortinas-de-microfibra-na-zona-oeste-de-sp","tag-cortinas-de-shantung","tag-cortinas-de-shantung-em-sao-paulo","tag-cortinas-de-shantung-em-sp","tag-cortinas-de-shantung-na-vila-leopoldina-cortinas-de-shantung-em-moema","tag-cortinas-de-shantung-na-zona-oeste","tag-cortinas-de-shantung-na-zona-oeste-de-sao-paulo","tag-cortinas-de-shantung-na-zona-oeste-de-sp","tag-cortinas-de-tafeta","tag-cortinas-de-tafeta-em-sao-paulo","tag-cortinas-de-tafeta-em-sp","tag-cortinas-de-tafeta-na-vila-leopoldina-cortinas-de-tafeta-em-moema","tag-cortinas-de-tafeta-na-zona-oeste","tag-cortinas-de-tafeta-na-zona-oeste-de-sao-paulo","tag-cortinas-de-tafeta-na-zona-oeste-de-sp","tag-cortinas-de-voil","tag-cortinas-de-voil-em-sao-paulo","tag-cortinas-de-voil-em-sp","tag-cortinas-de-voil-na-vila-leopoldina-cortinas-de-voil-em-moema","tag-cortinas-de-voil-na-zona-oeste","tag-cortinas-de-voil-na-zona-oeste-de-sao-paulo","tag-cortinas-de-voil-na-zona-oeste-de-sp"],"yoast_head":"<!-- This site is optimized with the Yoast SEO plugin v22.5 - https:\/\/yoast.com\/wordpress\/plugins\/seo\/ -->\n<title>7 materiais utilizados na fabrica\u00e7\u00e3o de cortinas na Vila Leopoldina\u00a0<\/title>\n<meta name=\"description\" content=\"Conhe\u00e7a sete materiais utilizados na fabrica\u00e7\u00e3o de cortinas na Vila Leopoldina\u00a0e veja o que faz da Altex a melhor fornecedora desses itens.\" \/>\n<meta name=\"robots\" content=\"index, follow, max-snippet:-1, max-image-preview:large, max-video-preview:-1\" \/>\n<link rel=\"canonical\" href=\"https:\/\/www.altex.com.br\/blog\/cortinas\/7-materiais-utilizados-na-fabricacao-de-cortinas-na-vila-leopoldina\/\" \/>\n<meta property=\"og:locale\" content=\"pt_BR\" \/>\n<meta property=\"og:type\" content=\"article\" \/>\n<meta property=\"og:title\" content=\"7 materiais utilizados na fabrica\u00e7\u00e3o de cortinas na Vila Leopoldina\u00a0\" \/>\n<meta property=\"og:description\" content=\"Conhe\u00e7a sete materiais utilizados na fabrica\u00e7\u00e3o de cortinas na Vila Leopoldina\u00a0e veja o que faz da Altex a melhor fornecedora desses itens.\" \/>\n<meta property=\"og:url\" content=\"https:\/\/www.altex.com.br\/blog\/cortinas\/7-materiais-utilizados-na-fabricacao-de-cortinas-na-vila-leopoldina\/\" \/>\n<meta property=\"og:site_name\" content=\"Altex\" \/>\n<meta property=\"article:published_time\" content=\"2023-04-10T15:40:44+00:00\" \/>\n<meta property=\"article:modified_time\" content=\"2023-04-10T15:47:50+00:00\" \/>\n<meta property=\"og:image\" content=\"https:\/\/www.altex.com.br\/blog\/wp-content\/uploads\/2023\/04\/Modelo_-2023-04-10T123927.595.jpg\" \/>\n\t<meta property=\"og:image:width\" content=\"515\" \/>\n\t<meta property=\"og:image:height\" content=\"367\" \/>\n\t<meta property=\"og:image:type\" content=\"image\/jpeg\" \/>\n<meta name=\"author\" content=\"admin\" \/>\n<meta name=\"twitter:card\" content=\"summary_large_image\" \/>\n<meta name=\"twitter:label1\" content=\"Escrito por\" \/>\n\t<meta name=\"twitter:data1\" content=\"admin\" \/>\n\t<meta name=\"twitter:label2\" content=\"Est. tempo de leitura\" \/>\n\t<meta name=\"twitter:data2\" content=\"3 minutos\" \/>\n<script type=\"application\/ld+json\" class=\"yoast-schema-graph\">{\"@context\":\"https:\/\/schema.org\",\"@graph\":[{\"@type\":\"Article\",\"@id\":\"https:\/\/www.altex.com.br\/blog\/cortinas\/7-materiais-utilizados-na-fabricacao-de-cortinas-na-vila-leopoldina\/#article\",\"isPartOf\":{\"@id\":\"https:\/\/www.altex.com.br\/blog\/cortinas\/7-materiais-utilizados-na-fabricacao-de-cortinas-na-vila-leopoldina\/\"},\"author\":{\"name\":\"admin\",\"@id\":\"https:\/\/www.altex.com.br\/blog\/#\/schema\/person\/3c2b4dc5fc14bfdd28a6a128d82aa511\"},\"headline\":\"7 materiais utilizados na fabrica\u00e7\u00e3o de cortinas na Vila Leopoldina\u00a0\",\"datePublished\":\"2023-04-10T15:40:44+00:00\",\"dateModified\":\"2023-04-10T15:47:50+00:00\",\"mainEntityOfPage\":{\"@id\":\"https:\/\/www.altex.com.br\/blog\/cortinas\/7-materiais-utilizados-na-fabricacao-de-cortinas-na-vila-leopoldina\/\"},\"wordCount\":503,\"commentCount\":0,\"publisher\":{\"@id\":\"https:\/\/www.altex.com.br\/blog\/#organization\"},\"image\":{\"@id\":\"https:\/\/www.altex.com.br\/blog\/cortinas\/7-materiais-utilizados-na-fabricacao-de-cortinas-na-vila-leopoldina\/#primaryimage\"},\"thumbnailUrl\":\"https:\/\/www.altex.com.br\/blog\/wp-content\/uploads\/2023\/04\/Modelo_-2023-04-10T123927.595.jpg\",\"keywords\":[\"Altex\",\"comprar cortina de cetim\",\"comprar cortina de cetim em S\u00e3o Paulo\",\"comprar cortina de cetim em SP\",\"comprar cortina de cetim na Vila Leopoldina comprar cortina de cetim em Moema\",\"comprar cortina de cetim na zona oeste\",\"comprar cortina de cetim na zona oeste de S\u00e3o Paulo\",\"comprar cortina de cetim na zona oeste de SP\",\"comprar cortina de gaze\",\"comprar cortina de gaze em S\u00e3o Paulo\",\"comprar cortina de gaze em SP\",\"comprar cortina de gaze na Vila Leopoldina comprar cortina de gaze em Moema\",\"comprar cortina de gaze na zona oeste\",\"comprar cortina de gaze na zona oeste de S\u00e3o Paulo\",\"comprar cortina de gaze na zona oeste de SP\",\"comprar cortina de gorgurinho\",\"comprar cortina de gorgurinho em S\u00e3o Paulo\",\"comprar cortina de gorgurinho em SP\",\"comprar cortina de gorgurinho na Vila Leopoldina comprar cortina de gorgurinho em Moema\",\"comprar cortina de gorgurinho na zona oeste\",\"comprar cortina de gorgurinho na zona oeste de S\u00e3o Paulo\",\"comprar cortina de gorgurinho na zona oeste de SP\",\"comprar cortina de microfibra\",\"comprar cortina de microfibra em S\u00e3o Paulo\",\"comprar cortina de microfibra em SP\",\"comprar cortina de microfibra na Vila Leopoldina comprar cortina de microfibra em Moema\",\"comprar cortina de microfibra na zona oeste\",\"comprar cortina de microfibra na zona oeste de S\u00e3o Paulo\",\"comprar cortina de microfibra na zona oeste de SP\",\"comprar cortina de shantung\",\"comprar cortina de shantung em S\u00e3o Paulo\",\"comprar cortina de shantung em SP\",\"comprar cortina de shantung na Vila Leopoldina comprar cortina de shantung em Moema\",\"comprar cortina de shantung na zona oeste\",\"comprar cortina de shantung na zona oeste de S\u00e3o Paulo\",\"comprar cortina de shantung na zona oeste de SP\",\"comprar cortina de tafet\u00e1\",\"comprar cortina de tafet\u00e1 em S\u00e3o Paulo\",\"comprar cortina de tafet\u00e1 em SP\",\"comprar cortina de tafet\u00e1 na Vila Leopoldina comprar cortina de tafet\u00e1 em Moema\",\"comprar cortina de tafet\u00e1 na zona oeste\",\"comprar cortina de tafet\u00e1 na zona oeste de S\u00e3o Paulo\",\"comprar cortina de tafet\u00e1 na zona oeste de SP\",\"comprar cortina de voil\",\"comprar cortina de voil em S\u00e3o Paulo\",\"comprar cortina de voil em SP\",\"comprar cortina de voil na Vila Leopoldina comprar cortina de voil em Moema\",\"comprar cortina de voil na zona oeste\",\"comprar cortina de voil na zona oeste de S\u00e3o Paulo\",\"comprar cortina de voil na zona oeste de SP\",\"comprar cortinas de cetim\",\"comprar cortinas de cetim em S\u00e3o Paulo\",\"comprar cortinas de cetim em SP\",\"comprar cortinas de cetim na Vila Leopoldina comprar cortinas de cetim em Moema\",\"comprar cortinas de cetim na zona oeste\",\"comprar cortinas de cetim na zona oeste de S\u00e3o Paulo\",\"comprar cortinas de cetim na zona oeste de SP\",\"comprar cortinas de gaze\",\"comprar cortinas de gaze em S\u00e3o Paulo\",\"comprar cortinas de gaze em SP\",\"comprar cortinas de gaze na Vila Leopoldina comprar cortinas de gaze em Moema\",\"comprar cortinas de gaze na zona oeste\",\"comprar cortinas de gaze na zona oeste de S\u00e3o Paulo\",\"comprar cortinas de gaze na zona oeste de SP\",\"comprar cortinas de gorgurinho\",\"comprar cortinas de gorgurinho em S\u00e3o Paulo\",\"comprar cortinas de gorgurinho em SP\",\"comprar cortinas de gorgurinho na Vila Leopoldina comprar cortinas de gorgurinho em Moema\",\"comprar cortinas de gorgurinho na zona oeste\",\"comprar cortinas de gorgurinho na zona oeste de S\u00e3o Paulo\",\"comprar cortinas de gorgurinho na zona oeste de SP\",\"comprar cortinas de microfibra\",\"comprar cortinas de microfibra em S\u00e3o Paulo\",\"comprar cortinas de microfibra em SP\",\"comprar cortinas de microfibra na Vila Leopoldina comprar cortinas de microfibra em Moema\",\"comprar cortinas de microfibra na zona oeste\",\"comprar cortinas de microfibra na zona oeste de S\u00e3o Paulo\",\"comprar cortinas de microfibra na zona oeste de SP\",\"comprar cortinas de shantung\",\"comprar cortinas de shantung em S\u00e3o Paulo\",\"comprar cortinas de shantung em SP\",\"comprar cortinas de shantung na Vila Leopoldina comprar cortinas de shantung em Moema\",\"comprar cortinas de shantung na zona oeste\",\"comprar cortinas de shantung na zona oeste de S\u00e3o Paulo\",\"comprar cortinas de shantung na zona oeste de SP\",\"comprar cortinas de tafet\u00e1\",\"comprar cortinas de tafet\u00e1 em S\u00e3o Paulo\",\"comprar cortinas de tafet\u00e1 em SP\",\"comprar cortinas de tafet\u00e1 na Vila Leopoldina comprar cortinas de tafet\u00e1 em Moema\",\"comprar cortinas de tafet\u00e1 na zona oeste\",\"comprar cortinas de tafet\u00e1 na zona oeste de S\u00e3o Paulo\",\"comprar cortinas de tafet\u00e1 na zona oeste de SP\",\"comprar cortinas de voil\",\"comprar cortinas de voil em S\u00e3o Paulo\",\"comprar cortinas de voil em SP\",\"comprar cortinas de voil na Vila Leopoldina comprar cortinas de voil em Moema\",\"comprar cortinas de voil na zona oeste\",\"comprar cortinas de voil na zona oeste de S\u00e3o Paulo\",\"comprar cortinas de voil na zona oeste de SP\",\"cortina de cetim\",\"cortina de cetim em S\u00e3o Paulo\",\"cortina de cetim em SP\",\"cortina de cetim na Vila Leopoldina cortina de cetim em Moema\",\"cortina de cetim na zona oeste\",\"cortina de cetim na zona oeste de S\u00e3o Paulo\",\"cortina de cetim na zona oeste de SP\",\"cortina de gaze\",\"cortina de gaze em S\u00e3o Paulo\",\"cortina de gaze em SP\",\"cortina de gaze na Vila Leopoldina cortina de gaze em Moema\",\"cortina de gaze na zona oeste\",\"cortina de gaze na zona oeste de S\u00e3o Paulo\",\"cortina de gaze na zona oeste de SP\",\"cortina de gorgurinho\",\"cortina de gorgurinho em S\u00e3o Paulo\",\"cortina de gorgurinho em SP\",\"cortina de gorgurinho na Vila Leopoldina cortina de gorgurinho em Moema\",\"cortina de gorgurinho na zona oeste\",\"cortina de gorgurinho na zona oeste de S\u00e3o Paulo\",\"cortina de gorgurinho na zona oeste de SP\",\"cortina de microfibra\",\"cortina de microfibra em S\u00e3o Paulo\",\"cortina de microfibra em SP\",\"cortina de microfibra na Vila Leopoldina cortina de microfibra em Moema\",\"cortina de microfibra na zona oeste\",\"cortina de microfibra na zona oeste de S\u00e3o Paulo\",\"cortina de microfibra na zona oeste de SP\",\"cortina de shantung\",\"cortina de shantung em S\u00e3o Paulo\",\"cortina de shantung em SP\",\"cortina de shantung na Vila Leopoldina cortina de shantung em Moema\",\"cortina de shantung na zona oeste\",\"cortina de shantung na zona oeste de S\u00e3o Paulo\",\"cortina de shantung na zona oeste de SP\",\"cortina de tafet\u00e1\",\"cortina de tafet\u00e1 em S\u00e3o Paulo\",\"cortina de tafet\u00e1 em SP\",\"cortina de tafet\u00e1 na Vila Leopoldina cortina de tafet\u00e1 em Moema\",\"cortina de tafet\u00e1 na zona oeste\",\"cortina de tafet\u00e1 na zona oeste de S\u00e3o Paulo\",\"cortina de tafet\u00e1 na zona oeste de SP\",\"cortina de voil\",\"cortina de voil em S\u00e3o Paulo\",\"cortina de voil em SP\",\"cortina de voil na Vila Leopoldina cortina de voil em Moema\",\"cortina de voil na zona oeste\",\"cortina de voil na zona oeste de S\u00e3o Paulo\",\"cortina de voil na zona oeste de SP\",\"cortinas de cetim\",\"cortinas de cetim em S\u00e3o Paulo\",\"cortinas de cetim em SP\",\"cortinas de cetim na Vila Leopoldina cortinas de cetim em Moema\",\"cortinas de cetim na zona oeste\",\"cortinas de cetim na zona oeste de S\u00e3o Paulo\",\"cortinas de cetim na zona oeste de SP\",\"cortinas de gaze\",\"cortinas de gaze em S\u00e3o Paulo\",\"cortinas de gaze em SP\",\"cortinas de gaze na Vila Leopoldina cortinas de gaze em Moema\",\"cortinas de gaze na zona oeste\",\"cortinas de gaze na zona oeste de S\u00e3o Paulo\",\"cortinas de gaze na zona oeste de SP\",\"cortinas de gorgurinho\",\"cortinas de gorgurinho em S\u00e3o Paulo\",\"cortinas de gorgurinho em SP\",\"cortinas de gorgurinho na Vila Leopoldina cortinas de gorgurinho em Moema\",\"cortinas de gorgurinho na zona oeste\",\"cortinas de gorgurinho na zona oeste de S\u00e3o Paulo\",\"cortinas de gorgurinho na zona oeste de SP\",\"cortinas de microfibra\",\"cortinas de microfibra em S\u00e3o Paulo\",\"cortinas de microfibra em SP\",\"cortinas de microfibra na Vila Leopoldina cortinas de microfibra em Moema\",\"cortinas de microfibra na zona oeste\",\"cortinas de microfibra na zona oeste de S\u00e3o Paulo\",\"cortinas de microfibra na zona oeste de SP\",\"cortinas de shantung\",\"cortinas de shantung em S\u00e3o Paulo\",\"cortinas de shantung em SP\",\"cortinas de shantung na Vila Leopoldina cortinas de shantung em Moema\",\"cortinas de shantung na zona oeste\",\"cortinas de shantung na zona oeste de S\u00e3o Paulo\",\"cortinas de shantung na zona oeste de SP\",\"cortinas de tafet\u00e1\",\"cortinas de tafet\u00e1 em S\u00e3o Paulo\",\"cortinas de tafet\u00e1 em SP\",\"cortinas de tafet\u00e1 na Vila Leopoldina cortinas de tafet\u00e1 em Moema\",\"cortinas de tafet\u00e1 na zona oeste\",\"cortinas de tafet\u00e1 na zona oeste de S\u00e3o Paulo\",\"cortinas de tafet\u00e1 na zona oeste de SP\",\"cortinas de voil\",\"cortinas de voil em S\u00e3o Paulo\",\"cortinas de voil em SP\",\"cortinas de voil na Vila Leopoldina cortinas de voil em Moema\",\"cortinas de voil na zona oeste\",\"cortinas de voil na zona oeste de S\u00e3o Paulo\",\"cortinas de voil na zona oeste de SP\"],\"articleSection\":[\"Cortinas\"],\"inLanguage\":\"pt-BR\",\"potentialAction\":[{\"@type\":\"CommentAction\",\"name\":\"Comment\",\"target\":[\"https:\/\/www.altex.com.br\/blog\/cortinas\/7-materiais-utilizados-na-fabricacao-de-cortinas-na-vila-leopoldina\/#respond\"]}]},{\"@type\":\"WebPage\",\"@id\":\"https:\/\/www.altex.com.br\/blog\/cortinas\/7-materiais-utilizados-na-fabricacao-de-cortinas-na-vila-leopoldina\/\",\"url\":\"https:\/\/www.altex.com.br\/blog\/cortinas\/7-materiais-utilizados-na-fabricacao-de-cortinas-na-vila-leopoldina\/\",\"name\":\"7 materiais utilizados na fabrica\u00e7\u00e3o de cortinas na Vila Leopoldina\u00a0\",\"isPartOf\":{\"@id\":\"https:\/\/www.altex.com.br\/blog\/#website\"},\"primaryImageOfPage\":{\"@id\":\"https:\/\/www.altex.com.br\/blog\/cortinas\/7-materiais-utilizados-na-fabricacao-de-cortinas-na-vila-leopoldina\/#primaryimage\"},\"image\":{\"@id\":\"https:\/\/www.altex.com.br\/blog\/cortinas\/7-materiais-utilizados-na-fabricacao-de-cortinas-na-vila-leopoldina\/#primaryimage\"},\"thumbnailUrl\":\"https:\/\/www.altex.com.br\/blog\/wp-content\/uploads\/2023\/04\/Modelo_-2023-04-10T123927.595.jpg\",\"datePublished\":\"2023-04-10T15:40:44+00:00\",\"dateModified\":\"2023-04-10T15:47:50+00:00\",\"description\":\"Conhe\u00e7a sete materiais utilizados na fabrica\u00e7\u00e3o de cortinas na Vila Leopoldina\u00a0e veja o que faz da Altex a melhor fornecedora desses itens.\",\"breadcrumb\":{\"@id\":\"https:\/\/www.altex.com.br\/blog\/cortinas\/7-materiais-utilizados-na-fabricacao-de-cortinas-na-vila-leopoldina\/#breadcrumb\"},\"inLanguage\":\"pt-BR\",\"potentialAction\":[{\"@type\":\"ReadAction\",\"target\":[\"https:\/\/www.altex.com.br\/blog\/cortinas\/7-materiais-utilizados-na-fabricacao-de-cortinas-na-vila-leopoldina\/\"]}]},{\"@type\":\"ImageObject\",\"inLanguage\":\"pt-BR\",\"@id\":\"https:\/\/www.altex.com.br\/blog\/cortinas\/7-materiais-utilizados-na-fabricacao-de-cortinas-na-vila-leopoldina\/#primaryimage\",\"url\":\"https:\/\/www.altex.com.br\/blog\/wp-content\/uploads\/2023\/04\/Modelo_-2023-04-10T123927.595.jpg\",\"contentUrl\":\"https:\/\/www.altex.com.br\/blog\/wp-content\/uploads\/2023\/04\/Modelo_-2023-04-10T123927.595.jpg\",\"width\":515,\"height\":367,\"caption\":\"fabrica\u00e7\u00e3o de cortinas na Vila Leopoldina\"},{\"@type\":\"BreadcrumbList\",\"@id\":\"https:\/\/www.altex.com.br\/blog\/cortinas\/7-materiais-utilizados-na-fabricacao-de-cortinas-na-vila-leopoldina\/#breadcrumb\",\"itemListElement\":[{\"@type\":\"ListItem\",\"position\":1,\"name\":\"In\u00edcio\",\"item\":\"https:\/\/www.altex.com.br\/blog\/\"},{\"@type\":\"ListItem\",\"position\":2,\"name\":\"7 materiais utilizados na fabrica\u00e7\u00e3o de cortinas na Vila Leopoldina\u00a0\"}]},{\"@type\":\"WebSite\",\"@id\":\"https:\/\/www.altex.com.br\/blog\/#website\",\"url\":\"https:\/\/www.altex.com.br\/blog\/\",\"name\":\"Altex\",\"description\":\"Blog\",\"publisher\":{\"@id\":\"https:\/\/www.altex.com.br\/blog\/#organization\"},\"potentialAction\":[{\"@type\":\"SearchAction\",\"target\":{\"@type\":\"EntryPoint\",\"urlTemplate\":\"https:\/\/www.altex.com.br\/blog\/?s={search_term_string}\"},\"query-input\":\"required name=search_term_string\"}],\"inLanguage\":\"pt-BR\"},{\"@type\":\"Organization\",\"@id\":\"https:\/\/www.altex.com.br\/blog\/#organization\",\"name\":\"Altex\",\"url\":\"https:\/\/www.altex.com.br\/blog\/\",\"logo\":{\"@type\":\"ImageObject\",\"inLanguage\":\"pt-BR\",\"@id\":\"https:\/\/www.altex.com.br\/blog\/#\/schema\/logo\/image\/\",\"url\":\"https:\/\/www.altex.com.br\/blog\/wp-content\/uploads\/2022\/08\/altex-logo.png\",\"contentUrl\":\"https:\/\/www.altex.com.br\/blog\/wp-content\/uploads\/2022\/08\/altex-logo.png\",\"width\":155,\"height\":98,\"caption\":\"Altex\"},\"image\":{\"@id\":\"https:\/\/www.altex.com.br\/blog\/#\/schema\/logo\/image\/\"}},{\"@type\":\"Person\",\"@id\":\"https:\/\/www.altex.com.br\/blog\/#\/schema\/person\/3c2b4dc5fc14bfdd28a6a128d82aa511\",\"name\":\"admin\",\"image\":{\"@type\":\"ImageObject\",\"inLanguage\":\"pt-BR\",\"@id\":\"https:\/\/www.altex.com.br\/blog\/#\/schema\/person\/image\/\",\"url\":\"https:\/\/secure.gravatar.com\/avatar\/3813f53848958b8842eeafda91666185a90010f65ed554379b78794cde6f234a?s=96&d=mm&r=g\",\"contentUrl\":\"https:\/\/secure.gravatar.com\/avatar\/3813f53848958b8842eeafda91666185a90010f65ed554379b78794cde6f234a?s=96&d=mm&r=g\",\"caption\":\"admin\"},\"sameAs\":[\"https:\/\/altex.com.br\/blog\"],\"url\":\"https:\/\/www.altex.com.br\/blog\/author\/admin\/\"}]}<\/script>\n<!-- \/ Yoast SEO plugin. -->","yoast_head_json":{"title":"7 materiais utilizados na fabrica\u00e7\u00e3o de cortinas na Vila Leopoldina\u00a0","description":"Conhe\u00e7a sete materiais utilizados na fabrica\u00e7\u00e3o de cortinas na Vila Leopoldina\u00a0e veja o que faz da Altex a melhor fornecedora desses itens.","robots":{"index":"index","follow":"follow","max-snippet":"max-snippet:-1","max-image-preview":"max-image-preview:large","max-video-preview":"max-video-preview:-1"},"canonical":"https:\/\/www.altex.com.br\/blog\/cortinas\/7-materiais-utilizados-na-fabricacao-de-cortinas-na-vila-leopoldina\/","og_locale":"pt_BR","og_type":"article","og_title":"7 materiais utilizados na fabrica\u00e7\u00e3o de cortinas na Vila Leopoldina\u00a0","og_description":"Conhe\u00e7a sete materiais utilizados na fabrica\u00e7\u00e3o de cortinas na Vila Leopoldina\u00a0e veja o que faz da Altex a melhor fornecedora desses itens.","og_url":"https:\/\/www.altex.com.br\/blog\/cortinas\/7-materiais-utilizados-na-fabricacao-de-cortinas-na-vila-leopoldina\/","og_site_name":"Altex","article_published_time":"2023-04-10T15:40:44+00:00","article_modified_time":"2023-04-10T15:47:50+00:00","og_image":[{"width":515,"height":367,"url":"https:\/\/www.altex.com.br\/blog\/wp-content\/uploads\/2023\/04\/Modelo_-2023-04-10T123927.595.jpg","type":"image\/jpeg"}],"author":"admin","twitter_card":"summary_large_image","twitter_misc":{"Escrito por":"admin","Est. tempo de leitura":"3 minutos"},"schema":{"@context":"https:\/\/schema.org","@graph":[{"@type":"Article","@id":"https:\/\/www.altex.com.br\/blog\/cortinas\/7-materiais-utilizados-na-fabricacao-de-cortinas-na-vila-leopoldina\/#article","isPartOf":{"@id":"https:\/\/www.altex.com.br\/blog\/cortinas\/7-materiais-utilizados-na-fabricacao-de-cortinas-na-vila-leopoldina\/"},"author":{"name":"admin","@id":"https:\/\/www.altex.com.br\/blog\/#\/schema\/person\/3c2b4dc5fc14bfdd28a6a128d82aa511"},"headline":"7 materiais utilizados na fabrica\u00e7\u00e3o de cortinas na Vila Leopoldina\u00a0","datePublished":"2023-04-10T15:40:44+00:00","dateModified":"2023-04-10T15:47:50+00:00","mainEntityOfPage":{"@id":"https:\/\/www.altex.com.br\/blog\/cortinas\/7-materiais-utilizados-na-fabricacao-de-cortinas-na-vila-leopoldina\/"},"wordCount":503,"commentCount":0,"publisher":{"@id":"https:\/\/www.altex.com.br\/blog\/#organization"},"image":{"@id":"https:\/\/www.altex.com.br\/blog\/cortinas\/7-materiais-utilizados-na-fabricacao-de-cortinas-na-vila-leopoldina\/#primaryimage"},"thumbnailUrl":"https:\/\/www.altex.com.br\/blog\/wp-content\/uploads\/2023\/04\/Modelo_-2023-04-10T123927.595.jpg","keywords":["Altex","comprar cortina de cetim","comprar cortina de cetim em S\u00e3o Paulo","comprar cortina de cetim em SP","comprar cortina de cetim na Vila Leopoldina comprar cortina de cetim em Moema","comprar cortina de cetim na zona oeste","comprar cortina de cetim na zona oeste de S\u00e3o Paulo","comprar cortina de cetim na zona oeste de SP","comprar cortina de gaze","comprar cortina de gaze em S\u00e3o Paulo","comprar cortina de gaze em SP","comprar cortina de gaze na Vila Leopoldina comprar cortina de gaze em Moema","comprar cortina de gaze na zona oeste","comprar cortina de gaze na zona oeste de S\u00e3o Paulo","comprar cortina de gaze na zona oeste de SP","comprar cortina de gorgurinho","comprar cortina de gorgurinho em S\u00e3o Paulo","comprar cortina de gorgurinho em SP","comprar cortina de gorgurinho na Vila Leopoldina comprar cortina de gorgurinho em Moema","comprar cortina de gorgurinho na zona oeste","comprar cortina de gorgurinho na zona oeste de S\u00e3o Paulo","comprar cortina de gorgurinho na zona oeste de SP","comprar cortina de microfibra","comprar cortina de microfibra em S\u00e3o Paulo","comprar cortina de microfibra em SP","comprar cortina de microfibra na Vila Leopoldina comprar cortina de microfibra em Moema","comprar cortina de microfibra na zona oeste","comprar cortina de microfibra na zona oeste de S\u00e3o Paulo","comprar cortina de microfibra na zona oeste de SP","comprar cortina de shantung","comprar cortina de shantung em S\u00e3o Paulo","comprar cortina de shantung em SP","comprar cortina de shantung na Vila Leopoldina comprar cortina de shantung em Moema","comprar cortina de shantung na zona oeste","comprar cortina de shantung na zona oeste de S\u00e3o Paulo","comprar cortina de shantung na zona oeste de SP","comprar cortina de tafet\u00e1","comprar cortina de tafet\u00e1 em S\u00e3o Paulo","comprar cortina de tafet\u00e1 em SP","comprar cortina de tafet\u00e1 na Vila Leopoldina comprar cortina de tafet\u00e1 em Moema","comprar cortina de tafet\u00e1 na zona oeste","comprar cortina de tafet\u00e1 na zona oeste de S\u00e3o Paulo","comprar cortina de tafet\u00e1 na zona oeste de SP","comprar cortina de voil","comprar cortina de voil em S\u00e3o Paulo","comprar cortina de voil em SP","comprar cortina de voil na Vila Leopoldina comprar cortina de voil em Moema","comprar cortina de voil na zona oeste","comprar cortina de voil na zona oeste de S\u00e3o Paulo","comprar cortina de voil na zona oeste de SP","comprar cortinas de cetim","comprar cortinas de cetim em S\u00e3o Paulo","comprar cortinas de cetim em SP","comprar cortinas de cetim na Vila Leopoldina comprar cortinas de cetim em Moema","comprar cortinas de cetim na zona oeste","comprar cortinas de cetim na zona oeste de S\u00e3o Paulo","comprar cortinas de cetim na zona oeste de SP","comprar cortinas de gaze","comprar cortinas de gaze em S\u00e3o Paulo","comprar cortinas de gaze em SP","comprar cortinas de gaze na Vila Leopoldina comprar cortinas de gaze em Moema","comprar cortinas de gaze na zona oeste","comprar cortinas de gaze na zona oeste de S\u00e3o Paulo","comprar cortinas de gaze na zona oeste de SP","comprar cortinas de gorgurinho","comprar cortinas de gorgurinho em S\u00e3o Paulo","comprar cortinas de gorgurinho em SP","comprar cortinas de gorgurinho na Vila Leopoldina comprar cortinas de gorgurinho em Moema","comprar cortinas de gorgurinho na zona oeste","comprar cortinas de gorgurinho na zona oeste de S\u00e3o Paulo","comprar cortinas de gorgurinho na zona oeste de SP","comprar cortinas de microfibra","comprar cortinas de microfibra em S\u00e3o Paulo","comprar cortinas de microfibra em SP","comprar cortinas de microfibra na Vila Leopoldina comprar cortinas de microfibra em Moema","comprar cortinas de microfibra na zona oeste","comprar cortinas de microfibra na zona oeste de S\u00e3o Paulo","comprar cortinas de microfibra na zona oeste de SP","comprar cortinas de shantung","comprar cortinas de shantung em S\u00e3o Paulo","comprar cortinas de shantung em SP","comprar cortinas de shantung na Vila Leopoldina comprar cortinas de shantung em Moema","comprar cortinas de shantung na zona oeste","comprar cortinas de shantung na zona oeste de S\u00e3o Paulo","comprar cortinas de shantung na zona oeste de SP","comprar cortinas de tafet\u00e1","comprar cortinas de tafet\u00e1 em S\u00e3o Paulo","comprar cortinas de tafet\u00e1 em SP","comprar cortinas de tafet\u00e1 na Vila Leopoldina comprar cortinas de tafet\u00e1 em Moema","comprar cortinas de tafet\u00e1 na zona oeste","comprar cortinas de tafet\u00e1 na zona oeste de S\u00e3o Paulo","comprar cortinas de tafet\u00e1 na zona oeste de SP","comprar cortinas de voil","comprar cortinas de voil em S\u00e3o Paulo","comprar cortinas de voil em SP","comprar cortinas de voil na Vila Leopoldina comprar cortinas de voil em Moema","comprar cortinas de voil na zona oeste","comprar cortinas de voil na zona oeste de S\u00e3o Paulo","comprar cortinas de voil na zona oeste de SP","cortina de cetim","cortina de cetim em S\u00e3o Paulo","cortina de cetim em SP","cortina de cetim na Vila Leopoldina cortina de cetim em Moema","cortina de cetim na zona oeste","cortina de cetim na zona oeste de S\u00e3o Paulo","cortina de cetim na zona oeste de SP","cortina de gaze","cortina de gaze em S\u00e3o Paulo","cortina de gaze em SP","cortina de gaze na Vila Leopoldina cortina de gaze em Moema","cortina de gaze na zona oeste","cortina de gaze na zona oeste de S\u00e3o Paulo","cortina de gaze na zona oeste de SP","cortina de gorgurinho","cortina de gorgurinho em S\u00e3o Paulo","cortina de gorgurinho em SP","cortina de gorgurinho na Vila Leopoldina cortina de gorgurinho em Moema","cortina de gorgurinho na zona oeste","cortina de gorgurinho na zona oeste de S\u00e3o Paulo","cortina de gorgurinho na zona oeste de SP","cortina de microfibra","cortina de microfibra em S\u00e3o Paulo","cortina de microfibra em SP","cortina de microfibra na Vila Leopoldina cortina de microfibra em Moema","cortina de microfibra na zona oeste","cortina de microfibra na zona oeste de S\u00e3o Paulo","cortina de microfibra na zona oeste de SP","cortina de shantung","cortina de shantung em S\u00e3o Paulo","cortina de shantung em SP","cortina de shantung na Vila Leopoldina cortina de shantung em Moema","cortina de shantung na zona oeste","cortina de shantung na zona oeste de S\u00e3o Paulo","cortina de shantung na zona oeste de SP","cortina de tafet\u00e1","cortina de tafet\u00e1 em S\u00e3o Paulo","cortina de tafet\u00e1 em SP","cortina de tafet\u00e1 na Vila Leopoldina cortina de tafet\u00e1 em Moema","cortina de tafet\u00e1 na zona oeste","cortina de tafet\u00e1 na zona oeste de S\u00e3o Paulo","cortina de tafet\u00e1 na zona oeste de SP","cortina de voil","cortina de voil em S\u00e3o Paulo","cortina de voil em SP","cortina de voil na Vila Leopoldina cortina de voil em Moema","cortina de voil na zona oeste","cortina de voil na zona oeste de S\u00e3o Paulo","cortina de voil na zona oeste de SP","cortinas de cetim","cortinas de cetim em S\u00e3o Paulo","cortinas de cetim em SP","cortinas de cetim na Vila Leopoldina cortinas de cetim em Moema","cortinas de cetim na zona oeste","cortinas de cetim na zona oeste de S\u00e3o Paulo","cortinas de cetim na zona oeste de SP","cortinas de gaze","cortinas de gaze em S\u00e3o Paulo","cortinas de gaze em SP","cortinas de gaze na Vila Leopoldina cortinas de gaze em Moema","cortinas de gaze na zona oeste","cortinas de gaze na zona oeste de S\u00e3o Paulo","cortinas de gaze na zona oeste de SP","cortinas de gorgurinho","cortinas de gorgurinho em S\u00e3o Paulo","cortinas de gorgurinho em SP","cortinas de gorgurinho na Vila Leopoldina cortinas de gorgurinho em Moema","cortinas de gorgurinho na zona oeste","cortinas de gorgurinho na zona oeste de S\u00e3o Paulo","cortinas de gorgurinho na zona oeste de SP","cortinas de microfibra","cortinas de microfibra em S\u00e3o Paulo","cortinas de microfibra em SP","cortinas de microfibra na Vila Leopoldina cortinas de microfibra em Moema","cortinas de microfibra na zona oeste","cortinas de microfibra na zona oeste de S\u00e3o Paulo","cortinas de microfibra na zona oeste de SP","cortinas de shantung","cortinas de shantung em S\u00e3o Paulo","cortinas de shantung em SP","cortinas de shantung na Vila Leopoldina cortinas de shantung em Moema","cortinas de shantung na zona oeste","cortinas de shantung na zona oeste de S\u00e3o Paulo","cortinas de shantung na zona oeste de SP","cortinas de tafet\u00e1","cortinas de tafet\u00e1 em S\u00e3o Paulo","cortinas de tafet\u00e1 em SP","cortinas de tafet\u00e1 na Vila Leopoldina cortinas de tafet\u00e1 em Moema","cortinas de tafet\u00e1 na zona oeste","cortinas de tafet\u00e1 na zona oeste de S\u00e3o Paulo","cortinas de tafet\u00e1 na zona oeste de SP","cortinas de voil","cortinas de voil em S\u00e3o Paulo","cortinas de voil em SP","cortinas de voil na Vila Leopoldina cortinas de voil em Moema","cortinas de voil na zona oeste","cortinas de voil na zona oeste de S\u00e3o Paulo","cortinas de voil na zona oeste de SP"],"articleSection":["Cortinas"],"inLanguage":"pt-BR","potentialAction":[{"@type":"CommentAction","name":"Comment","target":["https:\/\/www.altex.com.br\/blog\/cortinas\/7-materiais-utilizados-na-fabricacao-de-cortinas-na-vila-leopoldina\/#respond"]}]},{"@type":"WebPage","@id":"https:\/\/www.altex.com.br\/blog\/cortinas\/7-materiais-utilizados-na-fabricacao-de-cortinas-na-vila-leopoldina\/","url":"https:\/\/www.altex.com.br\/blog\/cortinas\/7-materiais-utilizados-na-fabricacao-de-cortinas-na-vila-leopoldina\/","name":"7 materiais utilizados na fabrica\u00e7\u00e3o de cortinas na Vila Leopoldina\u00a0","isPartOf":{"@id":"https:\/\/www.altex.com.br\/blog\/#website"},"primaryImageOfPage":{"@id":"https:\/\/www.altex.com.br\/blog\/cortinas\/7-materiais-utilizados-na-fabricacao-de-cortinas-na-vila-leopoldina\/#primaryimage"},"image":{"@id":"https:\/\/www.altex.com.br\/blog\/cortinas\/7-materiais-utilizados-na-fabricacao-de-cortinas-na-vila-leopoldina\/#primaryimage"},"thumbnailUrl":"https:\/\/www.altex.com.br\/blog\/wp-content\/uploads\/2023\/04\/Modelo_-2023-04-10T123927.595.jpg","datePublished":"2023-04-10T15:40:44+00:00","dateModified":"2023-04-10T15:47:50+00:00","description":"Conhe\u00e7a sete materiais utilizados na fabrica\u00e7\u00e3o de cortinas na Vila Leopoldina\u00a0e veja o que faz da Altex a melhor fornecedora desses itens.","breadcrumb":{"@id":"https:\/\/www.altex.com.br\/blog\/cortinas\/7-materiais-utilizados-na-fabricacao-de-cortinas-na-vila-leopoldina\/#breadcrumb"},"inLanguage":"pt-BR","potentialAction":[{"@type":"ReadAction","target":["https:\/\/www.altex.com.br\/blog\/cortinas\/7-materiais-utilizados-na-fabricacao-de-cortinas-na-vila-leopoldina\/"]}]},{"@type":"ImageObject","inLanguage":"pt-BR","@id":"https:\/\/www.altex.com.br\/blog\/cortinas\/7-materiais-utilizados-na-fabricacao-de-cortinas-na-vila-leopoldina\/#primaryimage","url":"https:\/\/www.altex.com.br\/blog\/wp-content\/uploads\/2023\/04\/Modelo_-2023-04-10T123927.595.jpg","contentUrl":"https:\/\/www.altex.com.br\/blog\/wp-content\/uploads\/2023\/04\/Modelo_-2023-04-10T123927.595.jpg","width":515,"height":367,"caption":"fabrica\u00e7\u00e3o de cortinas na Vila Leopoldina"},{"@type":"BreadcrumbList","@id":"https:\/\/www.altex.com.br\/blog\/cortinas\/7-materiais-utilizados-na-fabricacao-de-cortinas-na-vila-leopoldina\/#breadcrumb","itemListElement":[{"@type":"ListItem","position":1,"name":"In\u00edcio","item":"https:\/\/www.altex.com.br\/blog\/"},{"@type":"ListItem","position":2,"name":"7 materiais utilizados na fabrica\u00e7\u00e3o de cortinas na Vila Leopoldina\u00a0"}]},{"@type":"WebSite","@id":"https:\/\/www.altex.com.br\/blog\/#website","url":"https:\/\/www.altex.com.br\/blog\/","name":"Altex","description":"Blog","publisher":{"@id":"https:\/\/www.altex.com.br\/blog\/#organization"},"potentialAction":[{"@type":"SearchAction","target":{"@type":"EntryPoint","urlTemplate":"https:\/\/www.altex.com.br\/blog\/?s={search_term_string}"},"query-input":"required name=search_term_string"}],"inLanguage":"pt-BR"},{"@type":"Organization","@id":"https:\/\/www.altex.com.br\/blog\/#organization","name":"Altex","url":"https:\/\/www.altex.com.br\/blog\/","logo":{"@type":"ImageObject","inLanguage":"pt-BR","@id":"https:\/\/www.altex.com.br\/blog\/#\/schema\/logo\/image\/","url":"https:\/\/www.altex.com.br\/blog\/wp-content\/uploads\/2022\/08\/altex-logo.png","contentUrl":"https:\/\/www.altex.com.br\/blog\/wp-content\/uploads\/2022\/08\/altex-logo.png","width":155,"height":98,"caption":"Altex"},"image":{"@id":"https:\/\/www.altex.com.br\/blog\/#\/schema\/logo\/image\/"}},{"@type":"Person","@id":"https:\/\/www.altex.com.br\/blog\/#\/schema\/person\/3c2b4dc5fc14bfdd28a6a128d82aa511","name":"admin","image":{"@type":"ImageObject","inLanguage":"pt-BR","@id":"https:\/\/www.altex.com.br\/blog\/#\/schema\/person\/image\/","url":"https:\/\/secure.gravatar.com\/avatar\/3813f53848958b8842eeafda91666185a90010f65ed554379b78794cde6f234a?s=96&d=mm&r=g","contentUrl":"https:\/\/secure.gravatar.com\/avatar\/3813f53848958b8842eeafda91666185a90010f65ed554379b78794cde6f234a?s=96&d=mm&r=g","caption":"admin"},"sameAs":["https:\/\/altex.com.br\/blog"],"url":"https:\/\/www.altex.com.br\/blog\/author\/admin\/"}]}},"_links":{"self":[{"href":"https:\/\/www.altex.com.br\/blog\/wp-json\/wp\/v2\/posts\/83","targetHints":{"allow":["GET"]}}],"collection":[{"href":"https:\/\/www.altex.com.br\/blog\/wp-json\/wp\/v2\/posts"}],"about":[{"href":"https:\/\/www.altex.com.br\/blog\/wp-json\/wp\/v2\/types\/post"}],"author":[{"embeddable":true,"href":"https:\/\/www.altex.com.br\/blog\/wp-json\/wp\/v2\/users\/1"}],"replies":[{"embeddable":true,"href":"https:\/\/www.altex.com.br\/blog\/wp-json\/wp\/v2\/comments?post=83"}],"version-history":[{"count":1,"href":"https:\/\/www.altex.com.br\/blog\/wp-json\/wp\/v2\/posts\/83\/revisions"}],"predecessor-version":[{"id":85,"href":"https:\/\/www.altex.com.br\/blog\/wp-json\/wp\/v2\/posts\/83\/revisions\/85"}],"wp:featuredmedia":[{"embeddable":true,"href":"https:\/\/www.altex.com.br\/blog\/wp-json\/wp\/v2\/media\/84"}],"wp:attachment":[{"href":"https:\/\/www.altex.com.br\/blog\/wp-json\/wp\/v2\/media?parent=83"}],"wp:term":[{"taxonomy":"category","embeddable":true,"href":"https:\/\/www.altex.com.br\/blog\/wp-json\/wp\/v2\/categories?post=83"},{"taxonomy":"post_tag","embeddable":true,"href":"https:\/\/www.altex.com.br\/blog\/wp-json\/wp\/v2\/tags?post=83"}],"curies":[{"name":"wp","href":"https:\/\/api.w.org\/{rel}","templated":true}]}}