{"id":453,"date":"2026-03-09T12:38:43","date_gmt":"2026-03-09T12:38:43","guid":{"rendered":"https:\/\/www.altex.com.br\/blog\/?p=453"},"modified":"2026-03-09T12:41:08","modified_gmt":"2026-03-09T12:41:08","slug":"comprar-cortina-sob-medida-tendencias-que-realmente-funcionam-na-decoracao","status":"publish","type":"post","link":"https:\/\/www.altex.com.br\/blog\/cortinas\/comprar-cortina-sob-medida-tendencias-que-realmente-funcionam-na-decoracao\/","title":{"rendered":"Comprar cortina sob medida: tend\u00eancias que realmente funcionam na decora\u00e7\u00e3o"},"content":{"rendered":"<span class=\"rt-reading-time\" style=\"display: block;\"><span class=\"rt-label rt-prefix\">Tempo de leitura<\/span> <span class=\"rt-time\">5<\/span> <span class=\"rt-label rt-postfix\">minutos<\/span><\/span>\n<p class=\"has-medium-font-size\"><strong><em>Descubra tend\u00eancias de decora\u00e7\u00e3o e veja como comprar cortina sob medida pode transformar ambientes com funcionalidade, est\u00e9tica e conforto.<\/em><\/strong><\/p>\n\n\n\n<p>Comprar cortina sob medida deixou de ser apenas um detalhe decorativo e passou a ser <strong>uma escolha estrat\u00e9gica dentro dos projetos de interiores<\/strong>. A forma como a cortina se integra ao ambiente pode transformar completamente a percep\u00e7\u00e3o de espa\u00e7o, luz e conforto.<\/p>\n\n\n\n<p>Nos \u00faltimos anos, arquitetos e designers passaram a priorizar solu\u00e7\u00f5es que unem est\u00e9tica e funcionalidade. Por isso, <strong>comprar cortina sob medida se tornou uma decis\u00e3o comum em projetos bem planejados<\/strong>, principalmente quando se busca harmonia visual e melhor controle da ilumina\u00e7\u00e3o natural.<\/p>\n\n\n\n<p>Neste artigo, voc\u00ea vai entender <strong>quais tend\u00eancias realmente funcionam na decora\u00e7\u00e3o<\/strong>, quais tecidos est\u00e3o em alta e como a escolha de uma <strong>cortina sob medida pode valorizar diferentes ambientes da casa<\/strong>.<\/p>\n\n\n\n<div id=\"ez-toc-container\" class=\"ez-toc-v2_0_65 counter-hierarchy ez-toc-counter ez-toc-grey ez-toc-container-direction\">\n<div class=\"ez-toc-title-container\">\n<p class=\"ez-toc-title \" >Table of Contents<\/p>\n<span class=\"ez-toc-title-toggle\"><a href=\"#\" class=\"ez-toc-pull-right ez-toc-btn ez-toc-btn-xs ez-toc-btn-default ez-toc-toggle\" aria-label=\"Toggle Table of Content\"><span class=\"ez-toc-js-icon-con\"><span class=\"\"><span class=\"eztoc-hide\" style=\"display:none;\">Toggle<\/span><span class=\"ez-toc-icon-toggle-span\"><svg style=\"fill: #999;color:#999\" xmlns=\"http:\/\/www.w3.org\/2000\/svg\" class=\"list-377408\" width=\"20px\" height=\"20px\" viewBox=\"0 0 24 24\" fill=\"none\"><path d=\"M6 6H4v2h2V6zm14 0H8v2h12V6zM4 11h2v2H4v-2zm16 0H8v2h12v-2zM4 16h2v2H4v-2zm16 0H8v2h12v-2z\" fill=\"currentColor\"><\/path><\/svg><svg style=\"fill: #999;color:#999\" class=\"arrow-unsorted-368013\" xmlns=\"http:\/\/www.w3.org\/2000\/svg\" width=\"10px\" height=\"10px\" viewBox=\"0 0 24 24\" version=\"1.2\" baseProfile=\"tiny\"><path d=\"M18.2 9.3l-6.2-6.3-6.2 6.3c-.2.2-.3.4-.3.7s.1.5.3.7c.2.2.4.3.7.3h11c.3 0 .5-.1.7-.3.2-.2.3-.5.3-.7s-.1-.5-.3-.7zM5.8 14.7l6.2 6.3 6.2-6.3c.2-.2.3-.5.3-.7s-.1-.5-.3-.7c-.2-.2-.4-.3-.7-.3h-11c-.3 0-.5.1-.7.3-.2.2-.3.5-.3.7s.1.5.3.7z\"\/><\/svg><\/span><\/span><\/span><\/a><\/span><\/div>\n<nav><ul class='ez-toc-list ez-toc-list-level-1 ' ><li class='ez-toc-page-1 ez-toc-heading-level-2'><a class=\"ez-toc-link ez-toc-heading-1\" href=\"https:\/\/www.altex.com.br\/blog\/cortinas\/comprar-cortina-sob-medida-tendencias-que-realmente-funcionam-na-decoracao\/#Por_que_comprar_cortina_sob_medida_faz_diferenca_na_decoracao\" title=\"Por que comprar cortina sob medida faz diferen\u00e7a na decora\u00e7\u00e3o\">Por que comprar cortina sob medida faz diferen\u00e7a na decora\u00e7\u00e3o<\/a><\/li><li class='ez-toc-page-1 ez-toc-heading-level-2'><a class=\"ez-toc-link ez-toc-heading-2\" href=\"https:\/\/www.altex.com.br\/blog\/cortinas\/comprar-cortina-sob-medida-tendencias-que-realmente-funcionam-na-decoracao\/#Tecidos_naturais_estao_entre_as_principais_tendencias\" title=\"Tecidos naturais est\u00e3o entre as principais tend\u00eancias\">Tecidos naturais est\u00e3o entre as principais tend\u00eancias<\/a><\/li><li class='ez-toc-page-1 ez-toc-heading-level-2'><a class=\"ez-toc-link ez-toc-heading-3\" href=\"https:\/\/www.altex.com.br\/blog\/cortinas\/comprar-cortina-sob-medida-tendencias-que-realmente-funcionam-na-decoracao\/#Cortinas_do_teto_ao_chao_valorizam_o_ambiente\" title=\"Cortinas do teto ao ch\u00e3o valorizam o ambiente\">Cortinas do teto ao ch\u00e3o valorizam o ambiente<\/a><\/li><li class='ez-toc-page-1 ez-toc-heading-level-2'><a class=\"ez-toc-link ez-toc-heading-4\" href=\"https:\/\/www.altex.com.br\/blog\/cortinas\/comprar-cortina-sob-medida-tendencias-que-realmente-funcionam-na-decoracao\/#Modelos_minimalistas_ganham_espaco\" title=\"Modelos minimalistas ganham espa\u00e7o\">Modelos minimalistas ganham espa\u00e7o<\/a><\/li><li class='ez-toc-page-1 ez-toc-heading-level-2'><a class=\"ez-toc-link ez-toc-heading-5\" href=\"https:\/\/www.altex.com.br\/blog\/cortinas\/comprar-cortina-sob-medida-tendencias-que-realmente-funcionam-na-decoracao\/#Cortinas_blecaute_para_conforto_e_privacidade\" title=\"Cortinas blecaute para conforto e privacidade\">Cortinas blecaute para conforto e privacidade<\/a><\/li><li class='ez-toc-page-1 ez-toc-heading-level-2'><a class=\"ez-toc-link ez-toc-heading-6\" href=\"https:\/\/www.altex.com.br\/blog\/cortinas\/comprar-cortina-sob-medida-tendencias-que-realmente-funcionam-na-decoracao\/#Tipos_de_instalacao_que_acompanham_o_estilo_do_projeto\" title=\"Tipos de instala\u00e7\u00e3o que acompanham o estilo do projeto\">Tipos de instala\u00e7\u00e3o que acompanham o estilo do projeto<\/a><\/li><li class='ez-toc-page-1 ez-toc-heading-level-2'><a class=\"ez-toc-link ez-toc-heading-7\" href=\"https:\/\/www.altex.com.br\/blog\/cortinas\/comprar-cortina-sob-medida-tendencias-que-realmente-funcionam-na-decoracao\/#Comprar_cortina_sob_medida_com_a_Altex\" title=\"Comprar cortina sob medida com a Altex\">Comprar cortina sob medida com a Altex<\/a><\/li><\/ul><\/nav><\/div>\n<h2 class=\"wp-block-heading\"><span class=\"ez-toc-section\" id=\"Por_que_comprar_cortina_sob_medida_faz_diferenca_na_decoracao\"><\/span><strong>Por que comprar cortina sob medida faz diferen\u00e7a na decora\u00e7\u00e3o<\/strong><span class=\"ez-toc-section-end\"><\/span><\/h2>\n\n\n\n<p>Quando uma cortina \u00e9 feita com medidas exatas, <strong>o resultado visual muda completamente<\/strong>. O caimento fica mais elegante, o acabamento mais preciso e o ambiente ganha uma sensa\u00e7\u00e3o de organiza\u00e7\u00e3o e sofistica\u00e7\u00e3o.<\/p>\n\n\n\n<p>Ao comprar cortina sob medida, cada detalhe pode ser pensado para se adaptar ao espa\u00e7o. Isso inclui <strong>altura correta, largura proporcional e escolha de tecidos adequados para o n\u00edvel de luminosidade do ambiente<\/strong>.<\/p>\n\n\n\n<p>Outro ponto importante \u00e9 que <strong>a cortina sob medida acompanha o estilo da decora\u00e7\u00e3o<\/strong>, seja ele moderno, cl\u00e1ssico, minimalista ou r\u00fastico. Diferentemente das cortinas prontas, que muitas vezes precisam ser adaptadas, o modelo personalizado j\u00e1 nasce pensado para aquele espa\u00e7o.<\/p>\n\n\n\n<p>Al\u00e9m disso, projetos sob medida permitem integrar elementos como trilhos embutidos, var\u00f5es decorativos e diferentes tipos de pregas, garantindo um visual mais alinhado com a proposta do ambiente.<\/p>\n\n\n\n<p>Por isso, cada vez mais pessoas optam por <strong>comprar cortina sob medida quando querem unir est\u00e9tica, funcionalidade e conforto no mesmo projeto<\/strong>.<\/p>\n\n\n\n<ul class=\"wp-block-list\">\n<li><a href=\"https:\/\/www.altex.com.br\/blog\/cortinas\/melhores-tipos-de-cortina-para-quarto-pequeno-e-como-usa-los-a-seu-favor\/\">Melhores tipos de cortina para quarto pequeno e como us\u00e1-los a seu favor<\/a><\/li>\n<\/ul>\n\n\n\n<h2 class=\"wp-block-heading\"><span class=\"ez-toc-section\" id=\"Tecidos_naturais_estao_entre_as_principais_tendencias\"><\/span><strong>Tecidos naturais est\u00e3o entre as principais tend\u00eancias<\/strong><span class=\"ez-toc-section-end\"><\/span><\/h2>\n\n\n\n<p>Os tecidos t\u00eam um papel central quando o assunto \u00e9 <strong>comprar cortina sob medida<\/strong>. A escolha do material influencia diretamente no caimento, na ilumina\u00e7\u00e3o do ambiente e na sensa\u00e7\u00e3o visual que o espa\u00e7o transmite.<\/p>\n\n\n\n<p>Nos \u00faltimos anos, a decora\u00e7\u00e3o passou a valorizar materiais com apar\u00eancia mais natural e textura suave. Por isso, <strong>os tecidos naturais se tornaram uma das principais tend\u00eancias para cortina sob medida<\/strong>, principalmente em projetos que buscam eleg\u00e2ncia sem excessos.<\/p>\n\n\n\n<p>Entre as op\u00e7\u00f5es mais utilizadas atualmente, destacam-se:<\/p>\n\n\n\n<ul class=\"wp-block-list\">\n<li><strong>Linho:<\/strong> Um dos tecidos mais valorizados na decora\u00e7\u00e3o contempor\u00e2nea. O linho traz leveza, textura sofisticada e um visual elegante que combina com salas, quartos e ambientes integrados;<br><br><\/li>\n\n\n\n<li><strong>Gaze de linho:<\/strong> Muito utilizada quando se deseja um ambiente mais iluminado. Esse tecido \u00e9 leve e transl\u00facido, permitindo a entrada de luz natural de forma suave;<br><br><\/li>\n\n\n\n<li><strong>Shantung:<\/strong> Conhecido pela textura levemente irregular, o shantung cria um efeito visual sofisticado e funciona muito bem em projetos que buscam um toque cl\u00e1ssico ou elegante;<br><br><\/li>\n\n\n\n<li><strong>Jacquard:<\/strong> Ideal para quem deseja um tecido mais encorpado e decorativo. O jacquard costuma ter padr\u00f5es sutis que enriquecem o visual da cortina sem pesar no ambiente;<br><br><\/li>\n\n\n\n<li><strong>Blackout:<\/strong> Muito utilizado em quartos e salas de TV, o blackout garante <strong>maior controle da luminosidade e privacidade<\/strong>, podendo ser combinado com tecidos mais leves.<br><\/li>\n<\/ul>\n\n\n\n<p>Ao <strong>comprar cortina sob medida<\/strong>, escolher o tecido certo faz toda a diferen\u00e7a no resultado final. Cada material possui caracter\u00edsticas pr\u00f3prias de transpar\u00eancia, peso e textura, o que influencia diretamente na harmonia do ambiente.<\/p>\n\n\n\n<h2 class=\"wp-block-heading\"><span class=\"ez-toc-section\" id=\"Cortinas_do_teto_ao_chao_valorizam_o_ambiente\"><\/span><strong>Cortinas do teto ao ch\u00e3o valorizam o ambiente<\/strong><span class=\"ez-toc-section-end\"><\/span><\/h2>\n\n\n\n<p>Uma tend\u00eancia bastante utilizada em projetos de arquitetura \u00e9 a instala\u00e7\u00e3o de <strong>cortinas que v\u00e3o do teto at\u00e9 o ch\u00e3o<\/strong>. Essa solu\u00e7\u00e3o cria a sensa\u00e7\u00e3o de um p\u00e9-direito mais alto e deixa o ambiente visualmente mais amplo.<\/p>\n\n\n\n<p>Quando algu\u00e9m decide comprar cortina sob medida, essa solu\u00e7\u00e3o se torna muito mais f\u00e1cil de executar. <strong>A altura correta \u00e9 calculada para que o tecido tenha um caimento elegante<\/strong>, sem sobras ou irregularidades.<\/p>\n\n\n\n<p>Esse tipo de instala\u00e7\u00e3o tamb\u00e9m permite esconder trilhos dentro de sancas ou forros de gesso. O resultado \u00e9 <strong>um acabamento limpo, discreto e sofisticado<\/strong>.<\/p>\n\n\n\n<p>Outro ponto positivo \u00e9 que cortinas mais altas ajudam a equilibrar a propor\u00e7\u00e3o de janelas grandes. <strong>O ambiente ganha mais impon\u00eancia e eleg\u00e2ncia com essa solu\u00e7\u00e3o simples.<\/strong><\/p>\n\n\n\n<p>Por isso, a combina\u00e7\u00e3o entre <strong>cortina sob medida e instala\u00e7\u00e3o do teto ao piso se tornou uma das escolhas favoritas em projetos modernos<\/strong>.<\/p>\n\n\n\n<ul class=\"wp-block-list\">\n<li><a href=\"https:\/\/www.altex.com.br\/blog\/cortinas\/melhores-tecidos-para-cortina-guia-completo-para-escolher-sem-erro\/\">Melhores tecidos para cortina: guia completo para escolher sem erro<\/a><\/li>\n<\/ul>\n\n\n\n<h2 class=\"wp-block-heading\"><span class=\"ez-toc-section\" id=\"Modelos_minimalistas_ganham_espaco\"><\/span><strong>Modelos minimalistas ganham espa\u00e7o<\/strong><span class=\"ez-toc-section-end\"><\/span><\/h2>\n\n\n\n<p>O minimalismo continua influenciando fortemente a decora\u00e7\u00e3o. Ambientes mais leves, com menos informa\u00e7\u00e3o visual, pedem elementos que tragam equil\u00edbrio e suavidade.<\/p>\n\n\n<div class=\"wp-block-image\">\n<figure class=\"alignright size-full is-resized\"><img loading=\"lazy\" decoding=\"async\" width=\"1080\" height=\"1080\" src=\"https:\/\/www.altex.com.br\/blog\/wp-content\/uploads\/2026\/03\/cortina-com-pregas.jpg\" alt=\"Comprar cortina sob medida: tend\u00eancias que realmente funcionam na decora\u00e7\u00e3o\n\" class=\"wp-image-455\" style=\"width:267px;height:auto\"\/><\/figure>\n<\/div>\n\n\n<p>Nesse contexto, <strong>cortinas com pregas discretas e tecidos fluidos se destacam<\/strong>. Modelos como wave ou prega americana s\u00e3o bastante utilizados por arquitetos justamente por criarem um visual mais organizado.<\/p>\n\n\n\n<p>Ao comprar cortina sob medida, \u00e9 poss\u00edvel escolher o tipo de prega que melhor combina com o estilo do ambiente. <strong>Esse detalhe influencia diretamente no movimento do tecido e na est\u00e9tica do espa\u00e7o.<\/strong><\/p>\n\n\n\n<p>Al\u00e9m disso, <strong>o minimalismo valoriza o caimento perfeito da cortina<\/strong>, algo que dificilmente \u00e9 alcan\u00e7ado com modelos prontos.<\/p>\n\n\n\n<p>Essa tend\u00eancia mostra que menos pode ser mais. <strong>Uma cortina bem escolhida consegue transformar o espa\u00e7o sem competir com outros elementos da decora\u00e7\u00e3o.<\/strong><\/p>\n\n\n\n<h2 class=\"wp-block-heading\"><span class=\"ez-toc-section\" id=\"Cortinas_blecaute_para_conforto_e_privacidade\"><\/span><strong>Cortinas blecaute para conforto e privacidade<\/strong><span class=\"ez-toc-section-end\"><\/span><\/h2>\n\n\n\n<p>Entre as tend\u00eancias que unem funcionalidade e conforto, <strong>as cortinas blecaute continuam sendo uma das solu\u00e7\u00f5es mais procuradas<\/strong>.<\/p>\n\n\n\n<p>Esse tipo de cortina \u00e9 ideal para quartos, salas de TV e ambientes que precisam de controle maior da luz. <strong>O tecido bloqueia grande parte da luminosidade externa<\/strong>, garantindo privacidade e conforto visual.<\/p>\n\n\n\n<p>Ao comprar cortina sob medida, o blecaute pode ser combinado com tecidos mais leves. Essa combina\u00e7\u00e3o cria duas camadas: <strong>uma decorativa e outra funcional<\/strong>.<\/p>\n\n\n\n<p>Essa solu\u00e7\u00e3o permite adaptar a luminosidade de acordo com o momento do dia. Durante o dia, <strong>a cortina leve mant\u00e9m o ambiente iluminado<\/strong>, enquanto \u00e0 noite o blecaute garante o escurecimento necess\u00e1rio.<\/p>\n\n\n\n<p>Al\u00e9m disso, <strong>a cortina blecaute tamb\u00e9m contribui para o conforto t\u00e9rmico<\/strong>, ajudando a reduzir a entrada de calor em determinados ambientes.<\/p>\n\n\n\n<ul class=\"wp-block-list\">\n<li><a href=\"https:\/\/www.altex.com.br\/blog\/cortinas\/onde-comprar-cortinas-de-qualidade-guia-completo-para-fazer-a-escolha-certa\/\">Onde comprar cortinas de qualidade: guia completo para fazer a escolha certa<\/a><\/li>\n<\/ul>\n\n\n\n<h2 class=\"wp-block-heading\"><span class=\"ez-toc-section\" id=\"Tipos_de_instalacao_que_acompanham_o_estilo_do_projeto\"><\/span><strong>Tipos de instala\u00e7\u00e3o que acompanham o estilo do projeto<\/strong><span class=\"ez-toc-section-end\"><\/span><\/h2>\n\n\n\n<p>Outro fator que influencia diretamente na decora\u00e7\u00e3o \u00e9 o tipo de instala\u00e7\u00e3o da cortina. <strong>Trilhos e var\u00f5es tamb\u00e9m fazem parte da composi\u00e7\u00e3o est\u00e9tica do ambiente.<\/strong><\/p>\n\n\n\n<p>Trilhos embutidos s\u00e3o muito utilizados em projetos contempor\u00e2neos, especialmente quando h\u00e1 sancas ou forros de gesso. <strong>Eles criam um acabamento mais limpo e sofisticado.<\/strong><\/p>\n\n\n\n<p>J\u00e1 os var\u00f5es aparentes podem funcionar muito bem em estilos mais r\u00fasticos ou descontra\u00eddos. <strong>Modelos em madeira ou metal ajudam a compor a identidade visual do espa\u00e7o.<\/strong><\/p>\n\n\n\n<p>Quem decide comprar cortina sob medida pode escolher entre diferentes solu\u00e7\u00f5es de instala\u00e7\u00e3o, garantindo que <strong>o resultado esteja alinhado ao restante da decora\u00e7\u00e3o<\/strong>.<\/p>\n\n\n\n<p>Essa flexibilidade permite adaptar a cortina tanto a ambientes modernos quanto a projetos mais tradicionais.<\/p>\n\n\n\n<h2 class=\"wp-block-heading\"><span class=\"ez-toc-section\" id=\"Comprar_cortina_sob_medida_com_a_Altex\"><\/span><strong>Comprar cortina sob medida com a Altex<\/strong><span class=\"ez-toc-section-end\"><\/span><\/h2>\n\n\n\n<p>Para quem busca um resultado realmente harmonioso na decora\u00e7\u00e3o, <strong>comprar cortina sob medida com orienta\u00e7\u00e3o especializada faz toda a diferen\u00e7a<\/strong>.<\/p>\n\n\n\n<p>Na Altex, as cortinas s\u00e3o produzidas sob medida, <strong>respeitando as particularidades de cada espa\u00e7o e os detalhes do projeto<\/strong>. O processo come\u00e7a com uma an\u00e1lise das necessidades do ambiente e segue at\u00e9 a instala\u00e7\u00e3o final.<\/p>\n\n\n\n<p>Oferecemos <strong>uma variedade de tecidos e acabamentos<\/strong> para garantir que sua cortina complemente o espa\u00e7o e atenda \u00e0s necessidades espec\u00edficas do ambiente. Trabalhamos com materiais como <strong>gaze de linho, shantung, jacquard, gorgurinho e blackout em diferentes n\u00edveis de opacidade<\/strong>.<\/p>\n\n\n\n<p>Tamb\u00e9m \u00e9 poss\u00edvel escolher diferentes tipos de fixa\u00e7\u00e3o e modelos de pregas, como:<\/p>\n\n\n\n<ul class=\"wp-block-list\">\n<li><strong>Prega macho;<\/strong><strong><br><\/strong><\/li>\n\n\n\n<li><strong>Prega americana;<\/strong><strong><br><\/strong><\/li>\n\n\n\n<li><strong>Modelo wave.<\/strong><strong><br><\/strong><\/li>\n<\/ul>\n\n\n\n<p>Os sistemas de instala\u00e7\u00e3o tamb\u00e9m podem ser adaptados ao projeto:<\/p>\n\n\n\n<ul class=\"wp-block-list\">\n<li><strong>Trilhos aparentes ou embutidos<\/strong>, ideais para sancas e forros de gesso;<br><br><\/li>\n\n\n\n<li><strong>Var\u00f5es met\u00e1licos ou de madeira<\/strong>, perfeitos para estilos r\u00fasticos ou descontra\u00eddos;<br><br><\/li>\n\n\n\n<li><strong>Forros independentes ou costurados<\/strong>, que permitem melhor controle da luminosidade.<br><\/li>\n<\/ul>\n\n\n\n<p>Mais do que um elemento decorativo, <strong>as cortinas precisam dialogar com o espa\u00e7o e com quem vive nele<\/strong>. Por isso, o processo da Altex \u00e9 consultivo: entendemos o ambiente, avaliamos a incid\u00eancia de luz e indicamos as solu\u00e7\u00f5es mais adequadas.<\/p>\n\n\n\n<p><strong>Nosso trabalho come\u00e7a antes da confec\u00e7\u00e3o e termina apenas quando a cortina est\u00e1 instalada com o acabamento perfeito.<\/strong><\/p>\n\n\n\n<p>Se voc\u00ea deseja transformar seu ambiente com eleg\u00e2ncia, funcionalidade e um acabamento impec\u00e1vel, <strong><a href=\"https:\/\/www.altex.com.br\/contato\">entre em contato com a Altex e descubra o modelo ideal para o seu projeto<\/a>.<\/strong><\/p>\n","protected":false},"excerpt":{"rendered":"<p><span class=\"rt-reading-time\" style=\"display: block;\"><span class=\"rt-label rt-prefix\">Tempo de leitura<\/span> <span class=\"rt-time\">5<\/span> <span class=\"rt-label rt-postfix\">minutos<\/span><\/span> Descubra tend\u00eancias de decora\u00e7\u00e3o e veja como comprar cortina sob medida pode transformar ambientes com funcionalidade, est\u00e9tica e conforto. Comprar cortina sob medida deixou de ser apenas um detalhe decorativo e passou a ser uma escolha estrat\u00e9gica dentro dos projetos de interiores. A forma como a cortina se integra ao ambiente pode transformar completamente a &hellip; <\/p>\n","protected":false},"author":1,"featured_media":454,"comment_status":"open","ping_status":"open","sticky":false,"template":"","format":"standard","meta":{"footnotes":""},"categories":[10],"tags":[5167,5172,5145,5165,5178,5151,5171,5164,5160,5152,5153,5173,5184,5163,5157,5204,5199,5205,5200,5202,5186,5201,5206,5203,30,29,5156,5174,5158,5148,5190,5193,5198,28,5196,5189,5195,32,5191,5197,5194,5192,5183,5169,5159,5162,5147,5146,5170,5161,5187,5177,5176,5185,5155,5188,5179,5154,5180,5181,5182,5175,5168,5166,5150,5149],"class_list":["post-453","post","type-post","status-publish","format-standard","has-post-thumbnail","hentry","category-cortinas","tag-como-escolher-cortina-sob-medida","tag-como-medir-janela-para-cortina-sob-medida","tag-comprar-cortina-sob-medida","tag-comprar-cortina-sob-medida-vale-a-pena","tag-cortina-sob-medida-ajuda-no-controle-de-luz","tag-cortina-sob-medida-com-blackout","tag-cortina-sob-medida-com-blackout-funciona","tag-cortina-sob-medida-com-bom-caimento","tag-cortina-sob-medida-com-forro","tag-cortina-sob-medida-com-trilho","tag-cortina-sob-medida-com-varao","tag-cortina-sob-medida-combina-com-apartamento","tag-cortina-sob-medida-comprar","tag-cortina-sob-medida-decorativa","tag-cortina-sob-medida-elegante","tag-cortina-sob-medida-em-diadema","tag-cortina-sob-medida-em-guarulhos","tag-cortina-sob-medida-em-osasco","tag-cortina-sob-medida-em-perdizes","tag-cortina-sob-medida-em-pinheiros","tag-cortina-sob-medida-em-promocao","tag-cortina-sob-medida-em-santo-andre","tag-cortina-sob-medida-em-sao-bernardo","tag-cortina-sob-medida-em-sao-caetano","tag-cortina-sob-medida-em-sao-paulo","tag-cortina-sob-medida-em-sp","tag-cortina-sob-medida-linho","tag-cortina-sob-medida-melhora-a-decoracao","tag-cortina-sob-medida-minimalista","tag-cortina-sob-medida-moderna","tag-cortina-sob-medida-na-agua-branca","tag-cortina-sob-medida-na-lapa","tag-cortina-sob-medida-na-vila-anastacio","tag-cortina-sob-medida-na-vila-leopoldina","tag-cortina-sob-medida-na-vila-romana","tag-cortina-sob-medida-na-zona-leste","tag-cortina-sob-medida-na-zona-norte","tag-cortina-sob-medida-na-zona-oeste","tag-cortina-sob-medida-na-zona-sul","tag-cortina-sob-medida-no-abc","tag-cortina-sob-medida-no-centro","tag-cortina-sob-medida-no-jaguare","tag-cortina-sob-medida-onde-encontrar","tag-cortina-sob-medida-ou-pronta-qual-escolher","tag-cortina-sob-medida-para-apartamento","tag-cortina-sob-medida-para-janela-grande","tag-cortina-sob-medida-para-quarto","tag-cortina-sob-medida-para-sala","tag-cortina-sob-medida-para-sala-moderna","tag-cortina-sob-medida-personalizada","tag-cortina-sob-medida-perto-de-mim","tag-cortina-sob-medida-pode-usar-varao","tag-cortina-sob-medida-precisa-de-trilho","tag-cortina-sob-medida-preco","tag-cortina-sob-medida-prega-americana","tag-cortina-sob-medida-proximo-a-mim","tag-cortina-sob-medida-qual-modelo-escolher","tag-cortina-sob-medida-wave","tag-empresa-de-cortina-sob-medida","tag-fornecedor-de-cortina-sob-medida","tag-loja-de-cortina-sob-medida","tag-quais-tecidos-sao-usados-em-cortina-sob-medida","tag-qual-tecido-escolher-para-cortina-sob-medida","tag-quanto-custa-comprar-cortina-sob-medida","tag-tecidos-para-cortina-sob-medida","tag-tendencias-de-cortinas-para-decoracao"],"yoast_head":"<!-- This site is optimized with the Yoast SEO plugin v22.5 - https:\/\/yoast.com\/wordpress\/plugins\/seo\/ -->\n<title>Comprar cortina sob medida: tend\u00eancias que realmente funcionam na decora\u00e7\u00e3o - Altex<\/title>\n<meta name=\"description\" content=\"Descubra tend\u00eancias de decora\u00e7\u00e3o e veja como comprar cortina sob medida pode transformar ambientes com funcionalidade, est\u00e9tica e conforto.\" \/>\n<meta name=\"robots\" content=\"index, follow, max-snippet:-1, max-image-preview:large, max-video-preview:-1\" \/>\n<link rel=\"canonical\" href=\"https:\/\/www.altex.com.br\/blog\/cortinas\/comprar-cortina-sob-medida-tendencias-que-realmente-funcionam-na-decoracao\/\" \/>\n<meta property=\"og:locale\" content=\"pt_BR\" \/>\n<meta property=\"og:type\" content=\"article\" \/>\n<meta property=\"og:title\" content=\"Comprar cortina sob medida: tend\u00eancias que realmente funcionam na decora\u00e7\u00e3o - Altex\" \/>\n<meta property=\"og:description\" content=\"Descubra tend\u00eancias de decora\u00e7\u00e3o e veja como comprar cortina sob medida pode transformar ambientes com funcionalidade, est\u00e9tica e conforto.\" \/>\n<meta property=\"og:url\" content=\"https:\/\/www.altex.com.br\/blog\/cortinas\/comprar-cortina-sob-medida-tendencias-que-realmente-funcionam-na-decoracao\/\" \/>\n<meta property=\"og:site_name\" content=\"Altex\" \/>\n<meta property=\"article:published_time\" content=\"2026-03-09T12:38:43+00:00\" \/>\n<meta property=\"article:modified_time\" content=\"2026-03-09T12:41:08+00:00\" \/>\n<meta property=\"og:image\" content=\"https:\/\/www.altex.com.br\/blog\/wp-content\/uploads\/2026\/03\/cortina.png\" \/>\n\t<meta property=\"og:image:width\" content=\"712\" \/>\n\t<meta property=\"og:image:height\" content=\"390\" \/>\n\t<meta property=\"og:image:type\" content=\"image\/png\" \/>\n<meta name=\"author\" content=\"admin\" \/>\n<meta name=\"twitter:card\" content=\"summary_large_image\" \/>\n<meta name=\"twitter:label1\" content=\"Escrito por\" \/>\n\t<meta name=\"twitter:data1\" content=\"admin\" \/>\n\t<meta name=\"twitter:label2\" content=\"Est. tempo de leitura\" \/>\n\t<meta name=\"twitter:data2\" content=\"8 minutos\" \/>\n<script type=\"application\/ld+json\" class=\"yoast-schema-graph\">{\"@context\":\"https:\/\/schema.org\",\"@graph\":[{\"@type\":\"Article\",\"@id\":\"https:\/\/www.altex.com.br\/blog\/cortinas\/comprar-cortina-sob-medida-tendencias-que-realmente-funcionam-na-decoracao\/#article\",\"isPartOf\":{\"@id\":\"https:\/\/www.altex.com.br\/blog\/cortinas\/comprar-cortina-sob-medida-tendencias-que-realmente-funcionam-na-decoracao\/\"},\"author\":{\"name\":\"admin\",\"@id\":\"https:\/\/www.altex.com.br\/blog\/#\/schema\/person\/3c2b4dc5fc14bfdd28a6a128d82aa511\"},\"headline\":\"Comprar cortina sob medida: tend\u00eancias que realmente funcionam na decora\u00e7\u00e3o\",\"datePublished\":\"2026-03-09T12:38:43+00:00\",\"dateModified\":\"2026-03-09T12:41:08+00:00\",\"mainEntityOfPage\":{\"@id\":\"https:\/\/www.altex.com.br\/blog\/cortinas\/comprar-cortina-sob-medida-tendencias-que-realmente-funcionam-na-decoracao\/\"},\"wordCount\":1501,\"commentCount\":0,\"publisher\":{\"@id\":\"https:\/\/www.altex.com.br\/blog\/#organization\"},\"image\":{\"@id\":\"https:\/\/www.altex.com.br\/blog\/cortinas\/comprar-cortina-sob-medida-tendencias-que-realmente-funcionam-na-decoracao\/#primaryimage\"},\"thumbnailUrl\":\"https:\/\/www.altex.com.br\/blog\/wp-content\/uploads\/2026\/03\/cortina.png\",\"keywords\":[\"como escolher cortina sob medida\",\"como medir janela para cortina sob medida\",\"comprar cortina sob medida\",\"comprar cortina sob medida vale a pena\",\"cortina sob medida ajuda no controle de luz\",\"cortina sob medida com blackout\",\"cortina sob medida com blackout funciona\",\"cortina sob medida com bom caimento\",\"cortina sob medida com forro\",\"cortina sob medida com trilho\",\"cortina sob medida com var\u00e3o\",\"cortina sob medida combina com apartamento\",\"cortina sob medida comprar\",\"cortina sob medida decorativa\",\"cortina sob medida elegante\",\"cortina sob medida em Diadema\",\"cortina sob medida em Guarulhos\",\"cortina sob medida em Osasco\",\"cortina sob medida em Perdizes\",\"cortina sob medida em Pinheiros\",\"cortina sob medida em promo\u00e7\u00e3o\",\"cortina sob medida em Santo Andr\u00e9\",\"cortina sob medida em S\u00e3o Bernardo\",\"cortina sob medida em S\u00e3o Caetano\",\"cortina sob medida em S\u00e3o Paulo\",\"cortina sob medida em SP\",\"cortina sob medida linho\",\"cortina sob medida melhora a decora\u00e7\u00e3o\",\"cortina sob medida minimalista\",\"cortina sob medida moderna\",\"cortina sob medida na \u00c1gua Branca\",\"cortina sob medida na Lapa\",\"cortina sob medida na Vila Anast\u00e1cio\",\"cortina sob medida na Vila Leopoldina\",\"cortina sob medida na Vila Romana\",\"cortina sob medida na zona leste\",\"cortina sob medida na zona norte\",\"cortina sob medida na zona oeste\",\"cortina sob medida na zona sul\",\"cortina sob medida no ABC\",\"cortina sob medida no centro\",\"cortina sob medida no Jaguar\u00e9\",\"cortina sob medida onde encontrar\",\"cortina sob medida ou pronta qual escolher\",\"cortina sob medida para apartamento\",\"cortina sob medida para janela grande\",\"cortina sob medida para quarto\",\"cortina sob medida para sala\",\"cortina sob medida para sala moderna\",\"cortina sob medida personalizada\",\"cortina sob medida perto de mim\",\"cortina sob medida pode usar var\u00e3o\",\"cortina sob medida precisa de trilho\",\"cortina sob medida pre\u00e7o\",\"cortina sob medida prega americana\",\"cortina sob medida pr\u00f3ximo a mim\",\"cortina sob medida qual modelo escolher\",\"cortina sob medida wave\",\"empresa de cortina sob medida\",\"fornecedor de cortina sob medida\",\"loja de cortina sob medida\",\"quais tecidos s\u00e3o usados em cortina sob medida\",\"qual tecido escolher para cortina sob medida\",\"quanto custa comprar cortina sob medida\",\"tecidos para cortina sob medida\",\"tend\u00eancias de cortinas para decora\u00e7\u00e3o\"],\"articleSection\":[\"Cortinas\"],\"inLanguage\":\"pt-BR\",\"potentialAction\":[{\"@type\":\"CommentAction\",\"name\":\"Comment\",\"target\":[\"https:\/\/www.altex.com.br\/blog\/cortinas\/comprar-cortina-sob-medida-tendencias-que-realmente-funcionam-na-decoracao\/#respond\"]}]},{\"@type\":\"WebPage\",\"@id\":\"https:\/\/www.altex.com.br\/blog\/cortinas\/comprar-cortina-sob-medida-tendencias-que-realmente-funcionam-na-decoracao\/\",\"url\":\"https:\/\/www.altex.com.br\/blog\/cortinas\/comprar-cortina-sob-medida-tendencias-que-realmente-funcionam-na-decoracao\/\",\"name\":\"Comprar cortina sob medida: tend\u00eancias que realmente funcionam na decora\u00e7\u00e3o - Altex\",\"isPartOf\":{\"@id\":\"https:\/\/www.altex.com.br\/blog\/#website\"},\"primaryImageOfPage\":{\"@id\":\"https:\/\/www.altex.com.br\/blog\/cortinas\/comprar-cortina-sob-medida-tendencias-que-realmente-funcionam-na-decoracao\/#primaryimage\"},\"image\":{\"@id\":\"https:\/\/www.altex.com.br\/blog\/cortinas\/comprar-cortina-sob-medida-tendencias-que-realmente-funcionam-na-decoracao\/#primaryimage\"},\"thumbnailUrl\":\"https:\/\/www.altex.com.br\/blog\/wp-content\/uploads\/2026\/03\/cortina.png\",\"datePublished\":\"2026-03-09T12:38:43+00:00\",\"dateModified\":\"2026-03-09T12:41:08+00:00\",\"description\":\"Descubra tend\u00eancias de decora\u00e7\u00e3o e veja como comprar cortina sob medida pode transformar ambientes com funcionalidade, est\u00e9tica e conforto.\",\"breadcrumb\":{\"@id\":\"https:\/\/www.altex.com.br\/blog\/cortinas\/comprar-cortina-sob-medida-tendencias-que-realmente-funcionam-na-decoracao\/#breadcrumb\"},\"inLanguage\":\"pt-BR\",\"potentialAction\":[{\"@type\":\"ReadAction\",\"target\":[\"https:\/\/www.altex.com.br\/blog\/cortinas\/comprar-cortina-sob-medida-tendencias-que-realmente-funcionam-na-decoracao\/\"]}]},{\"@type\":\"ImageObject\",\"inLanguage\":\"pt-BR\",\"@id\":\"https:\/\/www.altex.com.br\/blog\/cortinas\/comprar-cortina-sob-medida-tendencias-que-realmente-funcionam-na-decoracao\/#primaryimage\",\"url\":\"https:\/\/www.altex.com.br\/blog\/wp-content\/uploads\/2026\/03\/cortina.png\",\"contentUrl\":\"https:\/\/www.altex.com.br\/blog\/wp-content\/uploads\/2026\/03\/cortina.png\",\"width\":712,\"height\":390,\"caption\":\"Comprar cortina sob medida: tend\u00eancias que realmente funcionam na decora\u00e7\u00e3o\"},{\"@type\":\"BreadcrumbList\",\"@id\":\"https:\/\/www.altex.com.br\/blog\/cortinas\/comprar-cortina-sob-medida-tendencias-que-realmente-funcionam-na-decoracao\/#breadcrumb\",\"itemListElement\":[{\"@type\":\"ListItem\",\"position\":1,\"name\":\"In\u00edcio\",\"item\":\"https:\/\/www.altex.com.br\/blog\/\"},{\"@type\":\"ListItem\",\"position\":2,\"name\":\"Comprar cortina sob medida: tend\u00eancias que realmente funcionam na decora\u00e7\u00e3o\"}]},{\"@type\":\"WebSite\",\"@id\":\"https:\/\/www.altex.com.br\/blog\/#website\",\"url\":\"https:\/\/www.altex.com.br\/blog\/\",\"name\":\"Altex\",\"description\":\"Blog\",\"publisher\":{\"@id\":\"https:\/\/www.altex.com.br\/blog\/#organization\"},\"potentialAction\":[{\"@type\":\"SearchAction\",\"target\":{\"@type\":\"EntryPoint\",\"urlTemplate\":\"https:\/\/www.altex.com.br\/blog\/?s={search_term_string}\"},\"query-input\":\"required name=search_term_string\"}],\"inLanguage\":\"pt-BR\"},{\"@type\":\"Organization\",\"@id\":\"https:\/\/www.altex.com.br\/blog\/#organization\",\"name\":\"Altex\",\"url\":\"https:\/\/www.altex.com.br\/blog\/\",\"logo\":{\"@type\":\"ImageObject\",\"inLanguage\":\"pt-BR\",\"@id\":\"https:\/\/www.altex.com.br\/blog\/#\/schema\/logo\/image\/\",\"url\":\"https:\/\/www.altex.com.br\/blog\/wp-content\/uploads\/2022\/08\/altex-logo.png\",\"contentUrl\":\"https:\/\/www.altex.com.br\/blog\/wp-content\/uploads\/2022\/08\/altex-logo.png\",\"width\":155,\"height\":98,\"caption\":\"Altex\"},\"image\":{\"@id\":\"https:\/\/www.altex.com.br\/blog\/#\/schema\/logo\/image\/\"}},{\"@type\":\"Person\",\"@id\":\"https:\/\/www.altex.com.br\/blog\/#\/schema\/person\/3c2b4dc5fc14bfdd28a6a128d82aa511\",\"name\":\"admin\",\"image\":{\"@type\":\"ImageObject\",\"inLanguage\":\"pt-BR\",\"@id\":\"https:\/\/www.altex.com.br\/blog\/#\/schema\/person\/image\/\",\"url\":\"https:\/\/secure.gravatar.com\/avatar\/3813f53848958b8842eeafda91666185a90010f65ed554379b78794cde6f234a?s=96&d=mm&r=g\",\"contentUrl\":\"https:\/\/secure.gravatar.com\/avatar\/3813f53848958b8842eeafda91666185a90010f65ed554379b78794cde6f234a?s=96&d=mm&r=g\",\"caption\":\"admin\"},\"sameAs\":[\"https:\/\/altex.com.br\/blog\"],\"url\":\"https:\/\/www.altex.com.br\/blog\/author\/admin\/\"}]}<\/script>\n<!-- \/ Yoast SEO plugin. -->","yoast_head_json":{"title":"Comprar cortina sob medida: tend\u00eancias que realmente funcionam na decora\u00e7\u00e3o - Altex","description":"Descubra tend\u00eancias de decora\u00e7\u00e3o e veja como comprar cortina sob medida pode transformar ambientes com funcionalidade, est\u00e9tica e conforto.","robots":{"index":"index","follow":"follow","max-snippet":"max-snippet:-1","max-image-preview":"max-image-preview:large","max-video-preview":"max-video-preview:-1"},"canonical":"https:\/\/www.altex.com.br\/blog\/cortinas\/comprar-cortina-sob-medida-tendencias-que-realmente-funcionam-na-decoracao\/","og_locale":"pt_BR","og_type":"article","og_title":"Comprar cortina sob medida: tend\u00eancias que realmente funcionam na decora\u00e7\u00e3o - Altex","og_description":"Descubra tend\u00eancias de decora\u00e7\u00e3o e veja como comprar cortina sob medida pode transformar ambientes com funcionalidade, est\u00e9tica e conforto.","og_url":"https:\/\/www.altex.com.br\/blog\/cortinas\/comprar-cortina-sob-medida-tendencias-que-realmente-funcionam-na-decoracao\/","og_site_name":"Altex","article_published_time":"2026-03-09T12:38:43+00:00","article_modified_time":"2026-03-09T12:41:08+00:00","og_image":[{"width":712,"height":390,"url":"https:\/\/www.altex.com.br\/blog\/wp-content\/uploads\/2026\/03\/cortina.png","type":"image\/png"}],"author":"admin","twitter_card":"summary_large_image","twitter_misc":{"Escrito por":"admin","Est. tempo de leitura":"8 minutos"},"schema":{"@context":"https:\/\/schema.org","@graph":[{"@type":"Article","@id":"https:\/\/www.altex.com.br\/blog\/cortinas\/comprar-cortina-sob-medida-tendencias-que-realmente-funcionam-na-decoracao\/#article","isPartOf":{"@id":"https:\/\/www.altex.com.br\/blog\/cortinas\/comprar-cortina-sob-medida-tendencias-que-realmente-funcionam-na-decoracao\/"},"author":{"name":"admin","@id":"https:\/\/www.altex.com.br\/blog\/#\/schema\/person\/3c2b4dc5fc14bfdd28a6a128d82aa511"},"headline":"Comprar cortina sob medida: tend\u00eancias que realmente funcionam na decora\u00e7\u00e3o","datePublished":"2026-03-09T12:38:43+00:00","dateModified":"2026-03-09T12:41:08+00:00","mainEntityOfPage":{"@id":"https:\/\/www.altex.com.br\/blog\/cortinas\/comprar-cortina-sob-medida-tendencias-que-realmente-funcionam-na-decoracao\/"},"wordCount":1501,"commentCount":0,"publisher":{"@id":"https:\/\/www.altex.com.br\/blog\/#organization"},"image":{"@id":"https:\/\/www.altex.com.br\/blog\/cortinas\/comprar-cortina-sob-medida-tendencias-que-realmente-funcionam-na-decoracao\/#primaryimage"},"thumbnailUrl":"https:\/\/www.altex.com.br\/blog\/wp-content\/uploads\/2026\/03\/cortina.png","keywords":["como escolher cortina sob medida","como medir janela para cortina sob medida","comprar cortina sob medida","comprar cortina sob medida vale a pena","cortina sob medida ajuda no controle de luz","cortina sob medida com blackout","cortina sob medida com blackout funciona","cortina sob medida com bom caimento","cortina sob medida com forro","cortina sob medida com trilho","cortina sob medida com var\u00e3o","cortina sob medida combina com apartamento","cortina sob medida comprar","cortina sob medida decorativa","cortina sob medida elegante","cortina sob medida em Diadema","cortina sob medida em Guarulhos","cortina sob medida em Osasco","cortina sob medida em Perdizes","cortina sob medida em Pinheiros","cortina sob medida em promo\u00e7\u00e3o","cortina sob medida em Santo Andr\u00e9","cortina sob medida em S\u00e3o Bernardo","cortina sob medida em S\u00e3o Caetano","cortina sob medida em S\u00e3o Paulo","cortina sob medida em SP","cortina sob medida linho","cortina sob medida melhora a decora\u00e7\u00e3o","cortina sob medida minimalista","cortina sob medida moderna","cortina sob medida na \u00c1gua Branca","cortina sob medida na Lapa","cortina sob medida na Vila Anast\u00e1cio","cortina sob medida na Vila Leopoldina","cortina sob medida na Vila Romana","cortina sob medida na zona leste","cortina sob medida na zona norte","cortina sob medida na zona oeste","cortina sob medida na zona sul","cortina sob medida no ABC","cortina sob medida no centro","cortina sob medida no Jaguar\u00e9","cortina sob medida onde encontrar","cortina sob medida ou pronta qual escolher","cortina sob medida para apartamento","cortina sob medida para janela grande","cortina sob medida para quarto","cortina sob medida para sala","cortina sob medida para sala moderna","cortina sob medida personalizada","cortina sob medida perto de mim","cortina sob medida pode usar var\u00e3o","cortina sob medida precisa de trilho","cortina sob medida pre\u00e7o","cortina sob medida prega americana","cortina sob medida pr\u00f3ximo a mim","cortina sob medida qual modelo escolher","cortina sob medida wave","empresa de cortina sob medida","fornecedor de cortina sob medida","loja de cortina sob medida","quais tecidos s\u00e3o usados em cortina sob medida","qual tecido escolher para cortina sob medida","quanto custa comprar cortina sob medida","tecidos para cortina sob medida","tend\u00eancias de cortinas para decora\u00e7\u00e3o"],"articleSection":["Cortinas"],"inLanguage":"pt-BR","potentialAction":[{"@type":"CommentAction","name":"Comment","target":["https:\/\/www.altex.com.br\/blog\/cortinas\/comprar-cortina-sob-medida-tendencias-que-realmente-funcionam-na-decoracao\/#respond"]}]},{"@type":"WebPage","@id":"https:\/\/www.altex.com.br\/blog\/cortinas\/comprar-cortina-sob-medida-tendencias-que-realmente-funcionam-na-decoracao\/","url":"https:\/\/www.altex.com.br\/blog\/cortinas\/comprar-cortina-sob-medida-tendencias-que-realmente-funcionam-na-decoracao\/","name":"Comprar cortina sob medida: tend\u00eancias que realmente funcionam na decora\u00e7\u00e3o - Altex","isPartOf":{"@id":"https:\/\/www.altex.com.br\/blog\/#website"},"primaryImageOfPage":{"@id":"https:\/\/www.altex.com.br\/blog\/cortinas\/comprar-cortina-sob-medida-tendencias-que-realmente-funcionam-na-decoracao\/#primaryimage"},"image":{"@id":"https:\/\/www.altex.com.br\/blog\/cortinas\/comprar-cortina-sob-medida-tendencias-que-realmente-funcionam-na-decoracao\/#primaryimage"},"thumbnailUrl":"https:\/\/www.altex.com.br\/blog\/wp-content\/uploads\/2026\/03\/cortina.png","datePublished":"2026-03-09T12:38:43+00:00","dateModified":"2026-03-09T12:41:08+00:00","description":"Descubra tend\u00eancias de decora\u00e7\u00e3o e veja como comprar cortina sob medida pode transformar ambientes com funcionalidade, est\u00e9tica e conforto.","breadcrumb":{"@id":"https:\/\/www.altex.com.br\/blog\/cortinas\/comprar-cortina-sob-medida-tendencias-que-realmente-funcionam-na-decoracao\/#breadcrumb"},"inLanguage":"pt-BR","potentialAction":[{"@type":"ReadAction","target":["https:\/\/www.altex.com.br\/blog\/cortinas\/comprar-cortina-sob-medida-tendencias-que-realmente-funcionam-na-decoracao\/"]}]},{"@type":"ImageObject","inLanguage":"pt-BR","@id":"https:\/\/www.altex.com.br\/blog\/cortinas\/comprar-cortina-sob-medida-tendencias-que-realmente-funcionam-na-decoracao\/#primaryimage","url":"https:\/\/www.altex.com.br\/blog\/wp-content\/uploads\/2026\/03\/cortina.png","contentUrl":"https:\/\/www.altex.com.br\/blog\/wp-content\/uploads\/2026\/03\/cortina.png","width":712,"height":390,"caption":"Comprar cortina sob medida: tend\u00eancias que realmente funcionam na decora\u00e7\u00e3o"},{"@type":"BreadcrumbList","@id":"https:\/\/www.altex.com.br\/blog\/cortinas\/comprar-cortina-sob-medida-tendencias-que-realmente-funcionam-na-decoracao\/#breadcrumb","itemListElement":[{"@type":"ListItem","position":1,"name":"In\u00edcio","item":"https:\/\/www.altex.com.br\/blog\/"},{"@type":"ListItem","position":2,"name":"Comprar cortina sob medida: tend\u00eancias que realmente funcionam na decora\u00e7\u00e3o"}]},{"@type":"WebSite","@id":"https:\/\/www.altex.com.br\/blog\/#website","url":"https:\/\/www.altex.com.br\/blog\/","name":"Altex","description":"Blog","publisher":{"@id":"https:\/\/www.altex.com.br\/blog\/#organization"},"potentialAction":[{"@type":"SearchAction","target":{"@type":"EntryPoint","urlTemplate":"https:\/\/www.altex.com.br\/blog\/?s={search_term_string}"},"query-input":"required name=search_term_string"}],"inLanguage":"pt-BR"},{"@type":"Organization","@id":"https:\/\/www.altex.com.br\/blog\/#organization","name":"Altex","url":"https:\/\/www.altex.com.br\/blog\/","logo":{"@type":"ImageObject","inLanguage":"pt-BR","@id":"https:\/\/www.altex.com.br\/blog\/#\/schema\/logo\/image\/","url":"https:\/\/www.altex.com.br\/blog\/wp-content\/uploads\/2022\/08\/altex-logo.png","contentUrl":"https:\/\/www.altex.com.br\/blog\/wp-content\/uploads\/2022\/08\/altex-logo.png","width":155,"height":98,"caption":"Altex"},"image":{"@id":"https:\/\/www.altex.com.br\/blog\/#\/schema\/logo\/image\/"}},{"@type":"Person","@id":"https:\/\/www.altex.com.br\/blog\/#\/schema\/person\/3c2b4dc5fc14bfdd28a6a128d82aa511","name":"admin","image":{"@type":"ImageObject","inLanguage":"pt-BR","@id":"https:\/\/www.altex.com.br\/blog\/#\/schema\/person\/image\/","url":"https:\/\/secure.gravatar.com\/avatar\/3813f53848958b8842eeafda91666185a90010f65ed554379b78794cde6f234a?s=96&d=mm&r=g","contentUrl":"https:\/\/secure.gravatar.com\/avatar\/3813f53848958b8842eeafda91666185a90010f65ed554379b78794cde6f234a?s=96&d=mm&r=g","caption":"admin"},"sameAs":["https:\/\/altex.com.br\/blog"],"url":"https:\/\/www.altex.com.br\/blog\/author\/admin\/"}]}},"_links":{"self":[{"href":"https:\/\/www.altex.com.br\/blog\/wp-json\/wp\/v2\/posts\/453","targetHints":{"allow":["GET"]}}],"collection":[{"href":"https:\/\/www.altex.com.br\/blog\/wp-json\/wp\/v2\/posts"}],"about":[{"href":"https:\/\/www.altex.com.br\/blog\/wp-json\/wp\/v2\/types\/post"}],"author":[{"embeddable":true,"href":"https:\/\/www.altex.com.br\/blog\/wp-json\/wp\/v2\/users\/1"}],"replies":[{"embeddable":true,"href":"https:\/\/www.altex.com.br\/blog\/wp-json\/wp\/v2\/comments?post=453"}],"version-history":[{"count":1,"href":"https:\/\/www.altex.com.br\/blog\/wp-json\/wp\/v2\/posts\/453\/revisions"}],"predecessor-version":[{"id":456,"href":"https:\/\/www.altex.com.br\/blog\/wp-json\/wp\/v2\/posts\/453\/revisions\/456"}],"wp:featuredmedia":[{"embeddable":true,"href":"https:\/\/www.altex.com.br\/blog\/wp-json\/wp\/v2\/media\/454"}],"wp:attachment":[{"href":"https:\/\/www.altex.com.br\/blog\/wp-json\/wp\/v2\/media?parent=453"}],"wp:term":[{"taxonomy":"category","embeddable":true,"href":"https:\/\/www.altex.com.br\/blog\/wp-json\/wp\/v2\/categories?post=453"},{"taxonomy":"post_tag","embeddable":true,"href":"https:\/\/www.altex.com.br\/blog\/wp-json\/wp\/v2\/tags?post=453"}],"curies":[{"name":"wp","href":"https:\/\/api.w.org\/{rel}","templated":true}]}}