{"id":448,"date":"2026-02-19T14:54:16","date_gmt":"2026-02-19T14:54:16","guid":{"rendered":"https:\/\/www.altex.com.br\/blog\/?p=448"},"modified":"2026-02-19T14:56:45","modified_gmt":"2026-02-19T14:56:45","slug":"persianas-verticais-para-sala-de-estar-guia-de-estilos-para-inspirar-sua-decoracao","status":"publish","type":"post","link":"https:\/\/www.altex.com.br\/blog\/persianas\/persianas-verticais-para-sala-de-estar-guia-de-estilos-para-inspirar-sua-decoracao\/","title":{"rendered":"Persianas verticais para sala de estar: guia de estilos para inspirar sua decora\u00e7\u00e3o"},"content":{"rendered":"<span class=\"rt-reading-time\" style=\"display: block;\"><span class=\"rt-label rt-prefix\">Tempo de leitura<\/span> <span class=\"rt-time\">5<\/span> <span class=\"rt-label rt-postfix\">minutos<\/span><\/span>\n<p class=\"has-medium-font-size\"><strong><em>Descubra como escolher persianas verticais para sala de estar e combine estilo, conforto e funcionalidade na decora\u00e7\u00e3o do seu ambiente.<\/em><\/strong><\/p>\n\n\n\n<p>As <strong>persianas verticais para sala de estar<\/strong> s\u00e3o um dos itens de decora\u00e7\u00e3o mais vers\u00e1teis e elegantes que existem. Muito al\u00e9m da fun\u00e7\u00e3o de controlar a entrada de luz, elas s\u00e3o capazes de mudar completamente o clima do ambiente, trazendo conforto, modernidade e personalidade.<\/p>\n\n\n\n<p>Com diferentes materiais, cores e acabamentos, \u00e9 poss\u00edvel escolher modelos que se adaptam a estilos variados \u2014 do moderno ao cl\u00e1ssico, do minimalista ao escandinavo.&nbsp;<\/p>\n\n\n\n<p>Neste guia, voc\u00ea vai aprender como escolher o tipo de persiana ideal para o seu espa\u00e7o e explorar ideias para deixar sua sala de estar ainda mais acolhedora e estilosa.<\/p>\n\n\n\n<div id=\"ez-toc-container\" class=\"ez-toc-v2_0_65 counter-hierarchy ez-toc-counter ez-toc-grey ez-toc-container-direction\">\n<div class=\"ez-toc-title-container\">\n<p class=\"ez-toc-title \" >Table of Contents<\/p>\n<span class=\"ez-toc-title-toggle\"><a href=\"#\" class=\"ez-toc-pull-right ez-toc-btn ez-toc-btn-xs ez-toc-btn-default ez-toc-toggle\" aria-label=\"Toggle Table of Content\"><span class=\"ez-toc-js-icon-con\"><span class=\"\"><span class=\"eztoc-hide\" style=\"display:none;\">Toggle<\/span><span class=\"ez-toc-icon-toggle-span\"><svg style=\"fill: #999;color:#999\" xmlns=\"http:\/\/www.w3.org\/2000\/svg\" class=\"list-377408\" width=\"20px\" height=\"20px\" viewBox=\"0 0 24 24\" fill=\"none\"><path d=\"M6 6H4v2h2V6zm14 0H8v2h12V6zM4 11h2v2H4v-2zm16 0H8v2h12v-2zM4 16h2v2H4v-2zm16 0H8v2h12v-2z\" fill=\"currentColor\"><\/path><\/svg><svg style=\"fill: #999;color:#999\" class=\"arrow-unsorted-368013\" xmlns=\"http:\/\/www.w3.org\/2000\/svg\" width=\"10px\" height=\"10px\" viewBox=\"0 0 24 24\" version=\"1.2\" baseProfile=\"tiny\"><path d=\"M18.2 9.3l-6.2-6.3-6.2 6.3c-.2.2-.3.4-.3.7s.1.5.3.7c.2.2.4.3.7.3h11c.3 0 .5-.1.7-.3.2-.2.3-.5.3-.7s-.1-.5-.3-.7zM5.8 14.7l6.2 6.3 6.2-6.3c.2-.2.3-.5.3-.7s-.1-.5-.3-.7c-.2-.2-.4-.3-.7-.3h-11c-.3 0-.5.1-.7.3-.2.2-.3.5-.3.7s.1.5.3.7z\"\/><\/svg><\/span><\/span><\/span><\/a><\/span><\/div>\n<nav><ul class='ez-toc-list ez-toc-list-level-1 ' ><li class='ez-toc-page-1 ez-toc-heading-level-2'><a class=\"ez-toc-link ez-toc-heading-1\" href=\"https:\/\/www.altex.com.br\/blog\/persianas\/persianas-verticais-para-sala-de-estar-guia-de-estilos-para-inspirar-sua-decoracao\/#Por_que_escolher_persianas_verticais_para_sala_de_estar\" title=\"Por que escolher persianas verticais para sala de estar\">Por que escolher persianas verticais para sala de estar<\/a><\/li><li class='ez-toc-page-1 ez-toc-heading-level-2'><a class=\"ez-toc-link ez-toc-heading-2\" href=\"https:\/\/www.altex.com.br\/blog\/persianas\/persianas-verticais-para-sala-de-estar-guia-de-estilos-para-inspirar-sua-decoracao\/#Estilo_moderno_minimalismo_com_personalidade\" title=\"Estilo moderno: minimalismo com personalidade\">Estilo moderno: minimalismo com personalidade<\/a><\/li><li class='ez-toc-page-1 ez-toc-heading-level-2'><a class=\"ez-toc-link ez-toc-heading-3\" href=\"https:\/\/www.altex.com.br\/blog\/persianas\/persianas-verticais-para-sala-de-estar-guia-de-estilos-para-inspirar-sua-decoracao\/#Estilo_classico_sofisticacao_e_harmonia\" title=\"Estilo cl\u00e1ssico: sofistica\u00e7\u00e3o e harmonia\">Estilo cl\u00e1ssico: sofistica\u00e7\u00e3o e harmonia<\/a><\/li><li class='ez-toc-page-1 ez-toc-heading-level-2'><a class=\"ez-toc-link ez-toc-heading-4\" href=\"https:\/\/www.altex.com.br\/blog\/persianas\/persianas-verticais-para-sala-de-estar-guia-de-estilos-para-inspirar-sua-decoracao\/#Estilo_minimalista_leveza_e_simplicidade\" title=\"Estilo minimalista: leveza e simplicidade\">Estilo minimalista: leveza e simplicidade<\/a><\/li><li class='ez-toc-page-1 ez-toc-heading-level-2'><a class=\"ez-toc-link ez-toc-heading-5\" href=\"https:\/\/www.altex.com.br\/blog\/persianas\/persianas-verticais-para-sala-de-estar-guia-de-estilos-para-inspirar-sua-decoracao\/#Estilo_industrial_personalidade_e_contraste\" title=\"Estilo industrial: personalidade e contraste\">Estilo industrial: personalidade e contraste<\/a><\/li><li class='ez-toc-page-1 ez-toc-heading-level-2'><a class=\"ez-toc-link ez-toc-heading-6\" href=\"https:\/\/www.altex.com.br\/blog\/persianas\/persianas-verticais-para-sala-de-estar-guia-de-estilos-para-inspirar-sua-decoracao\/#Estilo_escandinavo_conforto_e_luz_natural\" title=\"Estilo escandinavo: conforto e luz natural\">Estilo escandinavo: conforto e luz natural<\/a><\/li><li class='ez-toc-page-1 ez-toc-heading-level-2'><a class=\"ez-toc-link ez-toc-heading-7\" href=\"https:\/\/www.altex.com.br\/blog\/persianas\/persianas-verticais-para-sala-de-estar-guia-de-estilos-para-inspirar-sua-decoracao\/#Persiana_vertical_blackout_funcionalidade_com_conforto\" title=\"Persiana vertical blackout: funcionalidade com conforto\">Persiana vertical blackout: funcionalidade com conforto<\/a><\/li><li class='ez-toc-page-1 ez-toc-heading-level-2'><a class=\"ez-toc-link ez-toc-heading-8\" href=\"https:\/\/www.altex.com.br\/blog\/persianas\/persianas-verticais-para-sala-de-estar-guia-de-estilos-para-inspirar-sua-decoracao\/#Dicas_rapidas_antes_de_comprar_suas_persianas_verticais\" title=\"Dicas r\u00e1pidas antes de comprar suas persianas verticais\">Dicas r\u00e1pidas antes de comprar suas persianas verticais<\/a><\/li><li class='ez-toc-page-1 ez-toc-heading-level-2'><a class=\"ez-toc-link ez-toc-heading-9\" href=\"https:\/\/www.altex.com.br\/blog\/persianas\/persianas-verticais-para-sala-de-estar-guia-de-estilos-para-inspirar-sua-decoracao\/#Persianas_verticais_Altex_tradicao_elegancia_e_personalizacao\" title=\"Persianas verticais Altex: tradi\u00e7\u00e3o, eleg\u00e2ncia e personaliza\u00e7\u00e3o\">Persianas verticais Altex: tradi\u00e7\u00e3o, eleg\u00e2ncia e personaliza\u00e7\u00e3o<\/a><\/li><\/ul><\/nav><\/div>\n<h2 class=\"wp-block-heading\"><span class=\"ez-toc-section\" id=\"Por_que_escolher_persianas_verticais_para_sala_de_estar\"><\/span><strong>Por que escolher persianas verticais para sala de estar<\/strong><span class=\"ez-toc-section-end\"><\/span><\/h2>\n\n\n\n<p>As persianas verticais s\u00e3o sin\u00f4nimo de <strong>funcionalidade e est\u00e9tica equilibrada<\/strong>. Elas oferecem <strong>controle total da luminosidade<\/strong>, permitindo ajustar a quantidade de luz natural conforme o momento do dia.&nbsp;<\/p>\n\n\n\n<p>Isso ajuda a manter o conforto t\u00e9rmico e visual, al\u00e9m de proteger m\u00f3veis e revestimentos da exposi\u00e7\u00e3o direta ao sol.<\/p>\n\n\n\n<p>Dispon\u00edveis em <strong>tecido transl\u00facido, blackout ou PVC<\/strong>, adaptam-se a diferentes necessidades. As vers\u00f5es em tecido s\u00e3o ideais para quem busca um visual mais aconchegante e sofisticado, enquanto o PVC garante praticidade, limpeza f\u00e1cil e durabilidade \u2014 perfeito para quem quer unir beleza e funcionalidade.<\/p>\n\n\n\n<p>Al\u00e9m disso, seu formato vertical ajuda a <strong>criar a sensa\u00e7\u00e3o de amplitude<\/strong>, especialmente em salas menores, valorizando o p\u00e9-direito e tornando o ambiente mais leve.<\/p>\n\n\n\n<ul class=\"wp-block-list\">\n<li><a href=\"https:\/\/www.altex.com.br\/blog\/persianas\/transforme-o-clima-da-sua-casa-com-a-persiana-para-sala-de-estar-certa\/\">Transforme o clima da sua casa com a persiana para sala de estar certa<\/a><\/li>\n<\/ul>\n\n\n\n<h2 class=\"wp-block-heading\"><span class=\"ez-toc-section\" id=\"Estilo_moderno_minimalismo_com_personalidade\"><\/span><strong>Estilo moderno: minimalismo com personalidade<\/strong><span class=\"ez-toc-section-end\"><\/span><\/h2>\n\n\n\n<p>O estilo moderno pede linhas limpas, cores neutras e design funcional. As <strong>persianas verticais em tons de branco, cinza e gelo<\/strong> s\u00e3o perfeitas para esse tipo de decora\u00e7\u00e3o, pois complementam o espa\u00e7o sem sobrecarregar o visual.<\/p>\n\n\n\n<p>Uma boa escolha s\u00e3o os modelos <strong>automatizados<\/strong>, que unem praticidade e tecnologia, permitindo o controle por controle remoto ou via aplicativo. Esse recurso combina com ambientes contempor\u00e2neos que valorizam conforto e modernidade.<\/p>\n\n\n\n<p><strong>Dica:<\/strong> combine a persiana vertical com m\u00f3veis de linhas retas, superf\u00edcies lisas e elementos met\u00e1licos \u2014 o resultado \u00e9 um ambiente equilibrado, elegante e com toque de sofistica\u00e7\u00e3o discreta.<\/p>\n\n\n\n<h2 class=\"wp-block-heading\"><span class=\"ez-toc-section\" id=\"Estilo_classico_sofisticacao_e_harmonia\"><\/span><strong>Estilo cl\u00e1ssico: sofistica\u00e7\u00e3o e harmonia<\/strong><span class=\"ez-toc-section-end\"><\/span><\/h2>\n\n\n\n<p>Para quem gosta de um ambiente tradicional e refinado, as <strong>persianas verticais com bando<\/strong> (a faixa que cobre o trilho superior) s\u00e3o ideais. Esse detalhe traz um acabamento mais elegante, perfeito para combinar com m\u00f3veis em madeira, tapetes ornamentados e ilumina\u00e7\u00e3o quente.<\/p>\n\n\n\n<p>As vers\u00f5es em <strong>tecido blackout<\/strong> s\u00e3o \u00f3timas para esse tipo de decora\u00e7\u00e3o, pois controlam completamente a entrada de luz e criam uma atmosfera acolhedora. O toque de textura ou brilho leve tamb\u00e9m refor\u00e7a o charme cl\u00e1ssico.<\/p>\n\n\n\n<p><strong>Combine com:<\/strong><\/p>\n\n\n\n<ul class=\"wp-block-list\">\n<li>M\u00f3veis de madeira escura ou entalhada;<br><\/li>\n\n\n\n<li>Cortinas decorativas sobrepostas \u00e0s persianas;<br><\/li>\n\n\n\n<li>Lustres ou abajures com acabamentos em bronze ou dourado.<br><\/li>\n<\/ul>\n\n\n\n<p>O resultado \u00e9 um ambiente que inspira conforto, luxo e tradi\u00e7\u00e3o.<\/p>\n\n\n\n<h2 class=\"wp-block-heading\"><span class=\"ez-toc-section\" id=\"Estilo_minimalista_leveza_e_simplicidade\"><\/span><strong>Estilo minimalista: leveza e simplicidade<\/strong><span class=\"ez-toc-section-end\"><\/span><\/h2>\n\n\n<div class=\"wp-block-image\">\n<figure class=\"alignright size-full is-resized\"><img loading=\"lazy\" decoding=\"async\" width=\"460\" height=\"415\" src=\"https:\/\/www.altex.com.br\/blog\/wp-content\/uploads\/2026\/02\/persiana_plissada.jpg\" alt=\"Persianas verticais para sala de estar: guia de estilos para inspirar sua decora\u00e7\u00e3o\n\" class=\"wp-image-450\" style=\"aspect-ratio:1.1084519460889282;width:234px;height:auto\"\/><\/figure>\n<\/div>\n\n\n<p>No minimalismo, menos \u00e9 sempre mais. Por isso, as <strong>persianas verticais em PVC branco ou bege<\/strong> s\u00e3o a escolha ideal para quem busca um ambiente clean e atemporal. Elas deixam o espa\u00e7o visualmente mais leve e favorecem a entrada de luz natural.<\/p>\n\n\n\n<p>Al\u00e9m disso, o PVC \u00e9 resistente e f\u00e1cil de limpar, tornando-se uma op\u00e7\u00e3o pr\u00e1tica para quem tem uma rotina din\u00e2mica.&nbsp;<\/p>\n\n\n\n<p>A est\u00e9tica simples valoriza o espa\u00e7o e permite que outros elementos \u2014 como quadros ou uma pe\u00e7a de mobili\u00e1rio ic\u00f4nica \u2014 se destaquem.<\/p>\n\n\n\n<ul class=\"wp-block-list\">\n<li><a href=\"https:\/\/www.altex.com.br\/blog\/persianas\/persianas-para-sacada-como-escolher-o-modelo-ideal-para-a-sua-varanda\/\">Persianas para sacada: como escolher o modelo ideal para a sua varanda<\/a><\/li>\n<\/ul>\n\n\n\n<h2 class=\"wp-block-heading\"><span class=\"ez-toc-section\" id=\"Estilo_industrial_personalidade_e_contraste\"><\/span><strong>Estilo industrial: personalidade e contraste<\/strong><span class=\"ez-toc-section-end\"><\/span><\/h2>\n\n\n\n<p>O estilo industrial \u00e9 marcado pelo uso de materiais brutos e cores s\u00f3brias. Nesse contexto, as <strong>persianas verticais em tons escuros<\/strong>, como preto, cinza grafite ou marrom caf\u00e9, criam um contraste interessante com paredes de tijolo aparente e estruturas met\u00e1licas.<\/p>\n\n\n\n<p>Essas tonalidades ajudam a refor\u00e7ar o ar urbano e moderno do espa\u00e7o, sem perder o equil\u00edbrio. Para quem deseja suavizar o ambiente, tecidos foscos ou com textura leve s\u00e3o \u00f3timos aliados.<\/p>\n\n\n\n<p><strong>Dicas r\u00e1pidas:<\/strong><\/p>\n\n\n\n<ul class=\"wp-block-list\">\n<li>Combine com lumin\u00e1rias met\u00e1licas e m\u00f3veis de ferro ou madeira de demoli\u00e7\u00e3o;<br><\/li>\n\n\n\n<li>Prefira tons escuros nas persianas para refor\u00e7ar o estilo industrial;<br><\/li>\n\n\n\n<li>Use tapetes neutros para equilibrar o visual.<br><\/li>\n<\/ul>\n\n\n\n<p>O resultado \u00e9 uma sala com forte personalidade, visual moderno e atmosfera acolhedora.<\/p>\n\n\n\n<h2 class=\"wp-block-heading\"><span class=\"ez-toc-section\" id=\"Estilo_escandinavo_conforto_e_luz_natural\"><\/span><strong>Estilo escandinavo: conforto e luz natural<\/strong><span class=\"ez-toc-section-end\"><\/span><\/h2>\n\n\n\n<p>A decora\u00e7\u00e3o escandinava \u00e9 perfeita para quem valoriza a <strong>luminosidade e o aconchego<\/strong>. Nesse caso, aposte em <strong>persianas verticais em tons claros<\/strong>, como branco, areia ou off-white, e tecidos transl\u00facidos, que deixam a luz natural entrar suavemente.<\/p>\n\n\n\n<p>A ideia \u00e9 criar um ambiente tranquilo e convidativo, que combine com m\u00f3veis de madeira clara, tecidos naturais e uma paleta neutra.<\/p>\n\n\n\n<p><strong>Para acertar no estilo:<\/strong><\/p>\n\n\n\n<ul class=\"wp-block-list\">\n<li>Evite cores fortes e prefira tons neutros;<br><\/li>\n\n\n\n<li>Adicione mantas, almofadas e tapetes felpudos;<br><\/li>\n\n\n\n<li>Insira plantas para trazer vida e frescor ao ambiente.<br><\/li>\n<\/ul>\n\n\n\n<p>Esse tipo de composi\u00e7\u00e3o deixa a sala com sensa\u00e7\u00e3o de bem-estar e amplitude.<\/p>\n\n\n\n<h2 class=\"wp-block-heading\"><span class=\"ez-toc-section\" id=\"Persiana_vertical_blackout_funcionalidade_com_conforto\"><\/span><strong>Persiana vertical blackout: funcionalidade com conforto<\/strong><span class=\"ez-toc-section-end\"><\/span><\/h2>\n\n\n\n<p>Para quem precisa de mais controle sobre a ilumina\u00e7\u00e3o, a <strong>persiana vertical blackout<\/strong> \u00e9 indispens\u00e1vel. Ela bloqueia at\u00e9 100% da luz externa, garantindo privacidade e conforto t\u00e9rmico. Ideal para salas de estar integradas com home theater ou com janelas voltadas para o sol.<\/p>\n\n\n\n<p>Al\u00e9m do aspecto pr\u00e1tico, os modelos blackout est\u00e3o dispon\u00edveis em diversas cores e texturas, permitindo combinar funcionalidade com est\u00e9tica.<\/p>\n\n\n\n<p><strong>Vantagens principais:<\/strong><\/p>\n\n\n\n<ul class=\"wp-block-list\">\n<li>Controle total da luminosidade;<br><\/li>\n\n\n\n<li>Isolamento t\u00e9rmico e ac\u00fastico;<br><\/li>\n\n\n\n<li>Ideal para quem busca conforto visual e bem-estar.<br><\/li>\n<\/ul>\n\n\n\n<p>\u00c9 a op\u00e7\u00e3o perfeita para quem deseja assistir a um filme sem reflexos na tela ou criar um clima mais intimista \u00e0 noite.<\/p>\n\n\n\n<h2 class=\"wp-block-heading\"><span class=\"ez-toc-section\" id=\"Dicas_rapidas_antes_de_comprar_suas_persianas_verticais\"><\/span><strong>Dicas r\u00e1pidas antes de comprar suas persianas verticais<\/strong><span class=\"ez-toc-section-end\"><\/span><\/h2>\n\n\n\n<p>Antes de decidir qual modelo levar para casa, vale considerar alguns pontos essenciais:<\/p>\n\n\n\n<ol class=\"wp-block-list\">\n<li><strong>Me\u00e7a o espa\u00e7o com precis\u00e3o<\/strong> \u2014 isso evita folgas e garante o encaixe perfeito;<br><br><\/li>\n\n\n\n<li><strong>Analise a incid\u00eancia solar<\/strong> \u2014 ambientes com muita luz direta pedem tecidos blackout ou PVC;<br><br><\/li>\n\n\n\n<li><strong>Escolha a cor de acordo com o tamanho da sala<\/strong> \u2014 tons claros ampliam, tons escuros criam aconchego;<br><br><\/li>\n\n\n\n<li><strong>Prefira materiais f\u00e1ceis de limpar<\/strong>, principalmente se houver crian\u00e7as ou pets;<br><br><\/li>\n\n\n\n<li><strong>Invista em fornecedores especializados<\/strong>, que ofere\u00e7am instala\u00e7\u00e3o e garantia.<br><\/li>\n<\/ol>\n\n\n\n<p>Esses cuidados fazem diferen\u00e7a na durabilidade e no acabamento do seu projeto.<\/p>\n\n\n\n<h2 class=\"wp-block-heading\"><span class=\"ez-toc-section\" id=\"Persianas_verticais_Altex_tradicao_elegancia_e_personalizacao\"><\/span><strong>Persianas verticais Altex: tradi\u00e7\u00e3o, eleg\u00e2ncia e personaliza\u00e7\u00e3o<\/strong><span class=\"ez-toc-section-end\"><\/span><\/h2>\n\n\n\n<p>A <strong>Altex<\/strong> surgiu em 1999, no bairro da Vila Leopoldina, em S\u00e3o Paulo, e rapidamente se tornou refer\u00eancia em <strong>cortinas e persianas sob medida<\/strong>. Com mais de 20 anos de experi\u00eancia, a marca \u00e9 reconhecida pela <strong>dedica\u00e7\u00e3o ao cliente e atendimento personalizado<\/strong>, sempre buscando entender as necessidades de cada projeto.<\/p>\n\n\n\n<p>As <strong>persianas verticais da Altex<\/strong> est\u00e3o dispon\u00edveis em vers\u00f5es com ou sem bando, confeccionadas em <strong>tecidos transl\u00facidos, blackout e PVC<\/strong>.&nbsp;<\/p>\n\n\n\n<p>Elas proporcionam <strong>controle preciso da luz<\/strong>, al\u00e9m de unir <strong>design moderno, praticidade e eleg\u00e2ncia<\/strong>.<\/p>\n\n\n\n<p>Seja para uma sala de estar moderna, cl\u00e1ssica ou minimalista, a Altex oferece solu\u00e7\u00f5es exclusivas que valorizam o ambiente e garantem qualidade superior.<\/p>\n\n\n\n<p><strong>Quer transformar sua sala de estar com persianas verticais sob medida?<br><a href=\"https:\/\/www.altex.com.br\/contato\">Acesse o site da Altex e solicite um atendimento personalizado agora mesmo.<\/a><\/strong><\/p>\n","protected":false},"excerpt":{"rendered":"<p><span class=\"rt-reading-time\" style=\"display: block;\"><span class=\"rt-label rt-prefix\">Tempo de leitura<\/span> <span class=\"rt-time\">5<\/span> <span class=\"rt-label rt-postfix\">minutos<\/span><\/span> Descubra como escolher persianas verticais para sala de estar e combine estilo, conforto e funcionalidade na decora\u00e7\u00e3o do seu ambiente. As persianas verticais para sala de estar s\u00e3o um dos itens de decora\u00e7\u00e3o mais vers\u00e1teis e elegantes que existem. Muito al\u00e9m da fun\u00e7\u00e3o de controlar a entrada de luz, elas s\u00e3o capazes de mudar completamente &hellip; <\/p>\n","protected":false},"author":1,"featured_media":449,"comment_status":"open","ping_status":"open","sticky":false,"template":"","format":"standard","meta":{"footnotes":""},"categories":[11],"tags":[5102,5097,5108,5085,3786,5087,5115,5093,5098,5116,5101,5086,5104,5084,4868,5091,5090,5089,5092,4869,5096,5095,5112,5094,5103,5110,5118,5142,5137,5143,5126,5128,5122,5109,5139,5144,5141,5121,5120,5136,5132,5134,5140,5130,5125,5133,5129,5127,5135,5131,5138,5117,5107,5083,5114,5123,5119,5124,5106,5113,5111,5100,5105,5099,5088],"class_list":["post-448","post","type-post","status-publish","format-standard","has-post-thumbnail","hentry","category-persianas","tag-como-combinar-persianas-verticais-com-decoracao-moderna","tag-como-escolher-persianas-verticais","tag-como-limpar-persianas-verticais-de-tecido","tag-comprar-persianas-verticais","tag-controle-de-luz-com-persianas","tag-decoracao-com-persianas-verticais","tag-empresa-de-persianas-verticais","tag-estilos-de-persianas-verticais","tag-ideias-de-decoracao-com-persianas","tag-loja-de-persianas-verticais","tag-onde-comprar-persianas-verticais-em-sao-paulo","tag-persiana-vertical-blackout","tag-persiana-vertical-blackout-bloqueia-totalmente-a-luz","tag-persiana-vertical-para-sala","tag-persianas-altex","tag-persianas-blackout-sob-medida","tag-persianas-de-pvc","tag-persianas-de-tecido","tag-persianas-decorativas-para-sala","tag-persianas-modernas-para-sala","tag-persianas-para-janelas-grandes","tag-persianas-sob-medida-em-sao-paulo","tag-persianas-verticais-automatizadas-valem-a-pena","tag-persianas-verticais-com-bando","tag-persianas-verticais-com-bando-sao-melhores","tag-persianas-verticais-combinam-com-salas-pequenas","tag-persianas-verticais-comprar","tag-persianas-verticais-em-diadema","tag-persianas-verticais-em-guarulhos","tag-persianas-verticais-em-osasco","tag-persianas-verticais-em-perdizes","tag-persianas-verticais-em-pinheiros","tag-persianas-verticais-em-promocao","tag-persianas-verticais-em-pvc-sao-duraveis","tag-persianas-verticais-em-santo-andre","tag-persianas-verticais-em-sao-bernardo","tag-persianas-verticais-em-sao-caetano","tag-persianas-verticais-em-sao-paulo","tag-persianas-verticais-em-sp","tag-persianas-verticais-na-agua-branca","tag-persianas-verticais-na-lapa","tag-persianas-verticais-na-vila-anastacio","tag-persianas-verticais-na-vila-leopoldina","tag-persianas-verticais-na-vila-romana","tag-persianas-verticais-na-zona-leste","tag-persianas-verticais-na-zona-norte","tag-persianas-verticais-na-zona-oeste","tag-persianas-verticais-na-zona-sul","tag-persianas-verticais-no-abc","tag-persianas-verticais-no-centro","tag-persianas-verticais-no-jaguare","tag-persianas-verticais-onde-encontrar","tag-persianas-verticais-ou-cortinas","tag-persianas-verticais-para-sala-de-estar","tag-persianas-verticais-personalizadas-sao-mais-caras","tag-persianas-verticais-perto-de-mim","tag-persianas-verticais-preco","tag-persianas-verticais-proximo-a-mim","tag-persianas-verticais-servem-para-janelas-grandes","tag-quais-as-tendencias-em-persianas-verticais-2026","tag-qual-a-diferenca-entre-translucido-e-blackout","tag-qual-o-melhor-tipo-de-persiana-vertical-para-sala-de-estar","tag-qual-o-tecido-ideal-para-persianas-verticais","tag-tendencias-em-persianas-verticais","tag-tipos-de-persianas-verticais"],"yoast_head":"<!-- This site is optimized with the Yoast SEO plugin v22.5 - https:\/\/yoast.com\/wordpress\/plugins\/seo\/ -->\n<title>Persianas verticais para sala de estar: guia de estilos para inspirar sua decora\u00e7\u00e3o - Altex<\/title>\n<meta name=\"description\" content=\"Descubra como escolher persianas verticais para sala de estar e combine estilo, conforto e funcionalidade na decora\u00e7\u00e3o do seu ambiente.\" \/>\n<meta name=\"robots\" content=\"index, follow, max-snippet:-1, max-image-preview:large, max-video-preview:-1\" \/>\n<link rel=\"canonical\" href=\"https:\/\/www.altex.com.br\/blog\/persianas\/persianas-verticais-para-sala-de-estar-guia-de-estilos-para-inspirar-sua-decoracao\/\" \/>\n<meta property=\"og:locale\" content=\"pt_BR\" \/>\n<meta property=\"og:type\" content=\"article\" \/>\n<meta property=\"og:title\" content=\"Persianas verticais para sala de estar: guia de estilos para inspirar sua decora\u00e7\u00e3o - Altex\" \/>\n<meta property=\"og:description\" content=\"Descubra como escolher persianas verticais para sala de estar e combine estilo, conforto e funcionalidade na decora\u00e7\u00e3o do seu ambiente.\" \/>\n<meta property=\"og:url\" content=\"https:\/\/www.altex.com.br\/blog\/persianas\/persianas-verticais-para-sala-de-estar-guia-de-estilos-para-inspirar-sua-decoracao\/\" \/>\n<meta property=\"og:site_name\" content=\"Altex\" \/>\n<meta property=\"article:published_time\" content=\"2026-02-19T14:54:16+00:00\" \/>\n<meta property=\"article:modified_time\" content=\"2026-02-19T14:56:45+00:00\" \/>\n<meta property=\"og:image\" content=\"https:\/\/www.altex.com.br\/blog\/wp-content\/uploads\/2026\/02\/persiana.png\" \/>\n\t<meta property=\"og:image:width\" content=\"658\" \/>\n\t<meta property=\"og:image:height\" content=\"389\" \/>\n\t<meta property=\"og:image:type\" content=\"image\/png\" \/>\n<meta name=\"author\" content=\"admin\" \/>\n<meta name=\"twitter:card\" content=\"summary_large_image\" \/>\n<meta name=\"twitter:label1\" content=\"Escrito por\" \/>\n\t<meta name=\"twitter:data1\" content=\"admin\" \/>\n\t<meta name=\"twitter:label2\" content=\"Est. tempo de leitura\" \/>\n\t<meta name=\"twitter:data2\" content=\"7 minutos\" \/>\n<script type=\"application\/ld+json\" class=\"yoast-schema-graph\">{\"@context\":\"https:\/\/schema.org\",\"@graph\":[{\"@type\":\"Article\",\"@id\":\"https:\/\/www.altex.com.br\/blog\/persianas\/persianas-verticais-para-sala-de-estar-guia-de-estilos-para-inspirar-sua-decoracao\/#article\",\"isPartOf\":{\"@id\":\"https:\/\/www.altex.com.br\/blog\/persianas\/persianas-verticais-para-sala-de-estar-guia-de-estilos-para-inspirar-sua-decoracao\/\"},\"author\":{\"name\":\"admin\",\"@id\":\"https:\/\/www.altex.com.br\/blog\/#\/schema\/person\/3c2b4dc5fc14bfdd28a6a128d82aa511\"},\"headline\":\"Persianas verticais para sala de estar: guia de estilos para inspirar sua decora\u00e7\u00e3o\",\"datePublished\":\"2026-02-19T14:54:16+00:00\",\"dateModified\":\"2026-02-19T14:56:45+00:00\",\"mainEntityOfPage\":{\"@id\":\"https:\/\/www.altex.com.br\/blog\/persianas\/persianas-verticais-para-sala-de-estar-guia-de-estilos-para-inspirar-sua-decoracao\/\"},\"wordCount\":1255,\"commentCount\":0,\"publisher\":{\"@id\":\"https:\/\/www.altex.com.br\/blog\/#organization\"},\"image\":{\"@id\":\"https:\/\/www.altex.com.br\/blog\/persianas\/persianas-verticais-para-sala-de-estar-guia-de-estilos-para-inspirar-sua-decoracao\/#primaryimage\"},\"thumbnailUrl\":\"https:\/\/www.altex.com.br\/blog\/wp-content\/uploads\/2026\/02\/persiana.png\",\"keywords\":[\"como combinar persianas verticais com decora\u00e7\u00e3o moderna?\",\"como escolher persianas verticais\",\"como limpar persianas verticais de tecido?\",\"comprar persianas verticais\",\"Controle de luz com persianas\",\"decora\u00e7\u00e3o com persianas verticais\",\"empresa de persianas verticais\",\"estilos de persianas verticais\",\"ideias de decora\u00e7\u00e3o com persianas\",\"loja de persianas verticais\",\"onde comprar persianas verticais em S\u00e3o Paulo?\",\"persiana vertical blackout\",\"persiana vertical blackout bloqueia totalmente a luz?\",\"persiana vertical para sala\",\"persianas Altex\",\"persianas blackout sob medida\",\"persianas de PVC\",\"persianas de tecido\",\"persianas decorativas para sala\",\"persianas modernas para sala\",\"persianas para janelas grandes\",\"persianas sob medida em S\u00e3o Paulo\",\"persianas verticais automatizadas valem a pena?\",\"persianas verticais com bando\",\"persianas verticais com bando s\u00e3o melhores?\",\"persianas verticais combinam com salas pequenas?\",\"persianas verticais comprar\",\"persianas verticais em Diadema\",\"persianas verticais em Guarulhos\",\"persianas verticais em Osasco\",\"persianas verticais em Perdizes\",\"persianas verticais em Pinheiros\",\"persianas verticais em promo\u00e7\u00e3o\",\"persianas verticais em PVC s\u00e3o dur\u00e1veis?\",\"persianas verticais em Santo Andr\u00e9\",\"persianas verticais em S\u00e3o Bernardo\",\"persianas verticais em S\u00e3o Caetano\",\"persianas verticais em s\u00e3o paulo\",\"persianas verticais em sp\",\"persianas verticais na \u00c1gua Branca\",\"persianas verticais na Lapa\",\"persianas verticais na Vila Anast\u00e1cio\",\"persianas verticais na Vila Leopoldina\",\"persianas verticais na Vila Romana\",\"persianas verticais na zona leste\",\"persianas verticais na zona norte\",\"persianas verticais na zona oeste\",\"persianas verticais na zona sul\",\"persianas verticais no ABC\",\"persianas verticais no centro\",\"persianas verticais no Jaguar\u00e9\",\"persianas verticais onde encontrar\",\"persianas verticais ou cortinas?\",\"persianas verticais para sala de estar\",\"persianas verticais personalizadas s\u00e3o mais caras?\",\"persianas verticais perto de mim\",\"persianas verticais pre\u00e7o\",\"persianas verticais pr\u00f3ximo a mim\",\"persianas verticais servem para janelas grandes?\",\"quais as tend\u00eancias em persianas verticais 2026?\",\"qual a diferen\u00e7a entre transl\u00facido e blackout?\",\"qual o melhor tipo de persiana vertical para sala de estar?\",\"qual o tecido ideal para persianas verticais?\",\"tend\u00eancias em persianas verticais\",\"tipos de persianas verticais\"],\"articleSection\":[\"Persianas\"],\"inLanguage\":\"pt-BR\",\"potentialAction\":[{\"@type\":\"CommentAction\",\"name\":\"Comment\",\"target\":[\"https:\/\/www.altex.com.br\/blog\/persianas\/persianas-verticais-para-sala-de-estar-guia-de-estilos-para-inspirar-sua-decoracao\/#respond\"]}]},{\"@type\":\"WebPage\",\"@id\":\"https:\/\/www.altex.com.br\/blog\/persianas\/persianas-verticais-para-sala-de-estar-guia-de-estilos-para-inspirar-sua-decoracao\/\",\"url\":\"https:\/\/www.altex.com.br\/blog\/persianas\/persianas-verticais-para-sala-de-estar-guia-de-estilos-para-inspirar-sua-decoracao\/\",\"name\":\"Persianas verticais para sala de estar: guia de estilos para inspirar sua decora\u00e7\u00e3o - Altex\",\"isPartOf\":{\"@id\":\"https:\/\/www.altex.com.br\/blog\/#website\"},\"primaryImageOfPage\":{\"@id\":\"https:\/\/www.altex.com.br\/blog\/persianas\/persianas-verticais-para-sala-de-estar-guia-de-estilos-para-inspirar-sua-decoracao\/#primaryimage\"},\"image\":{\"@id\":\"https:\/\/www.altex.com.br\/blog\/persianas\/persianas-verticais-para-sala-de-estar-guia-de-estilos-para-inspirar-sua-decoracao\/#primaryimage\"},\"thumbnailUrl\":\"https:\/\/www.altex.com.br\/blog\/wp-content\/uploads\/2026\/02\/persiana.png\",\"datePublished\":\"2026-02-19T14:54:16+00:00\",\"dateModified\":\"2026-02-19T14:56:45+00:00\",\"description\":\"Descubra como escolher persianas verticais para sala de estar e combine estilo, conforto e funcionalidade na decora\u00e7\u00e3o do seu ambiente.\",\"breadcrumb\":{\"@id\":\"https:\/\/www.altex.com.br\/blog\/persianas\/persianas-verticais-para-sala-de-estar-guia-de-estilos-para-inspirar-sua-decoracao\/#breadcrumb\"},\"inLanguage\":\"pt-BR\",\"potentialAction\":[{\"@type\":\"ReadAction\",\"target\":[\"https:\/\/www.altex.com.br\/blog\/persianas\/persianas-verticais-para-sala-de-estar-guia-de-estilos-para-inspirar-sua-decoracao\/\"]}]},{\"@type\":\"ImageObject\",\"inLanguage\":\"pt-BR\",\"@id\":\"https:\/\/www.altex.com.br\/blog\/persianas\/persianas-verticais-para-sala-de-estar-guia-de-estilos-para-inspirar-sua-decoracao\/#primaryimage\",\"url\":\"https:\/\/www.altex.com.br\/blog\/wp-content\/uploads\/2026\/02\/persiana.png\",\"contentUrl\":\"https:\/\/www.altex.com.br\/blog\/wp-content\/uploads\/2026\/02\/persiana.png\",\"width\":658,\"height\":389,\"caption\":\"Persianas verticais para sala de estar: guia de estilos para inspirar sua decora\u00e7\u00e3o\"},{\"@type\":\"BreadcrumbList\",\"@id\":\"https:\/\/www.altex.com.br\/blog\/persianas\/persianas-verticais-para-sala-de-estar-guia-de-estilos-para-inspirar-sua-decoracao\/#breadcrumb\",\"itemListElement\":[{\"@type\":\"ListItem\",\"position\":1,\"name\":\"In\u00edcio\",\"item\":\"https:\/\/www.altex.com.br\/blog\/\"},{\"@type\":\"ListItem\",\"position\":2,\"name\":\"Persianas verticais para sala de estar: guia de estilos para inspirar sua decora\u00e7\u00e3o\"}]},{\"@type\":\"WebSite\",\"@id\":\"https:\/\/www.altex.com.br\/blog\/#website\",\"url\":\"https:\/\/www.altex.com.br\/blog\/\",\"name\":\"Altex\",\"description\":\"Blog\",\"publisher\":{\"@id\":\"https:\/\/www.altex.com.br\/blog\/#organization\"},\"potentialAction\":[{\"@type\":\"SearchAction\",\"target\":{\"@type\":\"EntryPoint\",\"urlTemplate\":\"https:\/\/www.altex.com.br\/blog\/?s={search_term_string}\"},\"query-input\":\"required name=search_term_string\"}],\"inLanguage\":\"pt-BR\"},{\"@type\":\"Organization\",\"@id\":\"https:\/\/www.altex.com.br\/blog\/#organization\",\"name\":\"Altex\",\"url\":\"https:\/\/www.altex.com.br\/blog\/\",\"logo\":{\"@type\":\"ImageObject\",\"inLanguage\":\"pt-BR\",\"@id\":\"https:\/\/www.altex.com.br\/blog\/#\/schema\/logo\/image\/\",\"url\":\"https:\/\/www.altex.com.br\/blog\/wp-content\/uploads\/2022\/08\/altex-logo.png\",\"contentUrl\":\"https:\/\/www.altex.com.br\/blog\/wp-content\/uploads\/2022\/08\/altex-logo.png\",\"width\":155,\"height\":98,\"caption\":\"Altex\"},\"image\":{\"@id\":\"https:\/\/www.altex.com.br\/blog\/#\/schema\/logo\/image\/\"}},{\"@type\":\"Person\",\"@id\":\"https:\/\/www.altex.com.br\/blog\/#\/schema\/person\/3c2b4dc5fc14bfdd28a6a128d82aa511\",\"name\":\"admin\",\"image\":{\"@type\":\"ImageObject\",\"inLanguage\":\"pt-BR\",\"@id\":\"https:\/\/www.altex.com.br\/blog\/#\/schema\/person\/image\/\",\"url\":\"https:\/\/secure.gravatar.com\/avatar\/3813f53848958b8842eeafda91666185a90010f65ed554379b78794cde6f234a?s=96&d=mm&r=g\",\"contentUrl\":\"https:\/\/secure.gravatar.com\/avatar\/3813f53848958b8842eeafda91666185a90010f65ed554379b78794cde6f234a?s=96&d=mm&r=g\",\"caption\":\"admin\"},\"sameAs\":[\"https:\/\/altex.com.br\/blog\"],\"url\":\"https:\/\/www.altex.com.br\/blog\/author\/admin\/\"}]}<\/script>\n<!-- \/ Yoast SEO plugin. -->","yoast_head_json":{"title":"Persianas verticais para sala de estar: guia de estilos para inspirar sua decora\u00e7\u00e3o - Altex","description":"Descubra como escolher persianas verticais para sala de estar e combine estilo, conforto e funcionalidade na decora\u00e7\u00e3o do seu ambiente.","robots":{"index":"index","follow":"follow","max-snippet":"max-snippet:-1","max-image-preview":"max-image-preview:large","max-video-preview":"max-video-preview:-1"},"canonical":"https:\/\/www.altex.com.br\/blog\/persianas\/persianas-verticais-para-sala-de-estar-guia-de-estilos-para-inspirar-sua-decoracao\/","og_locale":"pt_BR","og_type":"article","og_title":"Persianas verticais para sala de estar: guia de estilos para inspirar sua decora\u00e7\u00e3o - Altex","og_description":"Descubra como escolher persianas verticais para sala de estar e combine estilo, conforto e funcionalidade na decora\u00e7\u00e3o do seu ambiente.","og_url":"https:\/\/www.altex.com.br\/blog\/persianas\/persianas-verticais-para-sala-de-estar-guia-de-estilos-para-inspirar-sua-decoracao\/","og_site_name":"Altex","article_published_time":"2026-02-19T14:54:16+00:00","article_modified_time":"2026-02-19T14:56:45+00:00","og_image":[{"width":658,"height":389,"url":"https:\/\/www.altex.com.br\/blog\/wp-content\/uploads\/2026\/02\/persiana.png","type":"image\/png"}],"author":"admin","twitter_card":"summary_large_image","twitter_misc":{"Escrito por":"admin","Est. tempo de leitura":"7 minutos"},"schema":{"@context":"https:\/\/schema.org","@graph":[{"@type":"Article","@id":"https:\/\/www.altex.com.br\/blog\/persianas\/persianas-verticais-para-sala-de-estar-guia-de-estilos-para-inspirar-sua-decoracao\/#article","isPartOf":{"@id":"https:\/\/www.altex.com.br\/blog\/persianas\/persianas-verticais-para-sala-de-estar-guia-de-estilos-para-inspirar-sua-decoracao\/"},"author":{"name":"admin","@id":"https:\/\/www.altex.com.br\/blog\/#\/schema\/person\/3c2b4dc5fc14bfdd28a6a128d82aa511"},"headline":"Persianas verticais para sala de estar: guia de estilos para inspirar sua decora\u00e7\u00e3o","datePublished":"2026-02-19T14:54:16+00:00","dateModified":"2026-02-19T14:56:45+00:00","mainEntityOfPage":{"@id":"https:\/\/www.altex.com.br\/blog\/persianas\/persianas-verticais-para-sala-de-estar-guia-de-estilos-para-inspirar-sua-decoracao\/"},"wordCount":1255,"commentCount":0,"publisher":{"@id":"https:\/\/www.altex.com.br\/blog\/#organization"},"image":{"@id":"https:\/\/www.altex.com.br\/blog\/persianas\/persianas-verticais-para-sala-de-estar-guia-de-estilos-para-inspirar-sua-decoracao\/#primaryimage"},"thumbnailUrl":"https:\/\/www.altex.com.br\/blog\/wp-content\/uploads\/2026\/02\/persiana.png","keywords":["como combinar persianas verticais com decora\u00e7\u00e3o moderna?","como escolher persianas verticais","como limpar persianas verticais de tecido?","comprar persianas verticais","Controle de luz com persianas","decora\u00e7\u00e3o com persianas verticais","empresa de persianas verticais","estilos de persianas verticais","ideias de decora\u00e7\u00e3o com persianas","loja de persianas verticais","onde comprar persianas verticais em S\u00e3o Paulo?","persiana vertical blackout","persiana vertical blackout bloqueia totalmente a luz?","persiana vertical para sala","persianas Altex","persianas blackout sob medida","persianas de PVC","persianas de tecido","persianas decorativas para sala","persianas modernas para sala","persianas para janelas grandes","persianas sob medida em S\u00e3o Paulo","persianas verticais automatizadas valem a pena?","persianas verticais com bando","persianas verticais com bando s\u00e3o melhores?","persianas verticais combinam com salas pequenas?","persianas verticais comprar","persianas verticais em Diadema","persianas verticais em Guarulhos","persianas verticais em Osasco","persianas verticais em Perdizes","persianas verticais em Pinheiros","persianas verticais em promo\u00e7\u00e3o","persianas verticais em PVC s\u00e3o dur\u00e1veis?","persianas verticais em Santo Andr\u00e9","persianas verticais em S\u00e3o Bernardo","persianas verticais em S\u00e3o Caetano","persianas verticais em s\u00e3o paulo","persianas verticais em sp","persianas verticais na \u00c1gua Branca","persianas verticais na Lapa","persianas verticais na Vila Anast\u00e1cio","persianas verticais na Vila Leopoldina","persianas verticais na Vila Romana","persianas verticais na zona leste","persianas verticais na zona norte","persianas verticais na zona oeste","persianas verticais na zona sul","persianas verticais no ABC","persianas verticais no centro","persianas verticais no Jaguar\u00e9","persianas verticais onde encontrar","persianas verticais ou cortinas?","persianas verticais para sala de estar","persianas verticais personalizadas s\u00e3o mais caras?","persianas verticais perto de mim","persianas verticais pre\u00e7o","persianas verticais pr\u00f3ximo a mim","persianas verticais servem para janelas grandes?","quais as tend\u00eancias em persianas verticais 2026?","qual a diferen\u00e7a entre transl\u00facido e blackout?","qual o melhor tipo de persiana vertical para sala de estar?","qual o tecido ideal para persianas verticais?","tend\u00eancias em persianas verticais","tipos de persianas verticais"],"articleSection":["Persianas"],"inLanguage":"pt-BR","potentialAction":[{"@type":"CommentAction","name":"Comment","target":["https:\/\/www.altex.com.br\/blog\/persianas\/persianas-verticais-para-sala-de-estar-guia-de-estilos-para-inspirar-sua-decoracao\/#respond"]}]},{"@type":"WebPage","@id":"https:\/\/www.altex.com.br\/blog\/persianas\/persianas-verticais-para-sala-de-estar-guia-de-estilos-para-inspirar-sua-decoracao\/","url":"https:\/\/www.altex.com.br\/blog\/persianas\/persianas-verticais-para-sala-de-estar-guia-de-estilos-para-inspirar-sua-decoracao\/","name":"Persianas verticais para sala de estar: guia de estilos para inspirar sua decora\u00e7\u00e3o - Altex","isPartOf":{"@id":"https:\/\/www.altex.com.br\/blog\/#website"},"primaryImageOfPage":{"@id":"https:\/\/www.altex.com.br\/blog\/persianas\/persianas-verticais-para-sala-de-estar-guia-de-estilos-para-inspirar-sua-decoracao\/#primaryimage"},"image":{"@id":"https:\/\/www.altex.com.br\/blog\/persianas\/persianas-verticais-para-sala-de-estar-guia-de-estilos-para-inspirar-sua-decoracao\/#primaryimage"},"thumbnailUrl":"https:\/\/www.altex.com.br\/blog\/wp-content\/uploads\/2026\/02\/persiana.png","datePublished":"2026-02-19T14:54:16+00:00","dateModified":"2026-02-19T14:56:45+00:00","description":"Descubra como escolher persianas verticais para sala de estar e combine estilo, conforto e funcionalidade na decora\u00e7\u00e3o do seu ambiente.","breadcrumb":{"@id":"https:\/\/www.altex.com.br\/blog\/persianas\/persianas-verticais-para-sala-de-estar-guia-de-estilos-para-inspirar-sua-decoracao\/#breadcrumb"},"inLanguage":"pt-BR","potentialAction":[{"@type":"ReadAction","target":["https:\/\/www.altex.com.br\/blog\/persianas\/persianas-verticais-para-sala-de-estar-guia-de-estilos-para-inspirar-sua-decoracao\/"]}]},{"@type":"ImageObject","inLanguage":"pt-BR","@id":"https:\/\/www.altex.com.br\/blog\/persianas\/persianas-verticais-para-sala-de-estar-guia-de-estilos-para-inspirar-sua-decoracao\/#primaryimage","url":"https:\/\/www.altex.com.br\/blog\/wp-content\/uploads\/2026\/02\/persiana.png","contentUrl":"https:\/\/www.altex.com.br\/blog\/wp-content\/uploads\/2026\/02\/persiana.png","width":658,"height":389,"caption":"Persianas verticais para sala de estar: guia de estilos para inspirar sua decora\u00e7\u00e3o"},{"@type":"BreadcrumbList","@id":"https:\/\/www.altex.com.br\/blog\/persianas\/persianas-verticais-para-sala-de-estar-guia-de-estilos-para-inspirar-sua-decoracao\/#breadcrumb","itemListElement":[{"@type":"ListItem","position":1,"name":"In\u00edcio","item":"https:\/\/www.altex.com.br\/blog\/"},{"@type":"ListItem","position":2,"name":"Persianas verticais para sala de estar: guia de estilos para inspirar sua decora\u00e7\u00e3o"}]},{"@type":"WebSite","@id":"https:\/\/www.altex.com.br\/blog\/#website","url":"https:\/\/www.altex.com.br\/blog\/","name":"Altex","description":"Blog","publisher":{"@id":"https:\/\/www.altex.com.br\/blog\/#organization"},"potentialAction":[{"@type":"SearchAction","target":{"@type":"EntryPoint","urlTemplate":"https:\/\/www.altex.com.br\/blog\/?s={search_term_string}"},"query-input":"required name=search_term_string"}],"inLanguage":"pt-BR"},{"@type":"Organization","@id":"https:\/\/www.altex.com.br\/blog\/#organization","name":"Altex","url":"https:\/\/www.altex.com.br\/blog\/","logo":{"@type":"ImageObject","inLanguage":"pt-BR","@id":"https:\/\/www.altex.com.br\/blog\/#\/schema\/logo\/image\/","url":"https:\/\/www.altex.com.br\/blog\/wp-content\/uploads\/2022\/08\/altex-logo.png","contentUrl":"https:\/\/www.altex.com.br\/blog\/wp-content\/uploads\/2022\/08\/altex-logo.png","width":155,"height":98,"caption":"Altex"},"image":{"@id":"https:\/\/www.altex.com.br\/blog\/#\/schema\/logo\/image\/"}},{"@type":"Person","@id":"https:\/\/www.altex.com.br\/blog\/#\/schema\/person\/3c2b4dc5fc14bfdd28a6a128d82aa511","name":"admin","image":{"@type":"ImageObject","inLanguage":"pt-BR","@id":"https:\/\/www.altex.com.br\/blog\/#\/schema\/person\/image\/","url":"https:\/\/secure.gravatar.com\/avatar\/3813f53848958b8842eeafda91666185a90010f65ed554379b78794cde6f234a?s=96&d=mm&r=g","contentUrl":"https:\/\/secure.gravatar.com\/avatar\/3813f53848958b8842eeafda91666185a90010f65ed554379b78794cde6f234a?s=96&d=mm&r=g","caption":"admin"},"sameAs":["https:\/\/altex.com.br\/blog"],"url":"https:\/\/www.altex.com.br\/blog\/author\/admin\/"}]}},"_links":{"self":[{"href":"https:\/\/www.altex.com.br\/blog\/wp-json\/wp\/v2\/posts\/448","targetHints":{"allow":["GET"]}}],"collection":[{"href":"https:\/\/www.altex.com.br\/blog\/wp-json\/wp\/v2\/posts"}],"about":[{"href":"https:\/\/www.altex.com.br\/blog\/wp-json\/wp\/v2\/types\/post"}],"author":[{"embeddable":true,"href":"https:\/\/www.altex.com.br\/blog\/wp-json\/wp\/v2\/users\/1"}],"replies":[{"embeddable":true,"href":"https:\/\/www.altex.com.br\/blog\/wp-json\/wp\/v2\/comments?post=448"}],"version-history":[{"count":1,"href":"https:\/\/www.altex.com.br\/blog\/wp-json\/wp\/v2\/posts\/448\/revisions"}],"predecessor-version":[{"id":451,"href":"https:\/\/www.altex.com.br\/blog\/wp-json\/wp\/v2\/posts\/448\/revisions\/451"}],"wp:featuredmedia":[{"embeddable":true,"href":"https:\/\/www.altex.com.br\/blog\/wp-json\/wp\/v2\/media\/449"}],"wp:attachment":[{"href":"https:\/\/www.altex.com.br\/blog\/wp-json\/wp\/v2\/media?parent=448"}],"wp:term":[{"taxonomy":"category","embeddable":true,"href":"https:\/\/www.altex.com.br\/blog\/wp-json\/wp\/v2\/categories?post=448"},{"taxonomy":"post_tag","embeddable":true,"href":"https:\/\/www.altex.com.br\/blog\/wp-json\/wp\/v2\/tags?post=448"}],"curies":[{"name":"wp","href":"https:\/\/api.w.org\/{rel}","templated":true}]}}