{"id":359,"date":"2025-05-22T19:42:10","date_gmt":"2025-05-22T19:42:10","guid":{"rendered":"https:\/\/www.altex.com.br\/blog\/?p=359"},"modified":"2025-05-22T19:45:32","modified_gmt":"2025-05-22T19:45:32","slug":"cortina-com-forro-entenda-por-que-esse-detalhe-faz-toda-a-diferenca-na-sua-decoracao","status":"publish","type":"post","link":"https:\/\/www.altex.com.br\/blog\/cortinas\/cortina-com-forro-entenda-por-que-esse-detalhe-faz-toda-a-diferenca-na-sua-decoracao\/","title":{"rendered":"Cortina com forro: entenda por que esse detalhe faz toda a diferen\u00e7a na sua decora\u00e7\u00e3o"},"content":{"rendered":"<span class=\"rt-reading-time\" style=\"display: block;\"><span class=\"rt-label rt-prefix\">Tempo de leitura<\/span> <span class=\"rt-time\">4<\/span> <span class=\"rt-label rt-postfix\">minutos<\/span><\/span>\n<p class=\"has-medium-font-size\"><strong><em>Descubra como a cortina com forro pode transformar a est\u00e9tica, o conforto t\u00e9rmico e a durabilidade da sua decora\u00e7\u00e3o. Conhe\u00e7a os diferentes tipos!<\/em><\/strong><\/p>\n\n\n\n<p>Uma cortina bem escolhida tem o poder de transformar qualquer ambiente. Mas quando falamos de cortina com forro, estamos tratando de um item que vai al\u00e9m da est\u00e9tica.&nbsp;<\/p>\n\n\n\n<p>Esse detalhe aparentemente simples faz toda a diferen\u00e7a no resultado final da decora\u00e7\u00e3o, no conforto do espa\u00e7o e at\u00e9 na durabilidade do investimento.<\/p>\n\n\n\n<p>A cortina com forro \u00e9 aquela que possui uma segunda camada de tecido posicionada atr\u00e1s da cortina principal. Pode ser de diferentes materiais, com densidades e finalidades variadas. E acredite: esse complemento muda tudo.<\/p>\n\n\n\n<p>Neste artigo, vamos explorar o porqu\u00ea de escolher uma cortina com forro ser uma decis\u00e3o inteligente, funcional e cheia de estilo. Continue lendo e entenda todos os benef\u00edcios \u2014 e no final, conhe\u00e7a a solu\u00e7\u00e3o ideal da Altex, refer\u00eancia no setor h\u00e1 mais de 20 anos.<\/p>\n\n\n\n<div id=\"ez-toc-container\" class=\"ez-toc-v2_0_65 counter-hierarchy ez-toc-counter ez-toc-grey ez-toc-container-direction\">\n<div class=\"ez-toc-title-container\">\n<p class=\"ez-toc-title \" >Table of Contents<\/p>\n<span class=\"ez-toc-title-toggle\"><a href=\"#\" class=\"ez-toc-pull-right ez-toc-btn ez-toc-btn-xs ez-toc-btn-default ez-toc-toggle\" aria-label=\"Toggle Table of Content\"><span class=\"ez-toc-js-icon-con\"><span class=\"\"><span class=\"eztoc-hide\" style=\"display:none;\">Toggle<\/span><span class=\"ez-toc-icon-toggle-span\"><svg style=\"fill: #999;color:#999\" xmlns=\"http:\/\/www.w3.org\/2000\/svg\" class=\"list-377408\" width=\"20px\" height=\"20px\" viewBox=\"0 0 24 24\" fill=\"none\"><path d=\"M6 6H4v2h2V6zm14 0H8v2h12V6zM4 11h2v2H4v-2zm16 0H8v2h12v-2zM4 16h2v2H4v-2zm16 0H8v2h12v-2z\" fill=\"currentColor\"><\/path><\/svg><svg style=\"fill: #999;color:#999\" class=\"arrow-unsorted-368013\" xmlns=\"http:\/\/www.w3.org\/2000\/svg\" width=\"10px\" height=\"10px\" viewBox=\"0 0 24 24\" version=\"1.2\" baseProfile=\"tiny\"><path d=\"M18.2 9.3l-6.2-6.3-6.2 6.3c-.2.2-.3.4-.3.7s.1.5.3.7c.2.2.4.3.7.3h11c.3 0 .5-.1.7-.3.2-.2.3-.5.3-.7s-.1-.5-.3-.7zM5.8 14.7l6.2 6.3 6.2-6.3c.2-.2.3-.5.3-.7s-.1-.5-.3-.7c-.2-.2-.4-.3-.7-.3h-11c-.3 0-.5.1-.7.3-.2.2-.3.5-.3.7s.1.5.3.7z\"\/><\/svg><\/span><\/span><\/span><\/a><\/span><\/div>\n<nav><ul class='ez-toc-list ez-toc-list-level-1 ' ><li class='ez-toc-page-1 ez-toc-heading-level-2'><a class=\"ez-toc-link ez-toc-heading-1\" href=\"https:\/\/www.altex.com.br\/blog\/cortinas\/cortina-com-forro-entenda-por-que-esse-detalhe-faz-toda-a-diferenca-na-sua-decoracao\/#O_que_e_uma_cortina_com_forro_e_como_ela_funciona\" title=\"O que \u00e9 uma cortina com forro e como ela funciona\">O que \u00e9 uma cortina com forro e como ela funciona<\/a><\/li><li class='ez-toc-page-1 ez-toc-heading-level-2'><a class=\"ez-toc-link ez-toc-heading-2\" href=\"https:\/\/www.altex.com.br\/blog\/cortinas\/cortina-com-forro-entenda-por-que-esse-detalhe-faz-toda-a-diferenca-na-sua-decoracao\/#Beneficios_da_cortina_com_forro_na_decoracao\" title=\"Benef\u00edcios da cortina com forro na decora\u00e7\u00e3o\">Benef\u00edcios da cortina com forro na decora\u00e7\u00e3o<\/a><\/li><li class='ez-toc-page-1 ez-toc-heading-level-2'><a class=\"ez-toc-link ez-toc-heading-3\" href=\"https:\/\/www.altex.com.br\/blog\/cortinas\/cortina-com-forro-entenda-por-que-esse-detalhe-faz-toda-a-diferenca-na-sua-decoracao\/#Como_escolher_o_forro_ideal_para_sua_cortina\" title=\"Como escolher o forro ideal para sua cortina\">Como escolher o forro ideal para sua cortina<\/a><\/li><li class='ez-toc-page-1 ez-toc-heading-level-2'><a class=\"ez-toc-link ez-toc-heading-4\" href=\"https:\/\/www.altex.com.br\/blog\/cortinas\/cortina-com-forro-entenda-por-que-esse-detalhe-faz-toda-a-diferenca-na-sua-decoracao\/#Cortina_com_forro_mais_que_decoracao_uma_escolha_funcional\" title=\"Cortina com forro: mais que decora\u00e7\u00e3o, uma escolha funcional\">Cortina com forro: mais que decora\u00e7\u00e3o, uma escolha funcional<\/a><\/li><li class='ez-toc-page-1 ez-toc-heading-level-2'><a class=\"ez-toc-link ez-toc-heading-5\" href=\"https:\/\/www.altex.com.br\/blog\/cortinas\/cortina-com-forro-entenda-por-que-esse-detalhe-faz-toda-a-diferenca-na-sua-decoracao\/#Conheca_a_cortina_com_forro_da_Altex_excelencia_em_personalizacao_e_qualidade\" title=\"Conhe\u00e7a a cortina com forro da Altex: excel\u00eancia em personaliza\u00e7\u00e3o e qualidade\">Conhe\u00e7a a cortina com forro da Altex: excel\u00eancia em personaliza\u00e7\u00e3o e qualidade<\/a><\/li><\/ul><\/nav><\/div>\n<h2 class=\"wp-block-heading\"><span class=\"ez-toc-section\" id=\"O_que_e_uma_cortina_com_forro_e_como_ela_funciona\"><\/span><strong>O que \u00e9 uma cortina com forro e como ela funciona<\/strong><span class=\"ez-toc-section-end\"><\/span><\/h2>\n\n\n\n<p>A cortina com forro \u00e9 composta por duas camadas: a primeira, o tecido principal, escolhido conforme a est\u00e9tica e o estilo desejado; a segunda, o forro, que fica atr\u00e1s e cumpre fun\u00e7\u00f5es espec\u00edficas.<\/p>\n\n\n\n<p>O forro pode ser feito de diversos materiais, como <strong>voil, tafet\u00e1, shantung, microfibra, gaze, gorgurinho, cetim ou blackout (80% ou 100%)<\/strong>.&nbsp;<\/p>\n\n\n\n<p>Cada um tem uma fun\u00e7\u00e3o espec\u00edfica: controlar a luminosidade, oferecer isolamento t\u00e9rmico, refor\u00e7ar a privacidade e proteger o tecido principal dos danos provocados por luz solar, poeira e polui\u00e7\u00e3o.<\/p>\n\n\n\n<p>Enquanto o tecido principal comp\u00f5e o visual do ambiente, o forro atua nos bastidores \u2014 mas <strong>com um papel que faz toda a diferen\u00e7a na experi\u00eancia do dia a dia<\/strong>.<\/p>\n\n\n\n<ul class=\"wp-block-list\">\n<li><a href=\"https:\/\/www.altex.com.br\/blog\/cortina-blackout\/cortina-blackout-para-quarto-a-opcao-perfeita-para-ambientes-intimistas-e-confortaveis\/\">Cortina blackout para quarto: a op\u00e7\u00e3o perfeita para ambientes intimistas e confort\u00e1veis<\/a><\/li>\n<\/ul>\n\n\n\n<h2 class=\"wp-block-heading\"><span class=\"ez-toc-section\" id=\"Beneficios_da_cortina_com_forro_na_decoracao\"><\/span><strong>Benef\u00edcios da cortina com forro na decora\u00e7\u00e3o<\/strong><span class=\"ez-toc-section-end\"><\/span><\/h2>\n\n\n\n<ul class=\"wp-block-list\">\n<li><strong>Controle da luminosidade:<\/strong> Com o forro certo, \u00e9 poss\u00edvel bloquear a entrada excessiva de luz no ambiente. Ambientes voltados para o sol da tarde, por exemplo, se beneficiam imensamente do uso de um <strong>forro blackout 100%<\/strong>, garantindo escurid\u00e3o total, ideal para quartos e salas de TV;<br><br><\/li>\n\n\n\n<li><strong>Isolamento t\u00e9rmico:<\/strong> Um dos grandes trunfos da cortina com forro \u00e9 manter o ambiente mais est\u00e1vel em rela\u00e7\u00e3o \u00e0 temperatura. O forro age como uma barreira contra o calor excessivo no ver\u00e3o e ajuda a manter o calor no inverno;<br><br><\/li>\n\n\n\n<li><strong>Prote\u00e7\u00e3o ao tecido principal:<\/strong> A exposi\u00e7\u00e3o direta ao sol pode desbotar e enfraquecer os tecidos ao longo do tempo. O forro funciona como um escudo, prolongando a vida \u00fatil da cortina e evitando trocas frequentes;<br><br><\/li>\n\n\n\n<li><strong>Aumento da privacidade:<\/strong> Cortinas mais leves ou transl\u00facidas, como as de <strong>voil<\/strong>, ganham mais privacidade quando acompanhadas de um forro. Assim, voc\u00ea pode manter a leveza visual sem abrir m\u00e3o da discri\u00e7\u00e3o necess\u00e1ria, especialmente em janelas voltadas para a rua ou vizinhos pr\u00f3ximos;<br><br><\/li>\n\n\n\n<li><strong>Est\u00e9tica e caimento sofisticado:<\/strong> O forro confere um caimento mais bonito, encorpado e alinhado ao tecido da cortina. Ele tamb\u00e9m evita que dobras e franzidos deixem transparecer a parte de tr\u00e1s da cortina, conferindo um acabamento mais limpo e elegante.<\/li>\n<\/ul>\n\n\n\n<h2 class=\"wp-block-heading\"><span class=\"ez-toc-section\" id=\"Como_escolher_o_forro_ideal_para_sua_cortina\"><\/span><strong>Como escolher o forro ideal para sua cortina<\/strong><span class=\"ez-toc-section-end\"><\/span><\/h2>\n\n\n\n<p>A escolha do forro deve levar em conta o ambiente, o objetivo de uso e o tecido principal da cortina. Veja algumas orienta\u00e7\u00f5es:<\/p>\n\n\n\n<ul class=\"wp-block-list\">\n<li><strong>Voil:<\/strong> indicado para quem busca leveza, mas deseja refor\u00e7ar o visual da cortina. Combina bem com tecidos mais pesados;<br><br><\/li>\n\n\n\n<li><strong>Tafet\u00e1 e shantung:<\/strong> s\u00e3o op\u00e7\u00f5es sofisticadas que agregam textura e refinamento ao conjunto;<br><br><\/li>\n\n\n\n<li><strong>Microfibra:<\/strong> vers\u00e1til e resistente, ideal para ambientes com uso intenso;<br><br><\/li>\n\n\n\n<li><strong>Gorgurinho e cetim:<\/strong> proporcionam um toque mais nobre e refor\u00e7ado;<br><br><\/li>\n\n\n\n<li><strong>Blackout 80% ou 100%:<\/strong> essencial para ambientes que precisam de escurecimento total, como quartos ou home theaters.<br><\/li>\n<\/ul>\n\n\n\n<p>\u00c9 importante harmonizar o tipo de forro com a cortina, tanto em termos de textura quanto de funcionalidade. Em geral, a combina\u00e7\u00e3o \u00e9 feita sob medida para cada projeto de decora\u00e7\u00e3o.<\/p>\n\n\n\n<ul class=\"wp-block-list\">\n<li><a href=\"https:\/\/www.altex.com.br\/blog\/persianas\/persiana-plissada-a-combinacao-de-conforto-elegancia-e-modernidade-para-o-seu-espaco\/\">Persiana plissada: a combina\u00e7\u00e3o de conforto, eleg\u00e2ncia e modernidade para o seu espa\u00e7o<\/a><\/li>\n<\/ul>\n\n\n\n<h2 class=\"wp-block-heading\"><span class=\"ez-toc-section\" id=\"Cortina_com_forro_mais_que_decoracao_uma_escolha_funcional\"><\/span><strong>Cortina com forro: mais que decora\u00e7\u00e3o, uma escolha funcional<\/strong><span class=\"ez-toc-section-end\"><\/span><\/h2>\n\n\n\n<p><strong>Para quem deseja unir est\u00e9tica, conforto e durabilidade, a cortina com forro \u00e9 um investimento certeiro<\/strong>. Ao longo dos anos, esse tipo de cortina deixou de ser um artigo exclusivo de hot\u00e9is e espa\u00e7os corporativos para se tornar acess\u00edvel e desejado em projetos residenciais.<\/p>\n\n\n<div class=\"wp-block-image\">\n<figure class=\"alignright size-full is-resized\"><img loading=\"lazy\" decoding=\"async\" width=\"361\" height=\"349\" src=\"https:\/\/www.altex.com.br\/blog\/wp-content\/uploads\/2025\/05\/cortina.png\" alt=\"Cortina com forro: entenda por que esse detalhe faz toda a diferen\u00e7a na sua decora\u00e7\u00e3o\n\" class=\"wp-image-361\" style=\"width:226px;height:auto\"\/><\/figure>\n<\/div>\n\n\n<p>Al\u00e9m disso, uma cortina com forro \u00e9 capaz de <strong>valorizar o ambiente e proporcionar uma sensa\u00e7\u00e3o de aconchego<\/strong> dif\u00edcil de conseguir com outros elementos decorativos. Quando bem projetada, ela se torna um verdadeiro trunfo de estilo e funcionalidade.<\/p>\n\n\n\n<p>Se voc\u00ea est\u00e1 reformando sua casa ou apenas buscando um toque novo para seus ambientes, considerar uma cortina com forro pode ser o detalhe que vai transformar tudo.<\/p>\n\n\n\n<ul class=\"wp-block-list\">\n<li><a href=\"https:\/\/www.altex.com.br\/blog\/cortinas\/cortina-modelo-wave-modernidade-e-conforto-para-o-seu-ambiente\/\">Cortina modelo wave: modernidade e conforto para o seu ambiente<\/a><\/li>\n<\/ul>\n\n\n\n<h2 class=\"wp-block-heading\"><span class=\"ez-toc-section\" id=\"Conheca_a_cortina_com_forro_da_Altex_excelencia_em_personalizacao_e_qualidade\"><\/span><strong>Conhe\u00e7a a cortina com forro da Altex: excel\u00eancia em personaliza\u00e7\u00e3o e qualidade<\/strong><span class=\"ez-toc-section-end\"><\/span><\/h2>\n\n\n\n<p>Quando se trata de tradi\u00e7\u00e3o, qualidade e atendimento personalizado, a <strong>Altex<\/strong> \u00e9 refer\u00eancia. Fundada em 1999 na Vila Leopoldina, em S\u00e3o Paulo, a marca se consolidou ao longo de mais de 20 anos como especialista em cortinas e persianas sob medida.<\/p>\n\n\n\n<p>A <strong>Altex oferece cortinas com forro feitas sob medida<\/strong>, com uma ampla variedade de tecidos e op\u00e7\u00f5es de forro, incluindo blackout 100% para ambientes que exigem escurecimento total e microfibra para quem busca equil\u00edbrio t\u00e9rmico e resist\u00eancia.<\/p>\n\n\n\n<p>Al\u00e9m da qualidade dos materiais, a marca se destaca por oferecer um <strong>atendimento consultivo, focado em entender as necessidades e prefer\u00eancias de cada cliente<\/strong>.&nbsp;<\/p>\n\n\n\n<p>Isso garante um resultado final que combina funcionalidade, beleza e conforto em qualquer tipo de ambiente \u2014 da sala de estar ao quarto do casal.<\/p>\n\n\n\n<p><strong>Deseja transformar o visual da sua casa com eleg\u00e2ncia e praticidade? <a href=\"https:\/\/www.altex.com.br\/contato\">Entre em contato<\/a> com a Altex e eleve o n\u00edvel da sua decora\u00e7\u00e3o!<\/strong><\/p>\n","protected":false},"excerpt":{"rendered":"<p><span class=\"rt-reading-time\" style=\"display: block;\"><span class=\"rt-label rt-prefix\">Tempo de leitura<\/span> <span class=\"rt-time\">4<\/span> <span class=\"rt-label rt-postfix\">minutos<\/span><\/span> Descubra como a cortina com forro pode transformar a est\u00e9tica, o conforto t\u00e9rmico e a durabilidade da sua decora\u00e7\u00e3o. Conhe\u00e7a os diferentes tipos! Uma cortina bem escolhida tem o poder de transformar qualquer ambiente. Mas quando falamos de cortina com forro, estamos tratando de um item que vai al\u00e9m da est\u00e9tica.&nbsp; Esse detalhe aparentemente simples &hellip; <\/p>\n","protected":false},"author":1,"featured_media":360,"comment_status":"open","ping_status":"open","sticky":false,"template":"","format":"standard","meta":{"footnotes":""},"categories":[10],"tags":[169,4291,4296,628,4171,4284,4299,4315,4311,4308,4307,4310,4314,4316,4309,4317,4312,4306,4313,4294,4295,4293,4290,4292,4285,4289,4288,4304,4300,4301,4302,4303,4287,4298,4286,4305,4297],"class_list":["post-359","post","type-post","status-publish","format-standard","has-post-thumbnail","hentry","category-cortinas","tag-altex-cortinas-e-persianas","tag-beneficios-do-forro-na-cortina","tag-como-escolher-cortina-com-forro","tag-cortina-blackout-100","tag-cortina-blackout-sob-medida","tag-cortina-com-forro","tag-cortina-com-forro-altex","tag-cortina-com-forro-em-pinheiros","tag-cortina-com-forro-em-promocao","tag-cortina-com-forro-em-sao-paulo","tag-cortina-com-forro-em-sp","tag-cortina-com-forro-na-lapa","tag-cortina-com-forro-na-vila-leopoldina","tag-cortina-com-forro-na-vila-mariana","tag-cortina-com-forro-no-butanta","tag-cortina-com-forro-no-jaguare","tag-cortina-com-forro-perto-de-mim","tag-cortina-com-forro-preco","tag-cortina-com-forro-proximo-a-mim","tag-cortina-com-microfibra","tag-cortina-com-shantung","tag-cortina-com-voil-e-forro","tag-cortina-de-quarto-com-blackout","tag-cortina-dupla-com-forro","tag-cortina-para-isolamento-termico","tag-cortina-para-sala-com-forro","tag-cortina-personalizada","tag-distribuidor-de-cortina-com-forro","tag-empresa-de-cortina-com-forro","tag-fabrica-de-cortina-com-forro","tag-fabricante-de-cortina-com-forro","tag-fornecedor-de-cortina-com-forro","tag-forro-blackout","tag-forro-de-gorgurinho-para-cortina","tag-forro-para-cortina","tag-loja-de-cortina-com-forro","tag-vantagens-da-cortina-com-forro"],"yoast_head":"<!-- This site is optimized with the Yoast SEO plugin v22.5 - https:\/\/yoast.com\/wordpress\/plugins\/seo\/ -->\n<title>Cortina com forro: entenda por que esse detalhe faz toda a diferen\u00e7a na sua decora\u00e7\u00e3o - Altex<\/title>\n<meta name=\"description\" content=\"Descubra como a cortina com forro pode transformar a est\u00e9tica, o conforto t\u00e9rmico e a durabilidade da sua decora\u00e7\u00e3o. Conhe\u00e7a os diferentes tipos!\" \/>\n<meta name=\"robots\" content=\"index, follow, max-snippet:-1, max-image-preview:large, max-video-preview:-1\" \/>\n<link rel=\"canonical\" href=\"https:\/\/www.altex.com.br\/blog\/cortinas\/cortina-com-forro-entenda-por-que-esse-detalhe-faz-toda-a-diferenca-na-sua-decoracao\/\" \/>\n<meta property=\"og:locale\" content=\"pt_BR\" \/>\n<meta property=\"og:type\" content=\"article\" \/>\n<meta property=\"og:title\" content=\"Cortina com forro: entenda por que esse detalhe faz toda a diferen\u00e7a na sua decora\u00e7\u00e3o - Altex\" \/>\n<meta property=\"og:description\" content=\"Descubra como a cortina com forro pode transformar a est\u00e9tica, o conforto t\u00e9rmico e a durabilidade da sua decora\u00e7\u00e3o. Conhe\u00e7a os diferentes tipos!\" \/>\n<meta property=\"og:url\" content=\"https:\/\/www.altex.com.br\/blog\/cortinas\/cortina-com-forro-entenda-por-que-esse-detalhe-faz-toda-a-diferenca-na-sua-decoracao\/\" \/>\n<meta property=\"og:site_name\" content=\"Altex\" \/>\n<meta property=\"article:published_time\" content=\"2025-05-22T19:42:10+00:00\" \/>\n<meta property=\"article:modified_time\" content=\"2025-05-22T19:45:32+00:00\" \/>\n<meta property=\"og:image\" content=\"https:\/\/www.altex.com.br\/blog\/wp-content\/uploads\/2025\/05\/cortina-com-forro.png\" \/>\n\t<meta property=\"og:image:width\" content=\"552\" \/>\n\t<meta property=\"og:image:height\" content=\"353\" \/>\n\t<meta property=\"og:image:type\" content=\"image\/png\" \/>\n<meta name=\"author\" content=\"admin\" \/>\n<meta name=\"twitter:card\" content=\"summary_large_image\" \/>\n<meta name=\"twitter:label1\" content=\"Escrito por\" \/>\n\t<meta name=\"twitter:data1\" content=\"admin\" \/>\n\t<meta name=\"twitter:label2\" content=\"Est. tempo de leitura\" \/>\n\t<meta name=\"twitter:data2\" content=\"6 minutos\" \/>\n<script type=\"application\/ld+json\" class=\"yoast-schema-graph\">{\"@context\":\"https:\/\/schema.org\",\"@graph\":[{\"@type\":\"Article\",\"@id\":\"https:\/\/www.altex.com.br\/blog\/cortinas\/cortina-com-forro-entenda-por-que-esse-detalhe-faz-toda-a-diferenca-na-sua-decoracao\/#article\",\"isPartOf\":{\"@id\":\"https:\/\/www.altex.com.br\/blog\/cortinas\/cortina-com-forro-entenda-por-que-esse-detalhe-faz-toda-a-diferenca-na-sua-decoracao\/\"},\"author\":{\"name\":\"admin\",\"@id\":\"https:\/\/www.altex.com.br\/blog\/#\/schema\/person\/3c2b4dc5fc14bfdd28a6a128d82aa511\"},\"headline\":\"Cortina com forro: entenda por que esse detalhe faz toda a diferen\u00e7a na sua decora\u00e7\u00e3o\",\"datePublished\":\"2025-05-22T19:42:10+00:00\",\"dateModified\":\"2025-05-22T19:45:32+00:00\",\"mainEntityOfPage\":{\"@id\":\"https:\/\/www.altex.com.br\/blog\/cortinas\/cortina-com-forro-entenda-por-que-esse-detalhe-faz-toda-a-diferenca-na-sua-decoracao\/\"},\"wordCount\":1015,\"commentCount\":0,\"publisher\":{\"@id\":\"https:\/\/www.altex.com.br\/blog\/#organization\"},\"image\":{\"@id\":\"https:\/\/www.altex.com.br\/blog\/cortinas\/cortina-com-forro-entenda-por-que-esse-detalhe-faz-toda-a-diferenca-na-sua-decoracao\/#primaryimage\"},\"thumbnailUrl\":\"https:\/\/www.altex.com.br\/blog\/wp-content\/uploads\/2025\/05\/cortina-com-forro.png\",\"keywords\":[\"Altex Cortinas e Persianas\",\"benef\u00edcios do forro na cortina\",\"como escolher cortina com forro\",\"cortina blackout 100%\",\"cortina blackout sob medida\",\"cortina com forro\",\"cortina com forro Altex\",\"cortina com forro em Pinheiros\",\"cortina com forro em promo\u00e7\u00e3o\",\"cortina com forro em s\u00e3o paulo\",\"cortina com forro em sp\",\"cortina com forro na Lapa\",\"cortina com forro na Vila Leopoldina\",\"cortina com forro na Vila Mariana\",\"cortina com forro no Butant\u00e3\",\"cortina com forro no Jaguar\u00e9\",\"cortina com forro perto de mim\",\"cortina com forro pre\u00e7o\",\"cortina com forro pr\u00f3ximo a mim\",\"cortina com microfibra\",\"cortina com shantung\",\"cortina com voil e forro\",\"cortina de quarto com blackout\",\"cortina dupla com forro\",\"cortina para isolamento t\u00e9rmico\",\"cortina para sala com forro\",\"cortina personalizada\",\"distribuidor de cortina com forro\",\"empresa de cortina com forro\",\"f\u00e1brica de cortina com forro\",\"fabricante de cortina com forro\",\"fornecedor de cortina com forro\",\"forro blackout\",\"forro de gorgurinho para cortina\",\"forro para cortina\",\"loja de cortina com forro\",\"vantagens da cortina com forro\"],\"articleSection\":[\"Cortinas\"],\"inLanguage\":\"pt-BR\",\"potentialAction\":[{\"@type\":\"CommentAction\",\"name\":\"Comment\",\"target\":[\"https:\/\/www.altex.com.br\/blog\/cortinas\/cortina-com-forro-entenda-por-que-esse-detalhe-faz-toda-a-diferenca-na-sua-decoracao\/#respond\"]}]},{\"@type\":\"WebPage\",\"@id\":\"https:\/\/www.altex.com.br\/blog\/cortinas\/cortina-com-forro-entenda-por-que-esse-detalhe-faz-toda-a-diferenca-na-sua-decoracao\/\",\"url\":\"https:\/\/www.altex.com.br\/blog\/cortinas\/cortina-com-forro-entenda-por-que-esse-detalhe-faz-toda-a-diferenca-na-sua-decoracao\/\",\"name\":\"Cortina com forro: entenda por que esse detalhe faz toda a diferen\u00e7a na sua decora\u00e7\u00e3o - Altex\",\"isPartOf\":{\"@id\":\"https:\/\/www.altex.com.br\/blog\/#website\"},\"primaryImageOfPage\":{\"@id\":\"https:\/\/www.altex.com.br\/blog\/cortinas\/cortina-com-forro-entenda-por-que-esse-detalhe-faz-toda-a-diferenca-na-sua-decoracao\/#primaryimage\"},\"image\":{\"@id\":\"https:\/\/www.altex.com.br\/blog\/cortinas\/cortina-com-forro-entenda-por-que-esse-detalhe-faz-toda-a-diferenca-na-sua-decoracao\/#primaryimage\"},\"thumbnailUrl\":\"https:\/\/www.altex.com.br\/blog\/wp-content\/uploads\/2025\/05\/cortina-com-forro.png\",\"datePublished\":\"2025-05-22T19:42:10+00:00\",\"dateModified\":\"2025-05-22T19:45:32+00:00\",\"description\":\"Descubra como a cortina com forro pode transformar a est\u00e9tica, o conforto t\u00e9rmico e a durabilidade da sua decora\u00e7\u00e3o. Conhe\u00e7a os diferentes tipos!\",\"breadcrumb\":{\"@id\":\"https:\/\/www.altex.com.br\/blog\/cortinas\/cortina-com-forro-entenda-por-que-esse-detalhe-faz-toda-a-diferenca-na-sua-decoracao\/#breadcrumb\"},\"inLanguage\":\"pt-BR\",\"potentialAction\":[{\"@type\":\"ReadAction\",\"target\":[\"https:\/\/www.altex.com.br\/blog\/cortinas\/cortina-com-forro-entenda-por-que-esse-detalhe-faz-toda-a-diferenca-na-sua-decoracao\/\"]}]},{\"@type\":\"ImageObject\",\"inLanguage\":\"pt-BR\",\"@id\":\"https:\/\/www.altex.com.br\/blog\/cortinas\/cortina-com-forro-entenda-por-que-esse-detalhe-faz-toda-a-diferenca-na-sua-decoracao\/#primaryimage\",\"url\":\"https:\/\/www.altex.com.br\/blog\/wp-content\/uploads\/2025\/05\/cortina-com-forro.png\",\"contentUrl\":\"https:\/\/www.altex.com.br\/blog\/wp-content\/uploads\/2025\/05\/cortina-com-forro.png\",\"width\":552,\"height\":353,\"caption\":\"Cortina com forro: entenda por que esse detalhe faz toda a diferen\u00e7a na sua decora\u00e7\u00e3o\"},{\"@type\":\"BreadcrumbList\",\"@id\":\"https:\/\/www.altex.com.br\/blog\/cortinas\/cortina-com-forro-entenda-por-que-esse-detalhe-faz-toda-a-diferenca-na-sua-decoracao\/#breadcrumb\",\"itemListElement\":[{\"@type\":\"ListItem\",\"position\":1,\"name\":\"In\u00edcio\",\"item\":\"https:\/\/www.altex.com.br\/blog\/\"},{\"@type\":\"ListItem\",\"position\":2,\"name\":\"Cortina com forro: entenda por que esse detalhe faz toda a diferen\u00e7a na sua decora\u00e7\u00e3o\"}]},{\"@type\":\"WebSite\",\"@id\":\"https:\/\/www.altex.com.br\/blog\/#website\",\"url\":\"https:\/\/www.altex.com.br\/blog\/\",\"name\":\"Altex\",\"description\":\"Blog\",\"publisher\":{\"@id\":\"https:\/\/www.altex.com.br\/blog\/#organization\"},\"potentialAction\":[{\"@type\":\"SearchAction\",\"target\":{\"@type\":\"EntryPoint\",\"urlTemplate\":\"https:\/\/www.altex.com.br\/blog\/?s={search_term_string}\"},\"query-input\":\"required name=search_term_string\"}],\"inLanguage\":\"pt-BR\"},{\"@type\":\"Organization\",\"@id\":\"https:\/\/www.altex.com.br\/blog\/#organization\",\"name\":\"Altex\",\"url\":\"https:\/\/www.altex.com.br\/blog\/\",\"logo\":{\"@type\":\"ImageObject\",\"inLanguage\":\"pt-BR\",\"@id\":\"https:\/\/www.altex.com.br\/blog\/#\/schema\/logo\/image\/\",\"url\":\"https:\/\/www.altex.com.br\/blog\/wp-content\/uploads\/2022\/08\/altex-logo.png\",\"contentUrl\":\"https:\/\/www.altex.com.br\/blog\/wp-content\/uploads\/2022\/08\/altex-logo.png\",\"width\":155,\"height\":98,\"caption\":\"Altex\"},\"image\":{\"@id\":\"https:\/\/www.altex.com.br\/blog\/#\/schema\/logo\/image\/\"}},{\"@type\":\"Person\",\"@id\":\"https:\/\/www.altex.com.br\/blog\/#\/schema\/person\/3c2b4dc5fc14bfdd28a6a128d82aa511\",\"name\":\"admin\",\"image\":{\"@type\":\"ImageObject\",\"inLanguage\":\"pt-BR\",\"@id\":\"https:\/\/www.altex.com.br\/blog\/#\/schema\/person\/image\/\",\"url\":\"https:\/\/secure.gravatar.com\/avatar\/3813f53848958b8842eeafda91666185a90010f65ed554379b78794cde6f234a?s=96&d=mm&r=g\",\"contentUrl\":\"https:\/\/secure.gravatar.com\/avatar\/3813f53848958b8842eeafda91666185a90010f65ed554379b78794cde6f234a?s=96&d=mm&r=g\",\"caption\":\"admin\"},\"sameAs\":[\"https:\/\/altex.com.br\/blog\"],\"url\":\"https:\/\/www.altex.com.br\/blog\/author\/admin\/\"}]}<\/script>\n<!-- \/ Yoast SEO plugin. -->","yoast_head_json":{"title":"Cortina com forro: entenda por que esse detalhe faz toda a diferen\u00e7a na sua decora\u00e7\u00e3o - Altex","description":"Descubra como a cortina com forro pode transformar a est\u00e9tica, o conforto t\u00e9rmico e a durabilidade da sua decora\u00e7\u00e3o. Conhe\u00e7a os diferentes tipos!","robots":{"index":"index","follow":"follow","max-snippet":"max-snippet:-1","max-image-preview":"max-image-preview:large","max-video-preview":"max-video-preview:-1"},"canonical":"https:\/\/www.altex.com.br\/blog\/cortinas\/cortina-com-forro-entenda-por-que-esse-detalhe-faz-toda-a-diferenca-na-sua-decoracao\/","og_locale":"pt_BR","og_type":"article","og_title":"Cortina com forro: entenda por que esse detalhe faz toda a diferen\u00e7a na sua decora\u00e7\u00e3o - Altex","og_description":"Descubra como a cortina com forro pode transformar a est\u00e9tica, o conforto t\u00e9rmico e a durabilidade da sua decora\u00e7\u00e3o. Conhe\u00e7a os diferentes tipos!","og_url":"https:\/\/www.altex.com.br\/blog\/cortinas\/cortina-com-forro-entenda-por-que-esse-detalhe-faz-toda-a-diferenca-na-sua-decoracao\/","og_site_name":"Altex","article_published_time":"2025-05-22T19:42:10+00:00","article_modified_time":"2025-05-22T19:45:32+00:00","og_image":[{"width":552,"height":353,"url":"https:\/\/www.altex.com.br\/blog\/wp-content\/uploads\/2025\/05\/cortina-com-forro.png","type":"image\/png"}],"author":"admin","twitter_card":"summary_large_image","twitter_misc":{"Escrito por":"admin","Est. tempo de leitura":"6 minutos"},"schema":{"@context":"https:\/\/schema.org","@graph":[{"@type":"Article","@id":"https:\/\/www.altex.com.br\/blog\/cortinas\/cortina-com-forro-entenda-por-que-esse-detalhe-faz-toda-a-diferenca-na-sua-decoracao\/#article","isPartOf":{"@id":"https:\/\/www.altex.com.br\/blog\/cortinas\/cortina-com-forro-entenda-por-que-esse-detalhe-faz-toda-a-diferenca-na-sua-decoracao\/"},"author":{"name":"admin","@id":"https:\/\/www.altex.com.br\/blog\/#\/schema\/person\/3c2b4dc5fc14bfdd28a6a128d82aa511"},"headline":"Cortina com forro: entenda por que esse detalhe faz toda a diferen\u00e7a na sua decora\u00e7\u00e3o","datePublished":"2025-05-22T19:42:10+00:00","dateModified":"2025-05-22T19:45:32+00:00","mainEntityOfPage":{"@id":"https:\/\/www.altex.com.br\/blog\/cortinas\/cortina-com-forro-entenda-por-que-esse-detalhe-faz-toda-a-diferenca-na-sua-decoracao\/"},"wordCount":1015,"commentCount":0,"publisher":{"@id":"https:\/\/www.altex.com.br\/blog\/#organization"},"image":{"@id":"https:\/\/www.altex.com.br\/blog\/cortinas\/cortina-com-forro-entenda-por-que-esse-detalhe-faz-toda-a-diferenca-na-sua-decoracao\/#primaryimage"},"thumbnailUrl":"https:\/\/www.altex.com.br\/blog\/wp-content\/uploads\/2025\/05\/cortina-com-forro.png","keywords":["Altex Cortinas e Persianas","benef\u00edcios do forro na cortina","como escolher cortina com forro","cortina blackout 100%","cortina blackout sob medida","cortina com forro","cortina com forro Altex","cortina com forro em Pinheiros","cortina com forro em promo\u00e7\u00e3o","cortina com forro em s\u00e3o paulo","cortina com forro em sp","cortina com forro na Lapa","cortina com forro na Vila Leopoldina","cortina com forro na Vila Mariana","cortina com forro no Butant\u00e3","cortina com forro no Jaguar\u00e9","cortina com forro perto de mim","cortina com forro pre\u00e7o","cortina com forro pr\u00f3ximo a mim","cortina com microfibra","cortina com shantung","cortina com voil e forro","cortina de quarto com blackout","cortina dupla com forro","cortina para isolamento t\u00e9rmico","cortina para sala com forro","cortina personalizada","distribuidor de cortina com forro","empresa de cortina com forro","f\u00e1brica de cortina com forro","fabricante de cortina com forro","fornecedor de cortina com forro","forro blackout","forro de gorgurinho para cortina","forro para cortina","loja de cortina com forro","vantagens da cortina com forro"],"articleSection":["Cortinas"],"inLanguage":"pt-BR","potentialAction":[{"@type":"CommentAction","name":"Comment","target":["https:\/\/www.altex.com.br\/blog\/cortinas\/cortina-com-forro-entenda-por-que-esse-detalhe-faz-toda-a-diferenca-na-sua-decoracao\/#respond"]}]},{"@type":"WebPage","@id":"https:\/\/www.altex.com.br\/blog\/cortinas\/cortina-com-forro-entenda-por-que-esse-detalhe-faz-toda-a-diferenca-na-sua-decoracao\/","url":"https:\/\/www.altex.com.br\/blog\/cortinas\/cortina-com-forro-entenda-por-que-esse-detalhe-faz-toda-a-diferenca-na-sua-decoracao\/","name":"Cortina com forro: entenda por que esse detalhe faz toda a diferen\u00e7a na sua decora\u00e7\u00e3o - Altex","isPartOf":{"@id":"https:\/\/www.altex.com.br\/blog\/#website"},"primaryImageOfPage":{"@id":"https:\/\/www.altex.com.br\/blog\/cortinas\/cortina-com-forro-entenda-por-que-esse-detalhe-faz-toda-a-diferenca-na-sua-decoracao\/#primaryimage"},"image":{"@id":"https:\/\/www.altex.com.br\/blog\/cortinas\/cortina-com-forro-entenda-por-que-esse-detalhe-faz-toda-a-diferenca-na-sua-decoracao\/#primaryimage"},"thumbnailUrl":"https:\/\/www.altex.com.br\/blog\/wp-content\/uploads\/2025\/05\/cortina-com-forro.png","datePublished":"2025-05-22T19:42:10+00:00","dateModified":"2025-05-22T19:45:32+00:00","description":"Descubra como a cortina com forro pode transformar a est\u00e9tica, o conforto t\u00e9rmico e a durabilidade da sua decora\u00e7\u00e3o. Conhe\u00e7a os diferentes tipos!","breadcrumb":{"@id":"https:\/\/www.altex.com.br\/blog\/cortinas\/cortina-com-forro-entenda-por-que-esse-detalhe-faz-toda-a-diferenca-na-sua-decoracao\/#breadcrumb"},"inLanguage":"pt-BR","potentialAction":[{"@type":"ReadAction","target":["https:\/\/www.altex.com.br\/blog\/cortinas\/cortina-com-forro-entenda-por-que-esse-detalhe-faz-toda-a-diferenca-na-sua-decoracao\/"]}]},{"@type":"ImageObject","inLanguage":"pt-BR","@id":"https:\/\/www.altex.com.br\/blog\/cortinas\/cortina-com-forro-entenda-por-que-esse-detalhe-faz-toda-a-diferenca-na-sua-decoracao\/#primaryimage","url":"https:\/\/www.altex.com.br\/blog\/wp-content\/uploads\/2025\/05\/cortina-com-forro.png","contentUrl":"https:\/\/www.altex.com.br\/blog\/wp-content\/uploads\/2025\/05\/cortina-com-forro.png","width":552,"height":353,"caption":"Cortina com forro: entenda por que esse detalhe faz toda a diferen\u00e7a na sua decora\u00e7\u00e3o"},{"@type":"BreadcrumbList","@id":"https:\/\/www.altex.com.br\/blog\/cortinas\/cortina-com-forro-entenda-por-que-esse-detalhe-faz-toda-a-diferenca-na-sua-decoracao\/#breadcrumb","itemListElement":[{"@type":"ListItem","position":1,"name":"In\u00edcio","item":"https:\/\/www.altex.com.br\/blog\/"},{"@type":"ListItem","position":2,"name":"Cortina com forro: entenda por que esse detalhe faz toda a diferen\u00e7a na sua decora\u00e7\u00e3o"}]},{"@type":"WebSite","@id":"https:\/\/www.altex.com.br\/blog\/#website","url":"https:\/\/www.altex.com.br\/blog\/","name":"Altex","description":"Blog","publisher":{"@id":"https:\/\/www.altex.com.br\/blog\/#organization"},"potentialAction":[{"@type":"SearchAction","target":{"@type":"EntryPoint","urlTemplate":"https:\/\/www.altex.com.br\/blog\/?s={search_term_string}"},"query-input":"required name=search_term_string"}],"inLanguage":"pt-BR"},{"@type":"Organization","@id":"https:\/\/www.altex.com.br\/blog\/#organization","name":"Altex","url":"https:\/\/www.altex.com.br\/blog\/","logo":{"@type":"ImageObject","inLanguage":"pt-BR","@id":"https:\/\/www.altex.com.br\/blog\/#\/schema\/logo\/image\/","url":"https:\/\/www.altex.com.br\/blog\/wp-content\/uploads\/2022\/08\/altex-logo.png","contentUrl":"https:\/\/www.altex.com.br\/blog\/wp-content\/uploads\/2022\/08\/altex-logo.png","width":155,"height":98,"caption":"Altex"},"image":{"@id":"https:\/\/www.altex.com.br\/blog\/#\/schema\/logo\/image\/"}},{"@type":"Person","@id":"https:\/\/www.altex.com.br\/blog\/#\/schema\/person\/3c2b4dc5fc14bfdd28a6a128d82aa511","name":"admin","image":{"@type":"ImageObject","inLanguage":"pt-BR","@id":"https:\/\/www.altex.com.br\/blog\/#\/schema\/person\/image\/","url":"https:\/\/secure.gravatar.com\/avatar\/3813f53848958b8842eeafda91666185a90010f65ed554379b78794cde6f234a?s=96&d=mm&r=g","contentUrl":"https:\/\/secure.gravatar.com\/avatar\/3813f53848958b8842eeafda91666185a90010f65ed554379b78794cde6f234a?s=96&d=mm&r=g","caption":"admin"},"sameAs":["https:\/\/altex.com.br\/blog"],"url":"https:\/\/www.altex.com.br\/blog\/author\/admin\/"}]}},"_links":{"self":[{"href":"https:\/\/www.altex.com.br\/blog\/wp-json\/wp\/v2\/posts\/359","targetHints":{"allow":["GET"]}}],"collection":[{"href":"https:\/\/www.altex.com.br\/blog\/wp-json\/wp\/v2\/posts"}],"about":[{"href":"https:\/\/www.altex.com.br\/blog\/wp-json\/wp\/v2\/types\/post"}],"author":[{"embeddable":true,"href":"https:\/\/www.altex.com.br\/blog\/wp-json\/wp\/v2\/users\/1"}],"replies":[{"embeddable":true,"href":"https:\/\/www.altex.com.br\/blog\/wp-json\/wp\/v2\/comments?post=359"}],"version-history":[{"count":1,"href":"https:\/\/www.altex.com.br\/blog\/wp-json\/wp\/v2\/posts\/359\/revisions"}],"predecessor-version":[{"id":362,"href":"https:\/\/www.altex.com.br\/blog\/wp-json\/wp\/v2\/posts\/359\/revisions\/362"}],"wp:featuredmedia":[{"embeddable":true,"href":"https:\/\/www.altex.com.br\/blog\/wp-json\/wp\/v2\/media\/360"}],"wp:attachment":[{"href":"https:\/\/www.altex.com.br\/blog\/wp-json\/wp\/v2\/media?parent=359"}],"wp:term":[{"taxonomy":"category","embeddable":true,"href":"https:\/\/www.altex.com.br\/blog\/wp-json\/wp\/v2\/categories?post=359"},{"taxonomy":"post_tag","embeddable":true,"href":"https:\/\/www.altex.com.br\/blog\/wp-json\/wp\/v2\/tags?post=359"}],"curies":[{"name":"wp","href":"https:\/\/api.w.org\/{rel}","templated":true}]}}