{"id":335,"date":"2025-03-07T17:47:33","date_gmt":"2025-03-07T17:47:33","guid":{"rendered":"https:\/\/www.altex.com.br\/blog\/?p=335"},"modified":"2025-03-07T17:47:35","modified_gmt":"2025-03-07T17:47:35","slug":"persiana-plissada-a-combinacao-de-conforto-elegancia-e-modernidade-para-o-seu-espaco","status":"publish","type":"post","link":"https:\/\/www.altex.com.br\/blog\/persianas\/persiana-plissada-a-combinacao-de-conforto-elegancia-e-modernidade-para-o-seu-espaco\/","title":{"rendered":"Persiana plissada: a combina\u00e7\u00e3o de conforto, eleg\u00e2ncia e modernidade para o seu espa\u00e7o"},"content":{"rendered":"<span class=\"rt-reading-time\" style=\"display: block;\"><span class=\"rt-label rt-prefix\">Tempo de leitura<\/span> <span class=\"rt-time\">3<\/span> <span class=\"rt-label rt-postfix\">minutos<\/span><\/span>\n<p><strong><em>Descubra como a persiana plissada pode transformar seu ambiente com sofistica\u00e7\u00e3o e funcionalidade. Conhe\u00e7a seus benef\u00edcios!<\/em><\/strong><\/p>\n\n\n\n<p>A escolha das cortinas e persianas influencia diretamente a est\u00e9tica e o conforto de um ambiente. Entre tantas op\u00e7\u00f5es, a persiana plissada se destaca por sua eleg\u00e2ncia, praticidade e funcionalidade.<\/p>\n\n\n\n<p>Com um design sofisticado e compacto, esse modelo \u00e9 ideal para quem deseja otimizar o espa\u00e7o sem abrir m\u00e3o do estilo. Al\u00e9m disso, oferece excelente desempenho t\u00e9rmico e ac\u00fastico, tornando o ambiente mais aconchegante e protegido.<\/p>\n\n\n\n<p>Se voc\u00ea busca um elemento decorativo que alie beleza e efici\u00eancia, a persiana plissada pode ser a solu\u00e7\u00e3o ideal. Descubra neste artigo suas vantagens e como utiliz\u00e1-la no seu espa\u00e7o.<\/p>\n\n\n\n<div id=\"ez-toc-container\" class=\"ez-toc-v2_0_65 counter-hierarchy ez-toc-counter ez-toc-grey ez-toc-container-direction\">\n<div class=\"ez-toc-title-container\">\n<p class=\"ez-toc-title \" >Table of Contents<\/p>\n<span class=\"ez-toc-title-toggle\"><a href=\"#\" class=\"ez-toc-pull-right ez-toc-btn ez-toc-btn-xs ez-toc-btn-default ez-toc-toggle\" aria-label=\"Toggle Table of Content\"><span class=\"ez-toc-js-icon-con\"><span class=\"\"><span class=\"eztoc-hide\" style=\"display:none;\">Toggle<\/span><span class=\"ez-toc-icon-toggle-span\"><svg style=\"fill: #999;color:#999\" xmlns=\"http:\/\/www.w3.org\/2000\/svg\" class=\"list-377408\" width=\"20px\" height=\"20px\" viewBox=\"0 0 24 24\" fill=\"none\"><path d=\"M6 6H4v2h2V6zm14 0H8v2h12V6zM4 11h2v2H4v-2zm16 0H8v2h12v-2zM4 16h2v2H4v-2zm16 0H8v2h12v-2z\" fill=\"currentColor\"><\/path><\/svg><svg style=\"fill: #999;color:#999\" class=\"arrow-unsorted-368013\" xmlns=\"http:\/\/www.w3.org\/2000\/svg\" width=\"10px\" height=\"10px\" viewBox=\"0 0 24 24\" version=\"1.2\" baseProfile=\"tiny\"><path d=\"M18.2 9.3l-6.2-6.3-6.2 6.3c-.2.2-.3.4-.3.7s.1.5.3.7c.2.2.4.3.7.3h11c.3 0 .5-.1.7-.3.2-.2.3-.5.3-.7s-.1-.5-.3-.7zM5.8 14.7l6.2 6.3 6.2-6.3c.2-.2.3-.5.3-.7s-.1-.5-.3-.7c-.2-.2-.4-.3-.7-.3h-11c-.3 0-.5.1-.7.3-.2.2-.3.5-.3.7s.1.5.3.7z\"\/><\/svg><\/span><\/span><\/span><\/a><\/span><\/div>\n<nav><ul class='ez-toc-list ez-toc-list-level-1 ' ><li class='ez-toc-page-1 ez-toc-heading-level-2'><a class=\"ez-toc-link ez-toc-heading-1\" href=\"https:\/\/www.altex.com.br\/blog\/persianas\/persiana-plissada-a-combinacao-de-conforto-elegancia-e-modernidade-para-o-seu-espaco\/#O_que_e_a_persiana_plissada\" title=\"O que \u00e9 a persiana plissada?\">O que \u00e9 a persiana plissada?<\/a><\/li><li class='ez-toc-page-1 ez-toc-heading-level-2'><a class=\"ez-toc-link ez-toc-heading-2\" href=\"https:\/\/www.altex.com.br\/blog\/persianas\/persiana-plissada-a-combinacao-de-conforto-elegancia-e-modernidade-para-o-seu-espaco\/#Principais_beneficios_da_persiana_plissada\" title=\"Principais benef\u00edcios da persiana plissada\">Principais benef\u00edcios da persiana plissada<\/a><\/li><li class='ez-toc-page-1 ez-toc-heading-level-2'><a class=\"ez-toc-link ez-toc-heading-3\" href=\"https:\/\/www.altex.com.br\/blog\/persianas\/persiana-plissada-a-combinacao-de-conforto-elegancia-e-modernidade-para-o-seu-espaco\/#Onde_utilizar_a_persiana_plissada\" title=\"Onde utilizar a persiana plissada?\">Onde utilizar a persiana plissada?<\/a><\/li><li class='ez-toc-page-1 ez-toc-heading-level-2'><a class=\"ez-toc-link ez-toc-heading-4\" href=\"https:\/\/www.altex.com.br\/blog\/persianas\/persiana-plissada-a-combinacao-de-conforto-elegancia-e-modernidade-para-o-seu-espaco\/#Como_escolher_a_persiana_plissada_ideal\" title=\"Como escolher a persiana plissada ideal\">Como escolher a persiana plissada ideal<\/a><\/li><li class='ez-toc-page-1 ez-toc-heading-level-2'><a class=\"ez-toc-link ez-toc-heading-5\" href=\"https:\/\/www.altex.com.br\/blog\/persianas\/persiana-plissada-a-combinacao-de-conforto-elegancia-e-modernidade-para-o-seu-espaco\/#Persiana_plissada_x_outros_tipos_de_cortinas_qual_a_melhor_escolha\" title=\"Persiana plissada x outros tipos de cortinas: qual a melhor escolha?\">Persiana plissada x outros tipos de cortinas: qual a melhor escolha?<\/a><\/li><li class='ez-toc-page-1 ez-toc-heading-level-2'><a class=\"ez-toc-link ez-toc-heading-6\" href=\"https:\/\/www.altex.com.br\/blog\/persianas\/persiana-plissada-a-combinacao-de-conforto-elegancia-e-modernidade-para-o-seu-espaco\/#Persiana_plissada_da_Altex_sofisticacao_e_qualidade\" title=\"Persiana plissada da Altex: sofistica\u00e7\u00e3o e qualidade\">Persiana plissada da Altex: sofistica\u00e7\u00e3o e qualidade<\/a><\/li><\/ul><\/nav><\/div>\n<h2 class=\"wp-block-heading\"><span class=\"ez-toc-section\" id=\"O_que_e_a_persiana_plissada\"><\/span><strong>O que \u00e9 a persiana plissada?<\/strong><span class=\"ez-toc-section-end\"><\/span><\/h2>\n\n\n\n<p>A persiana plissada \u00e9 um modelo de cortina com dobras delicadas que formam um padr\u00e3o visual elegante e sofisticado. Sua estrutura permite que seja recolhida de forma compacta, ocupando m\u00ednimo espa\u00e7o dentro do v\u00e3o da janela.<\/p>\n\n\n\n<p>Diferente das cortinas tradicionais, esse tipo de persiana \u00e9 projetado para quem busca um visual moderno e funcional. Seu tecido pode variar entre transl\u00facido, semi-opaco e blackout, oferecendo diferentes n\u00edveis de privacidade e controle de luminosidade.<\/p>\n\n\n\n<p>Al\u00e9m da est\u00e9tica refinada, a persiana plissada tamb\u00e9m contribui para a prote\u00e7\u00e3o do ambiente contra os raios UV, ajudando a preservar m\u00f3veis, quadros e pisos.<\/p>\n\n\n\n<h2 class=\"wp-block-heading\"><span class=\"ez-toc-section\" id=\"Principais_beneficios_da_persiana_plissada\"><\/span><strong>Principais benef\u00edcios da persiana plissada<\/strong><span class=\"ez-toc-section-end\"><\/span><\/h2>\n\n\n\n<ul class=\"wp-block-list\">\n<li><strong>Design elegante e vers\u00e1til<\/strong>: Com dobras delicadas, proporciona um visual sofisticado e harmoniza com diversos estilos de decora\u00e7\u00e3o, do cl\u00e1ssico ao moderno;<br><\/li>\n\n\n\n<li><strong>Efici\u00eancia t\u00e9rmica e ac\u00fastica<\/strong>: Os modelos celulares criam colch\u00f5es de ar que ajudam a manter a temperatura est\u00e1vel e reduzem ru\u00eddos externos em at\u00e9 30%;<br><\/li>\n\n\n\n<li><strong>Prote\u00e7\u00e3o contra raios UV<\/strong>: Bloqueia at\u00e9 99% dos raios solares, ajudando a preservar m\u00f3veis, tapetes, quadros e pisos do desbotamento;<br><\/li>\n\n\n\n<li><strong>Compacta e funcional<\/strong>: Seu recolhimento discreto ocupa pouco espa\u00e7o, sendo ideal para instala\u00e7\u00e3o dentro de v\u00e3os de janelas, sem interferir na decora\u00e7\u00e3o;<br><\/li>\n\n\n\n<li><strong>Controle de luz e privacidade<\/strong>: Dispon\u00edvel em tecidos transl\u00facidos, semi-opacos e blackout, permitindo ajustar a luminosidade conforme a necessidade do ambiente;<br><\/li>\n\n\n\n<li><strong>F\u00e1cil manuten\u00e7\u00e3o<\/strong>: Materiais de alta qualidade facilitam a limpeza e garantem maior durabilidade sem perder a sofistica\u00e7\u00e3o.<\/li>\n<\/ul>\n\n\n\n<h2 class=\"wp-block-heading\"><span class=\"ez-toc-section\" id=\"Onde_utilizar_a_persiana_plissada\"><\/span><strong>Onde utilizar a persiana plissada?<\/strong><span class=\"ez-toc-section-end\"><\/span><\/h2>\n\n\n\n<p>A persiana plissada \u00e9 uma escolha vers\u00e1til e funcional para diversos ambientes. No <strong>quarto<\/strong>, modelos blackout garantem escurid\u00e3o total, proporcionando um sono mais confort\u00e1vel.&nbsp;<\/p>\n\n\n\n<p>Na <strong>sala de estar<\/strong>, tecidos transl\u00facidos suavizam a luz natural, criando um ambiente aconchegante sem bloquear completamente a claridade.&nbsp;<\/p>\n\n\n\n<p>Em <strong>escrit\u00f3rios<\/strong>, op\u00e7\u00f5es semi-opacas oferecem privacidade sem comprometer a ilumina\u00e7\u00e3o, ajudando na concentra\u00e7\u00e3o.&nbsp;<\/p>\n\n\n\n<p>J\u00e1 em <strong>cozinhas e varandas<\/strong>, vers\u00f5es lav\u00e1veis s\u00e3o ideais, pois facilitam a manuten\u00e7\u00e3o e garantem um visual sempre limpo e sofisticado.&nbsp;<\/p>\n\n\n\n<p>Al\u00e9m disso, sua estrutura compacta permite instala\u00e7\u00e3o dentro do v\u00e3o da janela, otimizando o espa\u00e7o e deixando a decora\u00e7\u00e3o mais harmoniosa.<\/p>\n\n\n\n<h2 class=\"wp-block-heading\"><span class=\"ez-toc-section\" id=\"Como_escolher_a_persiana_plissada_ideal\"><\/span><strong>Como escolher a persiana plissada ideal<\/strong><span class=\"ez-toc-section-end\"><\/span><\/h2>\n\n\n\n<ul class=\"wp-block-list\">\n<li><strong>Defina a necessidade do ambiente<\/strong>: Escolha tecidos blackout para quartos, transl\u00facidos para salas e semi-opacos para escrit\u00f3rios;<br><\/li>\n\n\n\n<li><strong>Considere o controle t\u00e9rmico e ac\u00fastico<\/strong>: Modelos celulares s\u00e3o ideais para reduzir calor e ru\u00eddos externos;<br><\/li>\n\n\n\n<li><strong>Escolha a cor e o design<\/strong>: Opte por tons neutros para um visual discreto ou cores vibrantes para um destaque na decora\u00e7\u00e3o;<br><\/li>\n\n\n\n<li><strong>Verifique o espa\u00e7o dispon\u00edvel<\/strong>: Avalie se a instala\u00e7\u00e3o ser\u00e1 dentro ou fora do v\u00e3o da janela para um encaixe perfeito;<br><\/li>\n\n\n\n<li><strong>Priorize materiais de qualidade<\/strong>: Tecidos resistentes e f\u00e1ceis de limpar garantem maior durabilidade e praticidade.<\/li>\n<\/ul>\n\n\n\n<h2 class=\"wp-block-heading\"><span class=\"ez-toc-section\" id=\"Persiana_plissada_x_outros_tipos_de_cortinas_qual_a_melhor_escolha\"><\/span><strong>Persiana plissada x outros tipos de cortinas: qual a melhor escolha?<\/strong><span class=\"ez-toc-section-end\"><\/span><\/h2>\n\n\n\n<p>A persiana plissada se destaca por sua<strong> eleg\u00e2ncia e funcionalidade<\/strong>, mas como ela se compara a outros tipos de cortinas? Em rela\u00e7\u00e3o \u00e0s cortinas tradicionais de tecido, a plissada ocupa menos espa\u00e7o e oferece um visual mais moderno e organizado.&nbsp;<\/p>\n\n\n<div class=\"wp-block-image\">\n<figure class=\"alignright size-full is-resized\"><img loading=\"lazy\" decoding=\"async\" width=\"460\" height=\"415\" src=\"https:\/\/www.altex.com.br\/blog\/wp-content\/uploads\/2025\/03\/persiana_plissada.webp\" alt=\"\" class=\"wp-image-336\" style=\"width:282px;height:auto\"\/><\/figure>\n<\/div>\n\n\n<p>Comparada \u00e0s persianas horizontais, ela proporciona um <strong>melhor isolamento t\u00e9rmico e ac\u00fastico<\/strong>, especialmente nos modelos celulares.&nbsp;<\/p>\n\n\n\n<p>J\u00e1 em rela\u00e7\u00e3o \u00e0s persianas rol\u00f4, a plissada oferece<strong> maior flexibilidade na regulagem da luz<\/strong>, permitindo um controle mais preciso da luminosidade.&nbsp;<\/p>\n\n\n\n<p>Sua escolha ideal depende da necessidade do ambiente, mas a persiana plissada se mostra uma op\u00e7\u00e3o sofisticada e altamente funcional para quem busca beleza e efici\u00eancia.<\/p>\n\n\n\n<h2 class=\"wp-block-heading\"><span class=\"ez-toc-section\" id=\"Persiana_plissada_da_Altex_sofisticacao_e_qualidade\"><\/span><strong>Persiana plissada da Altex: sofistica\u00e7\u00e3o e qualidade<\/strong><span class=\"ez-toc-section-end\"><\/span><\/h2>\n\n\n\n<p>Se voc\u00ea busca a melhor op\u00e7\u00e3o em persiana plissada, a Altex oferece produtos de alta qualidade, desenvolvidos para proporcionar conforto, eleg\u00e2ncia e funcionalidade.<\/p>\n\n\n\n<p>Com atendimento personalizado, a Altex entende as necessidades dos clientes e apresenta solu\u00e7\u00f5es sob medida para cada ambiente.<\/p>\n\n\n\n<ul class=\"wp-block-list\">\n<li><strong>Alta tecnologia em tecidos celulares<\/strong> para isolamento t\u00e9rmico e ac\u00fastico;<\/li>\n\n\n\n<li><strong>Materiais resistentes e sofisticados<\/strong>, garantindo durabilidade e beleza;<\/li>\n\n\n\n<li><strong>Atendimento especializado<\/strong> para ajudar voc\u00ea a escolher a melhor op\u00e7\u00e3o para seu espa\u00e7o.<\/li>\n<\/ul>\n\n\n\n<p><strong>Transforme seu ambiente com a persiana plissada da Altex! <a href=\"https:\/\/www.altex.com.br\/contato\">Entre em contato<\/a> e solicite um or\u00e7amento personalizado.<\/strong><\/p>\n","protected":false},"excerpt":{"rendered":"<p><span class=\"rt-reading-time\" style=\"display: block;\"><span class=\"rt-label rt-prefix\">Tempo de leitura<\/span> <span class=\"rt-time\">3<\/span> <span class=\"rt-label rt-postfix\">minutos<\/span><\/span> Descubra como a persiana plissada pode transformar seu ambiente com sofistica\u00e7\u00e3o e funcionalidade. Conhe\u00e7a seus benef\u00edcios! A escolha das cortinas e persianas influencia diretamente a est\u00e9tica e o conforto de um ambiente. Entre tantas op\u00e7\u00f5es, a persiana plissada se destaca por sua eleg\u00e2ncia, praticidade e funcionalidade. Com um design sofisticado e compacto, esse modelo \u00e9 &hellip; <\/p>\n","protected":false},"author":1,"featured_media":336,"comment_status":"open","ping_status":"open","sticky":false,"template":"","format":"standard","meta":{"footnotes":""},"categories":[11],"tags":[14,4128,4130,4041,485,476,4123,31,4129,4134,4131,4135,4133,4132,4125,1098,4122,1114,4124,4127,4121,1066,4119,4139,4138,1068,1067,4141,4137,4140,4144,4145,4143,4136,4142,4120,4126],"class_list":["post-335","post","type-post","status-publish","format-standard","has-post-thumbnail","hentry","category-persianas","tag-altex-cortinas","tag-conforto-termico","tag-cortina-compacta","tag-cortina-moderna","tag-cortina-para-quarto","tag-cortina-para-sala","tag-cortina-plissada","tag-cortina-sob-medida","tag-decoracao-com-persiana","tag-distribuidor-de-persiana-plissada","tag-empresa-de-persiana-plissada","tag-fabrica-de-persiana-plissada","tag-fabricante-de-persiana-plissada","tag-fornecedor-de-persiana-plissada","tag-isolamento-acustico","tag-loja-de-persiana-plissada","tag-persiana-acustica","tag-persiana-celular","tag-persiana-elegante","tag-persiana-funcional","tag-persiana-para-janela","tag-persiana-plissada","tag-persiana-plissada-blackout","tag-persiana-plissada-em-pinheiros","tag-persiana-plissada-em-promocao","tag-persiana-plissada-em-sao-paulo","tag-persiana-plissada-em-sp","tag-persiana-plissada-na-lapa","tag-persiana-plissada-na-vila-leopoldina","tag-persiana-plissada-na-vila-mariana","tag-persiana-plissada-no-butanta","tag-persiana-plissada-no-jaguare","tag-persiana-plissada-perto-de-mim","tag-persiana-plissada-preco","tag-persiana-plissada-proximo-a-mim","tag-persiana-termica","tag-protecao-uv"],"yoast_head":"<!-- This site is optimized with the Yoast SEO plugin v22.5 - https:\/\/yoast.com\/wordpress\/plugins\/seo\/ -->\n<title>Persiana plissada: a combina\u00e7\u00e3o de conforto, eleg\u00e2ncia e modernidade para o seu espa\u00e7o - Altex<\/title>\n<meta name=\"description\" content=\"Descubra como a persiana plissada pode transformar seu ambiente com sofistica\u00e7\u00e3o e funcionalidade. Conhe\u00e7a seus benef\u00edcios!\" \/>\n<meta name=\"robots\" content=\"index, follow, max-snippet:-1, max-image-preview:large, max-video-preview:-1\" \/>\n<link rel=\"canonical\" href=\"https:\/\/www.altex.com.br\/blog\/persianas\/persiana-plissada-a-combinacao-de-conforto-elegancia-e-modernidade-para-o-seu-espaco\/\" \/>\n<meta property=\"og:locale\" content=\"pt_BR\" \/>\n<meta property=\"og:type\" content=\"article\" \/>\n<meta property=\"og:title\" content=\"Persiana plissada: a combina\u00e7\u00e3o de conforto, eleg\u00e2ncia e modernidade para o seu espa\u00e7o - Altex\" \/>\n<meta property=\"og:description\" content=\"Descubra como a persiana plissada pode transformar seu ambiente com sofistica\u00e7\u00e3o e funcionalidade. Conhe\u00e7a seus benef\u00edcios!\" \/>\n<meta property=\"og:url\" content=\"https:\/\/www.altex.com.br\/blog\/persianas\/persiana-plissada-a-combinacao-de-conforto-elegancia-e-modernidade-para-o-seu-espaco\/\" \/>\n<meta property=\"og:site_name\" content=\"Altex\" \/>\n<meta property=\"article:published_time\" content=\"2025-03-07T17:47:33+00:00\" \/>\n<meta property=\"article:modified_time\" content=\"2025-03-07T17:47:35+00:00\" \/>\n<meta property=\"og:image\" content=\"https:\/\/www.altex.com.br\/blog\/wp-content\/uploads\/2025\/03\/persiana_plissada.webp\" \/>\n\t<meta property=\"og:image:width\" content=\"460\" \/>\n\t<meta property=\"og:image:height\" content=\"415\" \/>\n\t<meta property=\"og:image:type\" content=\"image\/webp\" \/>\n<meta name=\"author\" content=\"admin\" \/>\n<meta name=\"twitter:card\" content=\"summary_large_image\" \/>\n<meta name=\"twitter:label1\" content=\"Escrito por\" \/>\n\t<meta name=\"twitter:data1\" content=\"admin\" \/>\n\t<meta name=\"twitter:label2\" content=\"Est. tempo de leitura\" \/>\n\t<meta name=\"twitter:data2\" content=\"5 minutos\" \/>\n<script type=\"application\/ld+json\" class=\"yoast-schema-graph\">{\"@context\":\"https:\/\/schema.org\",\"@graph\":[{\"@type\":\"Article\",\"@id\":\"https:\/\/www.altex.com.br\/blog\/persianas\/persiana-plissada-a-combinacao-de-conforto-elegancia-e-modernidade-para-o-seu-espaco\/#article\",\"isPartOf\":{\"@id\":\"https:\/\/www.altex.com.br\/blog\/persianas\/persiana-plissada-a-combinacao-de-conforto-elegancia-e-modernidade-para-o-seu-espaco\/\"},\"author\":{\"name\":\"admin\",\"@id\":\"https:\/\/www.altex.com.br\/blog\/#\/schema\/person\/3c2b4dc5fc14bfdd28a6a128d82aa511\"},\"headline\":\"Persiana plissada: a combina\u00e7\u00e3o de conforto, eleg\u00e2ncia e modernidade para o seu espa\u00e7o\",\"datePublished\":\"2025-03-07T17:47:33+00:00\",\"dateModified\":\"2025-03-07T17:47:35+00:00\",\"mainEntityOfPage\":{\"@id\":\"https:\/\/www.altex.com.br\/blog\/persianas\/persiana-plissada-a-combinacao-de-conforto-elegancia-e-modernidade-para-o-seu-espaco\/\"},\"wordCount\":866,\"commentCount\":0,\"publisher\":{\"@id\":\"https:\/\/www.altex.com.br\/blog\/#organization\"},\"image\":{\"@id\":\"https:\/\/www.altex.com.br\/blog\/persianas\/persiana-plissada-a-combinacao-de-conforto-elegancia-e-modernidade-para-o-seu-espaco\/#primaryimage\"},\"thumbnailUrl\":\"https:\/\/www.altex.com.br\/blog\/wp-content\/uploads\/2025\/03\/persiana_plissada.webp\",\"keywords\":[\"Altex Cortinas\",\"conforto t\u00e9rmico\",\"cortina compacta\",\"cortina moderna\",\"cortina para quarto\",\"cortina para sala\",\"cortina plissada\",\"cortina sob medida\",\"decora\u00e7\u00e3o com persiana\",\"distribuidor de persiana plissada\",\"empresa de persiana plissada\",\"f\u00e1brica de persiana plissada\",\"fabricante de persiana plissada\",\"fornecedor de persiana plissada\",\"isolamento ac\u00fastico\",\"Loja de persiana plissada\",\"persiana ac\u00fastica\",\"Persiana celular\",\"persiana elegante\",\"persiana funcional\",\"persiana para janela\",\"Persiana plissada\",\"persiana plissada blackout\",\"persiana plissada em Pinheiros\",\"persiana plissada em promo\u00e7\u00e3o\",\"Persiana plissada em S\u00e3o Paulo\",\"Persiana plissada em SP\",\"persiana plissada na Lapa\",\"persiana plissada na Vila Leopoldina\",\"persiana plissada na Vila Mariana\",\"persiana plissada no Butant\u00e3\",\"persiana plissada no Jaguar\u00e9\",\"persiana plissada perto de mim\",\"persiana plissada pre\u00e7o\",\"persiana plissada pr\u00f3ximo a mim\",\"persiana t\u00e9rmica\",\"prote\u00e7\u00e3o UV\"],\"articleSection\":[\"Persianas\"],\"inLanguage\":\"pt-BR\",\"potentialAction\":[{\"@type\":\"CommentAction\",\"name\":\"Comment\",\"target\":[\"https:\/\/www.altex.com.br\/blog\/persianas\/persiana-plissada-a-combinacao-de-conforto-elegancia-e-modernidade-para-o-seu-espaco\/#respond\"]}]},{\"@type\":\"WebPage\",\"@id\":\"https:\/\/www.altex.com.br\/blog\/persianas\/persiana-plissada-a-combinacao-de-conforto-elegancia-e-modernidade-para-o-seu-espaco\/\",\"url\":\"https:\/\/www.altex.com.br\/blog\/persianas\/persiana-plissada-a-combinacao-de-conforto-elegancia-e-modernidade-para-o-seu-espaco\/\",\"name\":\"Persiana plissada: a combina\u00e7\u00e3o de conforto, eleg\u00e2ncia e modernidade para o seu espa\u00e7o - Altex\",\"isPartOf\":{\"@id\":\"https:\/\/www.altex.com.br\/blog\/#website\"},\"primaryImageOfPage\":{\"@id\":\"https:\/\/www.altex.com.br\/blog\/persianas\/persiana-plissada-a-combinacao-de-conforto-elegancia-e-modernidade-para-o-seu-espaco\/#primaryimage\"},\"image\":{\"@id\":\"https:\/\/www.altex.com.br\/blog\/persianas\/persiana-plissada-a-combinacao-de-conforto-elegancia-e-modernidade-para-o-seu-espaco\/#primaryimage\"},\"thumbnailUrl\":\"https:\/\/www.altex.com.br\/blog\/wp-content\/uploads\/2025\/03\/persiana_plissada.webp\",\"datePublished\":\"2025-03-07T17:47:33+00:00\",\"dateModified\":\"2025-03-07T17:47:35+00:00\",\"description\":\"Descubra como a persiana plissada pode transformar seu ambiente com sofistica\u00e7\u00e3o e funcionalidade. Conhe\u00e7a seus benef\u00edcios!\",\"breadcrumb\":{\"@id\":\"https:\/\/www.altex.com.br\/blog\/persianas\/persiana-plissada-a-combinacao-de-conforto-elegancia-e-modernidade-para-o-seu-espaco\/#breadcrumb\"},\"inLanguage\":\"pt-BR\",\"potentialAction\":[{\"@type\":\"ReadAction\",\"target\":[\"https:\/\/www.altex.com.br\/blog\/persianas\/persiana-plissada-a-combinacao-de-conforto-elegancia-e-modernidade-para-o-seu-espaco\/\"]}]},{\"@type\":\"ImageObject\",\"inLanguage\":\"pt-BR\",\"@id\":\"https:\/\/www.altex.com.br\/blog\/persianas\/persiana-plissada-a-combinacao-de-conforto-elegancia-e-modernidade-para-o-seu-espaco\/#primaryimage\",\"url\":\"https:\/\/www.altex.com.br\/blog\/wp-content\/uploads\/2025\/03\/persiana_plissada.webp\",\"contentUrl\":\"https:\/\/www.altex.com.br\/blog\/wp-content\/uploads\/2025\/03\/persiana_plissada.webp\",\"width\":460,\"height\":415,\"caption\":\"Persiana em tecido: por que \u00e9 a escolha perfeita para ambientes sofisticados?\"},{\"@type\":\"BreadcrumbList\",\"@id\":\"https:\/\/www.altex.com.br\/blog\/persianas\/persiana-plissada-a-combinacao-de-conforto-elegancia-e-modernidade-para-o-seu-espaco\/#breadcrumb\",\"itemListElement\":[{\"@type\":\"ListItem\",\"position\":1,\"name\":\"In\u00edcio\",\"item\":\"https:\/\/www.altex.com.br\/blog\/\"},{\"@type\":\"ListItem\",\"position\":2,\"name\":\"Persiana plissada: a combina\u00e7\u00e3o de conforto, eleg\u00e2ncia e modernidade para o seu espa\u00e7o\"}]},{\"@type\":\"WebSite\",\"@id\":\"https:\/\/www.altex.com.br\/blog\/#website\",\"url\":\"https:\/\/www.altex.com.br\/blog\/\",\"name\":\"Altex\",\"description\":\"Blog\",\"publisher\":{\"@id\":\"https:\/\/www.altex.com.br\/blog\/#organization\"},\"potentialAction\":[{\"@type\":\"SearchAction\",\"target\":{\"@type\":\"EntryPoint\",\"urlTemplate\":\"https:\/\/www.altex.com.br\/blog\/?s={search_term_string}\"},\"query-input\":\"required name=search_term_string\"}],\"inLanguage\":\"pt-BR\"},{\"@type\":\"Organization\",\"@id\":\"https:\/\/www.altex.com.br\/blog\/#organization\",\"name\":\"Altex\",\"url\":\"https:\/\/www.altex.com.br\/blog\/\",\"logo\":{\"@type\":\"ImageObject\",\"inLanguage\":\"pt-BR\",\"@id\":\"https:\/\/www.altex.com.br\/blog\/#\/schema\/logo\/image\/\",\"url\":\"https:\/\/www.altex.com.br\/blog\/wp-content\/uploads\/2022\/08\/altex-logo.png\",\"contentUrl\":\"https:\/\/www.altex.com.br\/blog\/wp-content\/uploads\/2022\/08\/altex-logo.png\",\"width\":155,\"height\":98,\"caption\":\"Altex\"},\"image\":{\"@id\":\"https:\/\/www.altex.com.br\/blog\/#\/schema\/logo\/image\/\"}},{\"@type\":\"Person\",\"@id\":\"https:\/\/www.altex.com.br\/blog\/#\/schema\/person\/3c2b4dc5fc14bfdd28a6a128d82aa511\",\"name\":\"admin\",\"image\":{\"@type\":\"ImageObject\",\"inLanguage\":\"pt-BR\",\"@id\":\"https:\/\/www.altex.com.br\/blog\/#\/schema\/person\/image\/\",\"url\":\"https:\/\/secure.gravatar.com\/avatar\/3813f53848958b8842eeafda91666185a90010f65ed554379b78794cde6f234a?s=96&d=mm&r=g\",\"contentUrl\":\"https:\/\/secure.gravatar.com\/avatar\/3813f53848958b8842eeafda91666185a90010f65ed554379b78794cde6f234a?s=96&d=mm&r=g\",\"caption\":\"admin\"},\"sameAs\":[\"https:\/\/altex.com.br\/blog\"],\"url\":\"https:\/\/www.altex.com.br\/blog\/author\/admin\/\"}]}<\/script>\n<!-- \/ Yoast SEO plugin. -->","yoast_head_json":{"title":"Persiana plissada: a combina\u00e7\u00e3o de conforto, eleg\u00e2ncia e modernidade para o seu espa\u00e7o - Altex","description":"Descubra como a persiana plissada pode transformar seu ambiente com sofistica\u00e7\u00e3o e funcionalidade. Conhe\u00e7a seus benef\u00edcios!","robots":{"index":"index","follow":"follow","max-snippet":"max-snippet:-1","max-image-preview":"max-image-preview:large","max-video-preview":"max-video-preview:-1"},"canonical":"https:\/\/www.altex.com.br\/blog\/persianas\/persiana-plissada-a-combinacao-de-conforto-elegancia-e-modernidade-para-o-seu-espaco\/","og_locale":"pt_BR","og_type":"article","og_title":"Persiana plissada: a combina\u00e7\u00e3o de conforto, eleg\u00e2ncia e modernidade para o seu espa\u00e7o - Altex","og_description":"Descubra como a persiana plissada pode transformar seu ambiente com sofistica\u00e7\u00e3o e funcionalidade. Conhe\u00e7a seus benef\u00edcios!","og_url":"https:\/\/www.altex.com.br\/blog\/persianas\/persiana-plissada-a-combinacao-de-conforto-elegancia-e-modernidade-para-o-seu-espaco\/","og_site_name":"Altex","article_published_time":"2025-03-07T17:47:33+00:00","article_modified_time":"2025-03-07T17:47:35+00:00","og_image":[{"width":460,"height":415,"url":"https:\/\/www.altex.com.br\/blog\/wp-content\/uploads\/2025\/03\/persiana_plissada.webp","type":"image\/webp"}],"author":"admin","twitter_card":"summary_large_image","twitter_misc":{"Escrito por":"admin","Est. tempo de leitura":"5 minutos"},"schema":{"@context":"https:\/\/schema.org","@graph":[{"@type":"Article","@id":"https:\/\/www.altex.com.br\/blog\/persianas\/persiana-plissada-a-combinacao-de-conforto-elegancia-e-modernidade-para-o-seu-espaco\/#article","isPartOf":{"@id":"https:\/\/www.altex.com.br\/blog\/persianas\/persiana-plissada-a-combinacao-de-conforto-elegancia-e-modernidade-para-o-seu-espaco\/"},"author":{"name":"admin","@id":"https:\/\/www.altex.com.br\/blog\/#\/schema\/person\/3c2b4dc5fc14bfdd28a6a128d82aa511"},"headline":"Persiana plissada: a combina\u00e7\u00e3o de conforto, eleg\u00e2ncia e modernidade para o seu espa\u00e7o","datePublished":"2025-03-07T17:47:33+00:00","dateModified":"2025-03-07T17:47:35+00:00","mainEntityOfPage":{"@id":"https:\/\/www.altex.com.br\/blog\/persianas\/persiana-plissada-a-combinacao-de-conforto-elegancia-e-modernidade-para-o-seu-espaco\/"},"wordCount":866,"commentCount":0,"publisher":{"@id":"https:\/\/www.altex.com.br\/blog\/#organization"},"image":{"@id":"https:\/\/www.altex.com.br\/blog\/persianas\/persiana-plissada-a-combinacao-de-conforto-elegancia-e-modernidade-para-o-seu-espaco\/#primaryimage"},"thumbnailUrl":"https:\/\/www.altex.com.br\/blog\/wp-content\/uploads\/2025\/03\/persiana_plissada.webp","keywords":["Altex Cortinas","conforto t\u00e9rmico","cortina compacta","cortina moderna","cortina para quarto","cortina para sala","cortina plissada","cortina sob medida","decora\u00e7\u00e3o com persiana","distribuidor de persiana plissada","empresa de persiana plissada","f\u00e1brica de persiana plissada","fabricante de persiana plissada","fornecedor de persiana plissada","isolamento ac\u00fastico","Loja de persiana plissada","persiana ac\u00fastica","Persiana celular","persiana elegante","persiana funcional","persiana para janela","Persiana plissada","persiana plissada blackout","persiana plissada em Pinheiros","persiana plissada em promo\u00e7\u00e3o","Persiana plissada em S\u00e3o Paulo","Persiana plissada em SP","persiana plissada na Lapa","persiana plissada na Vila Leopoldina","persiana plissada na Vila Mariana","persiana plissada no Butant\u00e3","persiana plissada no Jaguar\u00e9","persiana plissada perto de mim","persiana plissada pre\u00e7o","persiana plissada pr\u00f3ximo a mim","persiana t\u00e9rmica","prote\u00e7\u00e3o UV"],"articleSection":["Persianas"],"inLanguage":"pt-BR","potentialAction":[{"@type":"CommentAction","name":"Comment","target":["https:\/\/www.altex.com.br\/blog\/persianas\/persiana-plissada-a-combinacao-de-conforto-elegancia-e-modernidade-para-o-seu-espaco\/#respond"]}]},{"@type":"WebPage","@id":"https:\/\/www.altex.com.br\/blog\/persianas\/persiana-plissada-a-combinacao-de-conforto-elegancia-e-modernidade-para-o-seu-espaco\/","url":"https:\/\/www.altex.com.br\/blog\/persianas\/persiana-plissada-a-combinacao-de-conforto-elegancia-e-modernidade-para-o-seu-espaco\/","name":"Persiana plissada: a combina\u00e7\u00e3o de conforto, eleg\u00e2ncia e modernidade para o seu espa\u00e7o - Altex","isPartOf":{"@id":"https:\/\/www.altex.com.br\/blog\/#website"},"primaryImageOfPage":{"@id":"https:\/\/www.altex.com.br\/blog\/persianas\/persiana-plissada-a-combinacao-de-conforto-elegancia-e-modernidade-para-o-seu-espaco\/#primaryimage"},"image":{"@id":"https:\/\/www.altex.com.br\/blog\/persianas\/persiana-plissada-a-combinacao-de-conforto-elegancia-e-modernidade-para-o-seu-espaco\/#primaryimage"},"thumbnailUrl":"https:\/\/www.altex.com.br\/blog\/wp-content\/uploads\/2025\/03\/persiana_plissada.webp","datePublished":"2025-03-07T17:47:33+00:00","dateModified":"2025-03-07T17:47:35+00:00","description":"Descubra como a persiana plissada pode transformar seu ambiente com sofistica\u00e7\u00e3o e funcionalidade. Conhe\u00e7a seus benef\u00edcios!","breadcrumb":{"@id":"https:\/\/www.altex.com.br\/blog\/persianas\/persiana-plissada-a-combinacao-de-conforto-elegancia-e-modernidade-para-o-seu-espaco\/#breadcrumb"},"inLanguage":"pt-BR","potentialAction":[{"@type":"ReadAction","target":["https:\/\/www.altex.com.br\/blog\/persianas\/persiana-plissada-a-combinacao-de-conforto-elegancia-e-modernidade-para-o-seu-espaco\/"]}]},{"@type":"ImageObject","inLanguage":"pt-BR","@id":"https:\/\/www.altex.com.br\/blog\/persianas\/persiana-plissada-a-combinacao-de-conforto-elegancia-e-modernidade-para-o-seu-espaco\/#primaryimage","url":"https:\/\/www.altex.com.br\/blog\/wp-content\/uploads\/2025\/03\/persiana_plissada.webp","contentUrl":"https:\/\/www.altex.com.br\/blog\/wp-content\/uploads\/2025\/03\/persiana_plissada.webp","width":460,"height":415,"caption":"Persiana em tecido: por que \u00e9 a escolha perfeita para ambientes sofisticados?"},{"@type":"BreadcrumbList","@id":"https:\/\/www.altex.com.br\/blog\/persianas\/persiana-plissada-a-combinacao-de-conforto-elegancia-e-modernidade-para-o-seu-espaco\/#breadcrumb","itemListElement":[{"@type":"ListItem","position":1,"name":"In\u00edcio","item":"https:\/\/www.altex.com.br\/blog\/"},{"@type":"ListItem","position":2,"name":"Persiana plissada: a combina\u00e7\u00e3o de conforto, eleg\u00e2ncia e modernidade para o seu espa\u00e7o"}]},{"@type":"WebSite","@id":"https:\/\/www.altex.com.br\/blog\/#website","url":"https:\/\/www.altex.com.br\/blog\/","name":"Altex","description":"Blog","publisher":{"@id":"https:\/\/www.altex.com.br\/blog\/#organization"},"potentialAction":[{"@type":"SearchAction","target":{"@type":"EntryPoint","urlTemplate":"https:\/\/www.altex.com.br\/blog\/?s={search_term_string}"},"query-input":"required name=search_term_string"}],"inLanguage":"pt-BR"},{"@type":"Organization","@id":"https:\/\/www.altex.com.br\/blog\/#organization","name":"Altex","url":"https:\/\/www.altex.com.br\/blog\/","logo":{"@type":"ImageObject","inLanguage":"pt-BR","@id":"https:\/\/www.altex.com.br\/blog\/#\/schema\/logo\/image\/","url":"https:\/\/www.altex.com.br\/blog\/wp-content\/uploads\/2022\/08\/altex-logo.png","contentUrl":"https:\/\/www.altex.com.br\/blog\/wp-content\/uploads\/2022\/08\/altex-logo.png","width":155,"height":98,"caption":"Altex"},"image":{"@id":"https:\/\/www.altex.com.br\/blog\/#\/schema\/logo\/image\/"}},{"@type":"Person","@id":"https:\/\/www.altex.com.br\/blog\/#\/schema\/person\/3c2b4dc5fc14bfdd28a6a128d82aa511","name":"admin","image":{"@type":"ImageObject","inLanguage":"pt-BR","@id":"https:\/\/www.altex.com.br\/blog\/#\/schema\/person\/image\/","url":"https:\/\/secure.gravatar.com\/avatar\/3813f53848958b8842eeafda91666185a90010f65ed554379b78794cde6f234a?s=96&d=mm&r=g","contentUrl":"https:\/\/secure.gravatar.com\/avatar\/3813f53848958b8842eeafda91666185a90010f65ed554379b78794cde6f234a?s=96&d=mm&r=g","caption":"admin"},"sameAs":["https:\/\/altex.com.br\/blog"],"url":"https:\/\/www.altex.com.br\/blog\/author\/admin\/"}]}},"_links":{"self":[{"href":"https:\/\/www.altex.com.br\/blog\/wp-json\/wp\/v2\/posts\/335","targetHints":{"allow":["GET"]}}],"collection":[{"href":"https:\/\/www.altex.com.br\/blog\/wp-json\/wp\/v2\/posts"}],"about":[{"href":"https:\/\/www.altex.com.br\/blog\/wp-json\/wp\/v2\/types\/post"}],"author":[{"embeddable":true,"href":"https:\/\/www.altex.com.br\/blog\/wp-json\/wp\/v2\/users\/1"}],"replies":[{"embeddable":true,"href":"https:\/\/www.altex.com.br\/blog\/wp-json\/wp\/v2\/comments?post=335"}],"version-history":[{"count":1,"href":"https:\/\/www.altex.com.br\/blog\/wp-json\/wp\/v2\/posts\/335\/revisions"}],"predecessor-version":[{"id":337,"href":"https:\/\/www.altex.com.br\/blog\/wp-json\/wp\/v2\/posts\/335\/revisions\/337"}],"wp:featuredmedia":[{"embeddable":true,"href":"https:\/\/www.altex.com.br\/blog\/wp-json\/wp\/v2\/media\/336"}],"wp:attachment":[{"href":"https:\/\/www.altex.com.br\/blog\/wp-json\/wp\/v2\/media?parent=335"}],"wp:term":[{"taxonomy":"category","embeddable":true,"href":"https:\/\/www.altex.com.br\/blog\/wp-json\/wp\/v2\/categories?post=335"},{"taxonomy":"post_tag","embeddable":true,"href":"https:\/\/www.altex.com.br\/blog\/wp-json\/wp\/v2\/tags?post=335"}],"curies":[{"name":"wp","href":"https:\/\/api.w.org\/{rel}","templated":true}]}}