{"id":305,"date":"2024-12-09T15:38:34","date_gmt":"2024-12-09T15:38:34","guid":{"rendered":"https:\/\/www.altex.com.br\/blog\/?p=305"},"modified":"2024-12-09T15:38:35","modified_gmt":"2024-12-09T15:38:35","slug":"papel-de-parede-tematico-transforme-ambientes-com-criatividade-e-estilo","status":"publish","type":"post","link":"https:\/\/www.altex.com.br\/blog\/papel-de-parede\/papel-de-parede-tematico-transforme-ambientes-com-criatividade-e-estilo\/","title":{"rendered":"Papel de parede tem\u00e1tico: transforme ambientes com criatividade e estilo"},"content":{"rendered":"<span class=\"rt-reading-time\" style=\"display: block;\"><span class=\"rt-label rt-prefix\">Tempo de leitura<\/span> <span class=\"rt-time\">3<\/span> <span class=\"rt-label rt-postfix\">minutos<\/span><\/span>\n<p class=\"has-medium-font-size\"><strong><em>Descubra como o papel de parede tem\u00e1tico pode transformar qualquer ambiente, trazendo criatividade e estilo para sua decora\u00e7\u00e3o.<\/em><\/strong><\/p>\n\n\n\n<p>Renovar um ambiente nem sempre exige reformas complexas. \u00c0s vezes, uma simples mudan\u00e7a, como a aplica\u00e7\u00e3o de papel de parede tem\u00e1tico, pode fazer toda a diferen\u00e7a.&nbsp;<\/p>\n\n\n\n<p>Essa op\u00e7\u00e3o \u00e9 pr\u00e1tica, vers\u00e1til e acess\u00edvel, permitindo personalizar espa\u00e7os com criatividade.<\/p>\n\n\n\n<p>Al\u00e9m de ser um recurso est\u00e9tico, o papel de parede tem\u00e1tico adiciona personalidade ao ambiente. Seja com estampas geom\u00e9tricas, paisagens ou temas infantis, ele proporciona uma atmosfera \u00fanica e marcante.<\/p>\n\n\n\n<p>Neste artigo, exploraremos as vantagens, as possibilidades decorativas e como escolher o papel de parede ideal para diferentes ambientes.<\/p>\n\n\n\n<div id=\"ez-toc-container\" class=\"ez-toc-v2_0_65 counter-hierarchy ez-toc-counter ez-toc-grey ez-toc-container-direction\">\n<div class=\"ez-toc-title-container\">\n<p class=\"ez-toc-title \" >Table of Contents<\/p>\n<span class=\"ez-toc-title-toggle\"><a href=\"#\" class=\"ez-toc-pull-right ez-toc-btn ez-toc-btn-xs ez-toc-btn-default ez-toc-toggle\" aria-label=\"Toggle Table of Content\"><span class=\"ez-toc-js-icon-con\"><span class=\"\"><span class=\"eztoc-hide\" style=\"display:none;\">Toggle<\/span><span class=\"ez-toc-icon-toggle-span\"><svg style=\"fill: #999;color:#999\" xmlns=\"http:\/\/www.w3.org\/2000\/svg\" class=\"list-377408\" width=\"20px\" height=\"20px\" viewBox=\"0 0 24 24\" fill=\"none\"><path d=\"M6 6H4v2h2V6zm14 0H8v2h12V6zM4 11h2v2H4v-2zm16 0H8v2h12v-2zM4 16h2v2H4v-2zm16 0H8v2h12v-2z\" fill=\"currentColor\"><\/path><\/svg><svg style=\"fill: #999;color:#999\" class=\"arrow-unsorted-368013\" xmlns=\"http:\/\/www.w3.org\/2000\/svg\" width=\"10px\" height=\"10px\" viewBox=\"0 0 24 24\" version=\"1.2\" baseProfile=\"tiny\"><path d=\"M18.2 9.3l-6.2-6.3-6.2 6.3c-.2.2-.3.4-.3.7s.1.5.3.7c.2.2.4.3.7.3h11c.3 0 .5-.1.7-.3.2-.2.3-.5.3-.7s-.1-.5-.3-.7zM5.8 14.7l6.2 6.3 6.2-6.3c.2-.2.3-.5.3-.7s-.1-.5-.3-.7c-.2-.2-.4-.3-.7-.3h-11c-.3 0-.5.1-.7.3-.2.2-.3.5-.3.7s.1.5.3.7z\"\/><\/svg><\/span><\/span><\/span><\/a><\/span><\/div>\n<nav><ul class='ez-toc-list ez-toc-list-level-1 ' ><li class='ez-toc-page-1 ez-toc-heading-level-2'><a class=\"ez-toc-link ez-toc-heading-1\" href=\"https:\/\/www.altex.com.br\/blog\/papel-de-parede\/papel-de-parede-tematico-transforme-ambientes-com-criatividade-e-estilo\/#Por_que_escolher_papel_de_parede_tematico\" title=\"Por que escolher papel de parede tem\u00e1tico?\">Por que escolher papel de parede tem\u00e1tico?<\/a><\/li><li class='ez-toc-page-1 ez-toc-heading-level-2'><a class=\"ez-toc-link ez-toc-heading-2\" href=\"https:\/\/www.altex.com.br\/blog\/papel-de-parede\/papel-de-parede-tematico-transforme-ambientes-com-criatividade-e-estilo\/#Onde_usar_o_papel_de_parede_tematico\" title=\"Onde usar o papel de parede tem\u00e1tico?\">Onde usar o papel de parede tem\u00e1tico?<\/a><\/li><li class='ez-toc-page-1 ez-toc-heading-level-2'><a class=\"ez-toc-link ez-toc-heading-3\" href=\"https:\/\/www.altex.com.br\/blog\/papel-de-parede\/papel-de-parede-tematico-transforme-ambientes-com-criatividade-e-estilo\/#Como_escolher_o_papel_de_parede_ideal\" title=\"Como escolher o papel de parede ideal?\">Como escolher o papel de parede ideal?<\/a><\/li><li class='ez-toc-page-1 ez-toc-heading-level-2'><a class=\"ez-toc-link ez-toc-heading-4\" href=\"https:\/\/www.altex.com.br\/blog\/papel-de-parede\/papel-de-parede-tematico-transforme-ambientes-com-criatividade-e-estilo\/#Dicas_para_instalacao_perfeita\" title=\"Dicas para instala\u00e7\u00e3o perfeita\">Dicas para instala\u00e7\u00e3o perfeita<\/a><\/li><li class='ez-toc-page-1 ez-toc-heading-level-2'><a class=\"ez-toc-link ez-toc-heading-5\" href=\"https:\/\/www.altex.com.br\/blog\/papel-de-parede\/papel-de-parede-tematico-transforme-ambientes-com-criatividade-e-estilo\/#Aposte_no_papel_de_parede_tematico_da_Altex_Cortinas\" title=\"Aposte no papel de parede tem\u00e1tico da Altex Cortinas\">Aposte no papel de parede tem\u00e1tico da Altex Cortinas<\/a><\/li><\/ul><\/nav><\/div>\n<h2 class=\"wp-block-heading\"><span class=\"ez-toc-section\" id=\"Por_que_escolher_papel_de_parede_tematico\"><\/span><strong>Por que escolher papel de parede tem\u00e1tico?<\/strong><span class=\"ez-toc-section-end\"><\/span><\/h2>\n\n\n\n<p>Escolher papel de parede tem\u00e1tico \u00e9 uma maneira pr\u00e1tica e criativa de transformar qualquer ambiente. Com op\u00e7\u00f5es que refletem diferentes estilos e personalidades, ele <strong>personaliza espa\u00e7os de forma \u00fanica e marcante<\/strong>.<\/p>\n\n\n\n<p>Al\u00e9m de ser uma solu\u00e7\u00e3o acess\u00edvel, o papel de parede tem\u00e1tico \u00e9 <strong>vers\u00e1til <\/strong>e f\u00e1cil de aplicar, sendo uma excelente alternativa \u00e0s reformas convencionais. Sua <strong>durabilidade <\/strong>e ampla variedade de temas garantem beleza e funcionalidade por muitos anos.<\/p>\n\n\n\n<p>Com ele, \u00e9 poss\u00edvel criar atmosferas aconchegantes, modernas ou sofisticadas, dependendo da escolha. O impacto visual imediato torna o papel de parede tem\u00e1tico uma solu\u00e7\u00e3o decorativa eficiente e cheia de estilo.<\/p>\n\n\n\n<ul class=\"wp-block-list\">\n<li><a href=\"https:\/\/www.altex.com.br\/blog\/persianas\/por-que-escolher-uma-persiana-rolo-dupla-para-sua-casa-beneficios-e-estilos\/\">Por que escolher uma persiana rol\u00f4 dupla para sua casa? Benef\u00edcios e estilos<\/a><\/li>\n<\/ul>\n\n\n\n<h2 class=\"wp-block-heading\"><span class=\"ez-toc-section\" id=\"Onde_usar_o_papel_de_parede_tematico\"><\/span><strong>Onde usar o papel de parede tem\u00e1tico?<\/strong><span class=\"ez-toc-section-end\"><\/span><\/h2>\n\n\n\n<p>A escolha do local \u00e9 essencial para aproveitar ao m\u00e1ximo os benef\u00edcios desse elemento decorativo. Confira algumas ideias:<\/p>\n\n\n\n<ol class=\"wp-block-list\">\n<li><strong>Quartos<\/strong><\/li>\n<\/ol>\n\n\n\n<p>Para um quarto infantil, temas como animais, super-her\u00f3is ou princesas criam um espa\u00e7o l\u00fadico. J\u00e1 em quartos de adultos, estampas abstratas ou florais podem trazer um toque de sofistica\u00e7\u00e3o e aconchego.<\/p>\n\n\n\n<ol start=\"2\" class=\"wp-block-list\">\n<li><strong>Salas de estar<\/strong><\/li>\n<\/ol>\n\n\n\n<p>Transforme a sala em um ambiente convidativo com pap\u00e9is de parede que simulam texturas de madeira, tijolos ou murais art\u00edsticos. Esses estilos adicionam profundidade e calor ao espa\u00e7o.<\/p>\n\n\n\n<ol start=\"3\" class=\"wp-block-list\">\n<li><strong>Cozinhas e \u00e1reas gourmets<\/strong><\/li>\n<\/ol>\n\n\n\n<p>Pap\u00e9is de parede com temas gastron\u00f4micos, como frutas, temperos ou estampas retr\u00f4, trazem um charme especial. Escolha materiais lav\u00e1veis para garantir maior durabilidade.<\/p>\n\n\n\n<ol start=\"4\" class=\"wp-block-list\">\n<li><strong>Banheiros<\/strong><\/li>\n<\/ol>\n\n\n\n<p>Use pap\u00e9is de parede vin\u00edlicos, resistentes \u00e0 umidade, com estampas que remetem ao mar, como conchas e ondas, para criar um ambiente relaxante.<\/p>\n\n\n\n<ol start=\"5\" class=\"wp-block-list\">\n<li><strong>Escrit\u00f3rios e \u00e1reas de estudo<\/strong><\/li>\n<\/ol>\n\n\n\n<p>Estampas geom\u00e9tricas ou frases motivacionais s\u00e3o perfeitas para estimular a criatividade e concentra\u00e7\u00e3o.<\/p>\n\n\n\n<h2 class=\"wp-block-heading\"><span class=\"ez-toc-section\" id=\"Como_escolher_o_papel_de_parede_ideal\"><\/span><strong>Como escolher o papel de parede ideal?<\/strong><span class=\"ez-toc-section-end\"><\/span><\/h2>\n\n\n<div class=\"wp-block-image\">\n<figure class=\"alignright size-full is-resized\"><img loading=\"lazy\" decoding=\"async\" width=\"327\" height=\"480\" src=\"https:\/\/www.altex.com.br\/blog\/wp-content\/uploads\/2024\/12\/papeis-de-parede-3.webp\" alt=\"\" class=\"wp-image-306\" style=\"width:178px;height:auto\"\/><\/figure>\n<\/div>\n\n\n<p>Para escolher o papel de parede ideal, \u00e9 fundamental considerar o <strong>estilo do ambiente e o impacto visual desejado<\/strong>. Pense na sensa\u00e7\u00e3o que o espa\u00e7o deve transmitir, seja de aconchego, sofistica\u00e7\u00e3o ou energia, e escolha estampas e cores que harmonizem com os m\u00f3veis e a decora\u00e7\u00e3o existente.<\/p>\n\n\n\n<p>Outro ponto importante \u00e9 avaliar as <strong>condi\u00e7\u00f5es do local<\/strong>. Ambientes \u00famidos, como cozinhas e banheiros, pedem materiais mais resistentes, como pap\u00e9is vin\u00edlicos. J\u00e1 espa\u00e7os como quartos e salas permitem maior liberdade na escolha de texturas e acabamentos.<\/p>\n\n\n\n<p>A <strong>luz natural<\/strong> tamb\u00e9m influencia na escolha. Em locais bem iluminados, tons mais escuros ou estampas mais detalhadas funcionam bem, enquanto espa\u00e7os com pouca luz se beneficiam de cores claras e suaves para ampliar a sensa\u00e7\u00e3o de amplitude.&nbsp;<\/p>\n\n\n\n<p>Assim, voc\u00ea garante que o papel de parede se integre perfeitamente ao ambiente, valorizando sua funcionalidade e beleza.<\/p>\n\n\n\n<ul class=\"wp-block-list\">\n<li><a href=\"https:\/\/www.altex.com.br\/blog\/persianas-em-laminas\/conheca-o-diferencial-das-persianas-em-laminas-quais-as-aplicacoes\/\">Conhe\u00e7a o diferencial das persianas em l\u00e2minas: quais as aplica\u00e7\u00f5es?\u00a0<\/a><\/li>\n<\/ul>\n\n\n\n<h2 class=\"wp-block-heading\"><span class=\"ez-toc-section\" id=\"Dicas_para_instalacao_perfeita\"><\/span><strong>Dicas para instala\u00e7\u00e3o perfeita<\/strong><span class=\"ez-toc-section-end\"><\/span><\/h2>\n\n\n\n<p>A instala\u00e7\u00e3o correta do papel de parede \u00e9 essencial para um acabamento impec\u00e1vel e duradouro. Veja algumas dicas:<\/p>\n\n\n\n<ul class=\"wp-block-list\">\n<li><strong>Prepare a superf\u00edcie:<\/strong> Certifique-se de que a parede est\u00e1 limpa, lisa e seca antes da aplica\u00e7\u00e3o;<br><br><\/li>\n\n\n\n<li><strong>Use os materiais certos:<\/strong> Invista em cola de qualidade e ferramentas espec\u00edficas, como esp\u00e1tulas e estiletes;<br><br><\/li>\n\n\n\n<li><strong>Fa\u00e7a a medi\u00e7\u00e3o com cuidado:<\/strong> Corte o papel de forma precisa para evitar desperd\u00edcios;<br><br><\/li>\n\n\n\n<li><strong>Considere ajuda profissional:<\/strong> Se n\u00e3o se sentir confiante para aplicar, contrate um especialista para garantir um resultado perfeito.<\/li>\n<\/ul>\n\n\n\n<h2 class=\"wp-block-heading\"><span class=\"ez-toc-section\" id=\"Aposte_no_papel_de_parede_tematico_da_Altex_Cortinas\"><\/span><strong>Aposte no papel de parede tem\u00e1tico da Altex Cortinas<\/strong><span class=\"ez-toc-section-end\"><\/span><\/h2>\n\n\n\n<p>Se voc\u00ea est\u00e1 pronto para transformar seus ambientes com estilo e personalidade, explore as op\u00e7\u00f5es de pap\u00e9is de parede tem\u00e1ticos da Altex Cortinas.&nbsp;<\/p>\n\n\n\n<p>Nossa linha exclusiva combina qualidade, inova\u00e7\u00e3o e design \u00fanico, garantindo resultados incr\u00edveis.<\/p>\n\n\n\n<p><a href=\"https:\/\/www.altex.com.br\/\">Visite nosso site<\/a> e descubra como nossos produtos podem fazer a diferen\u00e7a na sua decora\u00e7\u00e3o. Transforme seu espa\u00e7o hoje mesmo com criatividade e eleg\u00e2ncia!<\/p>\n","protected":false},"excerpt":{"rendered":"<p><span class=\"rt-reading-time\" style=\"display: block;\"><span class=\"rt-label rt-prefix\">Tempo de leitura<\/span> <span class=\"rt-time\">3<\/span> <span class=\"rt-label rt-postfix\">minutos<\/span><\/span> Descubra como o papel de parede tem\u00e1tico pode transformar qualquer ambiente, trazendo criatividade e estilo para sua decora\u00e7\u00e3o. Renovar um ambiente nem sempre exige reformas complexas. \u00c0s vezes, uma simples mudan\u00e7a, como a aplica\u00e7\u00e3o de papel de parede tem\u00e1tico, pode fazer toda a diferen\u00e7a.&nbsp; Essa op\u00e7\u00e3o \u00e9 pr\u00e1tica, vers\u00e1til e acess\u00edvel, permitindo personalizar espa\u00e7os com &hellip; <\/p>\n","protected":false},"author":1,"featured_media":307,"comment_status":"open","ping_status":"open","sticky":false,"template":"","format":"standard","meta":{"footnotes":""},"categories":[145],"tags":[3942,3938,3939,3940,3941,1436,3947,3944,1390,1389,3951,1394,3946,3950,3943,3949,3945,3948],"class_list":["post-305","post","type-post","status-publish","format-standard","has-post-thumbnail","hentry","category-papel-de-parede","tag-distribuidor-de-papel-de-parede-tematico","tag-empresa-de-papel-de-parede-tematico","tag-fabrica-de-papel-de-parede-tematico","tag-fabricante-de-papel-de-parede-tematico","tag-fornecedor-de-papel-de-parede-tematico","tag-loja-de-papel-de-parede-tematico","tag-papel-de-parede-tematico-em-pinheiros","tag-papel-de-parede-tematico-em-promocao","tag-papel-de-parede-tematico-em-sao-paulo","tag-papel-de-parede-tematico-em-sp","tag-papel-de-parede-tematico-na-lapa","tag-papel-de-parede-tematico-na-vila-leopoldina","tag-papel-de-parede-tematico-na-vila-mariana","tag-papel-de-parede-tematico-no-butanta","tag-papel-de-parede-tematico-no-jaguare","tag-papel-de-parede-tematico-perto-de-mim","tag-papel-de-parede-tematico-preco","tag-papel-de-parede-tematico-proximo-a-mim"],"yoast_head":"<!-- This site is optimized with the Yoast SEO plugin v22.5 - https:\/\/yoast.com\/wordpress\/plugins\/seo\/ -->\n<title>Papel de parede tem\u00e1tico: transforme ambientes com criatividade e estilo - Altex<\/title>\n<meta name=\"description\" content=\"Descubra como o papel de parede tem\u00e1tico pode transformar qualquer ambiente, trazendo criatividade e estilo para sua decora\u00e7\u00e3o.\" \/>\n<meta name=\"robots\" content=\"index, follow, max-snippet:-1, max-image-preview:large, max-video-preview:-1\" \/>\n<link rel=\"canonical\" href=\"https:\/\/www.altex.com.br\/blog\/papel-de-parede\/papel-de-parede-tematico-transforme-ambientes-com-criatividade-e-estilo\/\" \/>\n<meta property=\"og:locale\" content=\"pt_BR\" \/>\n<meta property=\"og:type\" content=\"article\" \/>\n<meta property=\"og:title\" content=\"Papel de parede tem\u00e1tico: transforme ambientes com criatividade e estilo - Altex\" \/>\n<meta property=\"og:description\" content=\"Descubra como o papel de parede tem\u00e1tico pode transformar qualquer ambiente, trazendo criatividade e estilo para sua decora\u00e7\u00e3o.\" \/>\n<meta property=\"og:url\" content=\"https:\/\/www.altex.com.br\/blog\/papel-de-parede\/papel-de-parede-tematico-transforme-ambientes-com-criatividade-e-estilo\/\" \/>\n<meta property=\"og:site_name\" content=\"Altex\" \/>\n<meta property=\"article:published_time\" content=\"2024-12-09T15:38:34+00:00\" \/>\n<meta property=\"article:modified_time\" content=\"2024-12-09T15:38:35+00:00\" \/>\n<meta property=\"og:image\" content=\"https:\/\/www.altex.com.br\/blog\/wp-content\/uploads\/2024\/12\/peel-e-stick-papel-de-parede-para-banheiro-quarto-sala-de-estar-parede-ai-gerado_764067-1974.jpg\" \/>\n\t<meta property=\"og:image:width\" content=\"360\" \/>\n\t<meta property=\"og:image:height\" content=\"573\" \/>\n\t<meta property=\"og:image:type\" content=\"image\/jpeg\" \/>\n<meta name=\"author\" content=\"admin\" \/>\n<meta name=\"twitter:card\" content=\"summary_large_image\" \/>\n<meta name=\"twitter:label1\" content=\"Escrito por\" \/>\n\t<meta name=\"twitter:data1\" content=\"admin\" \/>\n\t<meta name=\"twitter:label2\" content=\"Est. tempo de leitura\" \/>\n\t<meta name=\"twitter:data2\" content=\"5 minutos\" \/>\n<script type=\"application\/ld+json\" class=\"yoast-schema-graph\">{\"@context\":\"https:\/\/schema.org\",\"@graph\":[{\"@type\":\"Article\",\"@id\":\"https:\/\/www.altex.com.br\/blog\/papel-de-parede\/papel-de-parede-tematico-transforme-ambientes-com-criatividade-e-estilo\/#article\",\"isPartOf\":{\"@id\":\"https:\/\/www.altex.com.br\/blog\/papel-de-parede\/papel-de-parede-tematico-transforme-ambientes-com-criatividade-e-estilo\/\"},\"author\":{\"name\":\"admin\",\"@id\":\"https:\/\/www.altex.com.br\/blog\/#\/schema\/person\/3c2b4dc5fc14bfdd28a6a128d82aa511\"},\"headline\":\"Papel de parede tem\u00e1tico: transforme ambientes com criatividade e estilo\",\"datePublished\":\"2024-12-09T15:38:34+00:00\",\"dateModified\":\"2024-12-09T15:38:35+00:00\",\"mainEntityOfPage\":{\"@id\":\"https:\/\/www.altex.com.br\/blog\/papel-de-parede\/papel-de-parede-tematico-transforme-ambientes-com-criatividade-e-estilo\/\"},\"wordCount\":783,\"commentCount\":0,\"publisher\":{\"@id\":\"https:\/\/www.altex.com.br\/blog\/#organization\"},\"image\":{\"@id\":\"https:\/\/www.altex.com.br\/blog\/papel-de-parede\/papel-de-parede-tematico-transforme-ambientes-com-criatividade-e-estilo\/#primaryimage\"},\"thumbnailUrl\":\"https:\/\/www.altex.com.br\/blog\/wp-content\/uploads\/2024\/12\/peel-e-stick-papel-de-parede-para-banheiro-quarto-sala-de-estar-parede-ai-gerado_764067-1974.jpg\",\"keywords\":[\"distribuidor de papel de parede tem\u00e1tico\",\"empresa de papel de parede tem\u00e1tico\",\"f\u00e1brica de papel de parede tem\u00e1tico\",\"fabricante de papel de parede tem\u00e1tico\",\"fornecedor de papel de parede tem\u00e1tico\",\"Loja de papel de parede tem\u00e1tico\",\"papel de parede tem\u00e1tico em Pinheiros\",\"papel de parede tem\u00e1tico em promo\u00e7\u00e3o\",\"Papel de parede tem\u00e1tico em S\u00e3o Paulo\",\"Papel de parede tem\u00e1tico em SP\",\"papel de parede tem\u00e1tico na Lapa\",\"Papel de parede tem\u00e1tico na Vila Leopoldina\",\"papel de parede tem\u00e1tico na Vila Mariana\",\"papel de parede tem\u00e1tico no Butant\u00e3\",\"papel de parede tem\u00e1tico no Jaguar\u00e9\",\"papel de parede tem\u00e1tico perto de mim\",\"papel de parede tem\u00e1tico pre\u00e7o\",\"papel de parede tem\u00e1tico pr\u00f3ximo a mim\"],\"articleSection\":[\"Papel de parede\"],\"inLanguage\":\"pt-BR\",\"potentialAction\":[{\"@type\":\"CommentAction\",\"name\":\"Comment\",\"target\":[\"https:\/\/www.altex.com.br\/blog\/papel-de-parede\/papel-de-parede-tematico-transforme-ambientes-com-criatividade-e-estilo\/#respond\"]}]},{\"@type\":\"WebPage\",\"@id\":\"https:\/\/www.altex.com.br\/blog\/papel-de-parede\/papel-de-parede-tematico-transforme-ambientes-com-criatividade-e-estilo\/\",\"url\":\"https:\/\/www.altex.com.br\/blog\/papel-de-parede\/papel-de-parede-tematico-transforme-ambientes-com-criatividade-e-estilo\/\",\"name\":\"Papel de parede tem\u00e1tico: transforme ambientes com criatividade e estilo - Altex\",\"isPartOf\":{\"@id\":\"https:\/\/www.altex.com.br\/blog\/#website\"},\"primaryImageOfPage\":{\"@id\":\"https:\/\/www.altex.com.br\/blog\/papel-de-parede\/papel-de-parede-tematico-transforme-ambientes-com-criatividade-e-estilo\/#primaryimage\"},\"image\":{\"@id\":\"https:\/\/www.altex.com.br\/blog\/papel-de-parede\/papel-de-parede-tematico-transforme-ambientes-com-criatividade-e-estilo\/#primaryimage\"},\"thumbnailUrl\":\"https:\/\/www.altex.com.br\/blog\/wp-content\/uploads\/2024\/12\/peel-e-stick-papel-de-parede-para-banheiro-quarto-sala-de-estar-parede-ai-gerado_764067-1974.jpg\",\"datePublished\":\"2024-12-09T15:38:34+00:00\",\"dateModified\":\"2024-12-09T15:38:35+00:00\",\"description\":\"Descubra como o papel de parede tem\u00e1tico pode transformar qualquer ambiente, trazendo criatividade e estilo para sua decora\u00e7\u00e3o.\",\"breadcrumb\":{\"@id\":\"https:\/\/www.altex.com.br\/blog\/papel-de-parede\/papel-de-parede-tematico-transforme-ambientes-com-criatividade-e-estilo\/#breadcrumb\"},\"inLanguage\":\"pt-BR\",\"potentialAction\":[{\"@type\":\"ReadAction\",\"target\":[\"https:\/\/www.altex.com.br\/blog\/papel-de-parede\/papel-de-parede-tematico-transforme-ambientes-com-criatividade-e-estilo\/\"]}]},{\"@type\":\"ImageObject\",\"inLanguage\":\"pt-BR\",\"@id\":\"https:\/\/www.altex.com.br\/blog\/papel-de-parede\/papel-de-parede-tematico-transforme-ambientes-com-criatividade-e-estilo\/#primaryimage\",\"url\":\"https:\/\/www.altex.com.br\/blog\/wp-content\/uploads\/2024\/12\/peel-e-stick-papel-de-parede-para-banheiro-quarto-sala-de-estar-parede-ai-gerado_764067-1974.jpg\",\"contentUrl\":\"https:\/\/www.altex.com.br\/blog\/wp-content\/uploads\/2024\/12\/peel-e-stick-papel-de-parede-para-banheiro-quarto-sala-de-estar-parede-ai-gerado_764067-1974.jpg\",\"width\":360,\"height\":573,\"caption\":\"Papel de parede tem\u00e1tico: transforme ambientes com criatividade e estilo\"},{\"@type\":\"BreadcrumbList\",\"@id\":\"https:\/\/www.altex.com.br\/blog\/papel-de-parede\/papel-de-parede-tematico-transforme-ambientes-com-criatividade-e-estilo\/#breadcrumb\",\"itemListElement\":[{\"@type\":\"ListItem\",\"position\":1,\"name\":\"In\u00edcio\",\"item\":\"https:\/\/www.altex.com.br\/blog\/\"},{\"@type\":\"ListItem\",\"position\":2,\"name\":\"Papel de parede tem\u00e1tico: transforme ambientes com criatividade e estilo\"}]},{\"@type\":\"WebSite\",\"@id\":\"https:\/\/www.altex.com.br\/blog\/#website\",\"url\":\"https:\/\/www.altex.com.br\/blog\/\",\"name\":\"Altex\",\"description\":\"Blog\",\"publisher\":{\"@id\":\"https:\/\/www.altex.com.br\/blog\/#organization\"},\"potentialAction\":[{\"@type\":\"SearchAction\",\"target\":{\"@type\":\"EntryPoint\",\"urlTemplate\":\"https:\/\/www.altex.com.br\/blog\/?s={search_term_string}\"},\"query-input\":\"required name=search_term_string\"}],\"inLanguage\":\"pt-BR\"},{\"@type\":\"Organization\",\"@id\":\"https:\/\/www.altex.com.br\/blog\/#organization\",\"name\":\"Altex\",\"url\":\"https:\/\/www.altex.com.br\/blog\/\",\"logo\":{\"@type\":\"ImageObject\",\"inLanguage\":\"pt-BR\",\"@id\":\"https:\/\/www.altex.com.br\/blog\/#\/schema\/logo\/image\/\",\"url\":\"https:\/\/www.altex.com.br\/blog\/wp-content\/uploads\/2022\/08\/altex-logo.png\",\"contentUrl\":\"https:\/\/www.altex.com.br\/blog\/wp-content\/uploads\/2022\/08\/altex-logo.png\",\"width\":155,\"height\":98,\"caption\":\"Altex\"},\"image\":{\"@id\":\"https:\/\/www.altex.com.br\/blog\/#\/schema\/logo\/image\/\"}},{\"@type\":\"Person\",\"@id\":\"https:\/\/www.altex.com.br\/blog\/#\/schema\/person\/3c2b4dc5fc14bfdd28a6a128d82aa511\",\"name\":\"admin\",\"image\":{\"@type\":\"ImageObject\",\"inLanguage\":\"pt-BR\",\"@id\":\"https:\/\/www.altex.com.br\/blog\/#\/schema\/person\/image\/\",\"url\":\"https:\/\/secure.gravatar.com\/avatar\/3813f53848958b8842eeafda91666185a90010f65ed554379b78794cde6f234a?s=96&d=mm&r=g\",\"contentUrl\":\"https:\/\/secure.gravatar.com\/avatar\/3813f53848958b8842eeafda91666185a90010f65ed554379b78794cde6f234a?s=96&d=mm&r=g\",\"caption\":\"admin\"},\"sameAs\":[\"https:\/\/altex.com.br\/blog\"],\"url\":\"https:\/\/www.altex.com.br\/blog\/author\/admin\/\"}]}<\/script>\n<!-- \/ Yoast SEO plugin. -->","yoast_head_json":{"title":"Papel de parede tem\u00e1tico: transforme ambientes com criatividade e estilo - Altex","description":"Descubra como o papel de parede tem\u00e1tico pode transformar qualquer ambiente, trazendo criatividade e estilo para sua decora\u00e7\u00e3o.","robots":{"index":"index","follow":"follow","max-snippet":"max-snippet:-1","max-image-preview":"max-image-preview:large","max-video-preview":"max-video-preview:-1"},"canonical":"https:\/\/www.altex.com.br\/blog\/papel-de-parede\/papel-de-parede-tematico-transforme-ambientes-com-criatividade-e-estilo\/","og_locale":"pt_BR","og_type":"article","og_title":"Papel de parede tem\u00e1tico: transforme ambientes com criatividade e estilo - Altex","og_description":"Descubra como o papel de parede tem\u00e1tico pode transformar qualquer ambiente, trazendo criatividade e estilo para sua decora\u00e7\u00e3o.","og_url":"https:\/\/www.altex.com.br\/blog\/papel-de-parede\/papel-de-parede-tematico-transforme-ambientes-com-criatividade-e-estilo\/","og_site_name":"Altex","article_published_time":"2024-12-09T15:38:34+00:00","article_modified_time":"2024-12-09T15:38:35+00:00","og_image":[{"width":360,"height":573,"url":"https:\/\/www.altex.com.br\/blog\/wp-content\/uploads\/2024\/12\/peel-e-stick-papel-de-parede-para-banheiro-quarto-sala-de-estar-parede-ai-gerado_764067-1974.jpg","type":"image\/jpeg"}],"author":"admin","twitter_card":"summary_large_image","twitter_misc":{"Escrito por":"admin","Est. tempo de leitura":"5 minutos"},"schema":{"@context":"https:\/\/schema.org","@graph":[{"@type":"Article","@id":"https:\/\/www.altex.com.br\/blog\/papel-de-parede\/papel-de-parede-tematico-transforme-ambientes-com-criatividade-e-estilo\/#article","isPartOf":{"@id":"https:\/\/www.altex.com.br\/blog\/papel-de-parede\/papel-de-parede-tematico-transforme-ambientes-com-criatividade-e-estilo\/"},"author":{"name":"admin","@id":"https:\/\/www.altex.com.br\/blog\/#\/schema\/person\/3c2b4dc5fc14bfdd28a6a128d82aa511"},"headline":"Papel de parede tem\u00e1tico: transforme ambientes com criatividade e estilo","datePublished":"2024-12-09T15:38:34+00:00","dateModified":"2024-12-09T15:38:35+00:00","mainEntityOfPage":{"@id":"https:\/\/www.altex.com.br\/blog\/papel-de-parede\/papel-de-parede-tematico-transforme-ambientes-com-criatividade-e-estilo\/"},"wordCount":783,"commentCount":0,"publisher":{"@id":"https:\/\/www.altex.com.br\/blog\/#organization"},"image":{"@id":"https:\/\/www.altex.com.br\/blog\/papel-de-parede\/papel-de-parede-tematico-transforme-ambientes-com-criatividade-e-estilo\/#primaryimage"},"thumbnailUrl":"https:\/\/www.altex.com.br\/blog\/wp-content\/uploads\/2024\/12\/peel-e-stick-papel-de-parede-para-banheiro-quarto-sala-de-estar-parede-ai-gerado_764067-1974.jpg","keywords":["distribuidor de papel de parede tem\u00e1tico","empresa de papel de parede tem\u00e1tico","f\u00e1brica de papel de parede tem\u00e1tico","fabricante de papel de parede tem\u00e1tico","fornecedor de papel de parede tem\u00e1tico","Loja de papel de parede tem\u00e1tico","papel de parede tem\u00e1tico em Pinheiros","papel de parede tem\u00e1tico em promo\u00e7\u00e3o","Papel de parede tem\u00e1tico em S\u00e3o Paulo","Papel de parede tem\u00e1tico em SP","papel de parede tem\u00e1tico na Lapa","Papel de parede tem\u00e1tico na Vila Leopoldina","papel de parede tem\u00e1tico na Vila Mariana","papel de parede tem\u00e1tico no Butant\u00e3","papel de parede tem\u00e1tico no Jaguar\u00e9","papel de parede tem\u00e1tico perto de mim","papel de parede tem\u00e1tico pre\u00e7o","papel de parede tem\u00e1tico pr\u00f3ximo a mim"],"articleSection":["Papel de parede"],"inLanguage":"pt-BR","potentialAction":[{"@type":"CommentAction","name":"Comment","target":["https:\/\/www.altex.com.br\/blog\/papel-de-parede\/papel-de-parede-tematico-transforme-ambientes-com-criatividade-e-estilo\/#respond"]}]},{"@type":"WebPage","@id":"https:\/\/www.altex.com.br\/blog\/papel-de-parede\/papel-de-parede-tematico-transforme-ambientes-com-criatividade-e-estilo\/","url":"https:\/\/www.altex.com.br\/blog\/papel-de-parede\/papel-de-parede-tematico-transforme-ambientes-com-criatividade-e-estilo\/","name":"Papel de parede tem\u00e1tico: transforme ambientes com criatividade e estilo - Altex","isPartOf":{"@id":"https:\/\/www.altex.com.br\/blog\/#website"},"primaryImageOfPage":{"@id":"https:\/\/www.altex.com.br\/blog\/papel-de-parede\/papel-de-parede-tematico-transforme-ambientes-com-criatividade-e-estilo\/#primaryimage"},"image":{"@id":"https:\/\/www.altex.com.br\/blog\/papel-de-parede\/papel-de-parede-tematico-transforme-ambientes-com-criatividade-e-estilo\/#primaryimage"},"thumbnailUrl":"https:\/\/www.altex.com.br\/blog\/wp-content\/uploads\/2024\/12\/peel-e-stick-papel-de-parede-para-banheiro-quarto-sala-de-estar-parede-ai-gerado_764067-1974.jpg","datePublished":"2024-12-09T15:38:34+00:00","dateModified":"2024-12-09T15:38:35+00:00","description":"Descubra como o papel de parede tem\u00e1tico pode transformar qualquer ambiente, trazendo criatividade e estilo para sua decora\u00e7\u00e3o.","breadcrumb":{"@id":"https:\/\/www.altex.com.br\/blog\/papel-de-parede\/papel-de-parede-tematico-transforme-ambientes-com-criatividade-e-estilo\/#breadcrumb"},"inLanguage":"pt-BR","potentialAction":[{"@type":"ReadAction","target":["https:\/\/www.altex.com.br\/blog\/papel-de-parede\/papel-de-parede-tematico-transforme-ambientes-com-criatividade-e-estilo\/"]}]},{"@type":"ImageObject","inLanguage":"pt-BR","@id":"https:\/\/www.altex.com.br\/blog\/papel-de-parede\/papel-de-parede-tematico-transforme-ambientes-com-criatividade-e-estilo\/#primaryimage","url":"https:\/\/www.altex.com.br\/blog\/wp-content\/uploads\/2024\/12\/peel-e-stick-papel-de-parede-para-banheiro-quarto-sala-de-estar-parede-ai-gerado_764067-1974.jpg","contentUrl":"https:\/\/www.altex.com.br\/blog\/wp-content\/uploads\/2024\/12\/peel-e-stick-papel-de-parede-para-banheiro-quarto-sala-de-estar-parede-ai-gerado_764067-1974.jpg","width":360,"height":573,"caption":"Papel de parede tem\u00e1tico: transforme ambientes com criatividade e estilo"},{"@type":"BreadcrumbList","@id":"https:\/\/www.altex.com.br\/blog\/papel-de-parede\/papel-de-parede-tematico-transforme-ambientes-com-criatividade-e-estilo\/#breadcrumb","itemListElement":[{"@type":"ListItem","position":1,"name":"In\u00edcio","item":"https:\/\/www.altex.com.br\/blog\/"},{"@type":"ListItem","position":2,"name":"Papel de parede tem\u00e1tico: transforme ambientes com criatividade e estilo"}]},{"@type":"WebSite","@id":"https:\/\/www.altex.com.br\/blog\/#website","url":"https:\/\/www.altex.com.br\/blog\/","name":"Altex","description":"Blog","publisher":{"@id":"https:\/\/www.altex.com.br\/blog\/#organization"},"potentialAction":[{"@type":"SearchAction","target":{"@type":"EntryPoint","urlTemplate":"https:\/\/www.altex.com.br\/blog\/?s={search_term_string}"},"query-input":"required name=search_term_string"}],"inLanguage":"pt-BR"},{"@type":"Organization","@id":"https:\/\/www.altex.com.br\/blog\/#organization","name":"Altex","url":"https:\/\/www.altex.com.br\/blog\/","logo":{"@type":"ImageObject","inLanguage":"pt-BR","@id":"https:\/\/www.altex.com.br\/blog\/#\/schema\/logo\/image\/","url":"https:\/\/www.altex.com.br\/blog\/wp-content\/uploads\/2022\/08\/altex-logo.png","contentUrl":"https:\/\/www.altex.com.br\/blog\/wp-content\/uploads\/2022\/08\/altex-logo.png","width":155,"height":98,"caption":"Altex"},"image":{"@id":"https:\/\/www.altex.com.br\/blog\/#\/schema\/logo\/image\/"}},{"@type":"Person","@id":"https:\/\/www.altex.com.br\/blog\/#\/schema\/person\/3c2b4dc5fc14bfdd28a6a128d82aa511","name":"admin","image":{"@type":"ImageObject","inLanguage":"pt-BR","@id":"https:\/\/www.altex.com.br\/blog\/#\/schema\/person\/image\/","url":"https:\/\/secure.gravatar.com\/avatar\/3813f53848958b8842eeafda91666185a90010f65ed554379b78794cde6f234a?s=96&d=mm&r=g","contentUrl":"https:\/\/secure.gravatar.com\/avatar\/3813f53848958b8842eeafda91666185a90010f65ed554379b78794cde6f234a?s=96&d=mm&r=g","caption":"admin"},"sameAs":["https:\/\/altex.com.br\/blog"],"url":"https:\/\/www.altex.com.br\/blog\/author\/admin\/"}]}},"_links":{"self":[{"href":"https:\/\/www.altex.com.br\/blog\/wp-json\/wp\/v2\/posts\/305","targetHints":{"allow":["GET"]}}],"collection":[{"href":"https:\/\/www.altex.com.br\/blog\/wp-json\/wp\/v2\/posts"}],"about":[{"href":"https:\/\/www.altex.com.br\/blog\/wp-json\/wp\/v2\/types\/post"}],"author":[{"embeddable":true,"href":"https:\/\/www.altex.com.br\/blog\/wp-json\/wp\/v2\/users\/1"}],"replies":[{"embeddable":true,"href":"https:\/\/www.altex.com.br\/blog\/wp-json\/wp\/v2\/comments?post=305"}],"version-history":[{"count":1,"href":"https:\/\/www.altex.com.br\/blog\/wp-json\/wp\/v2\/posts\/305\/revisions"}],"predecessor-version":[{"id":308,"href":"https:\/\/www.altex.com.br\/blog\/wp-json\/wp\/v2\/posts\/305\/revisions\/308"}],"wp:featuredmedia":[{"embeddable":true,"href":"https:\/\/www.altex.com.br\/blog\/wp-json\/wp\/v2\/media\/307"}],"wp:attachment":[{"href":"https:\/\/www.altex.com.br\/blog\/wp-json\/wp\/v2\/media?parent=305"}],"wp:term":[{"taxonomy":"category","embeddable":true,"href":"https:\/\/www.altex.com.br\/blog\/wp-json\/wp\/v2\/categories?post=305"},{"taxonomy":"post_tag","embeddable":true,"href":"https:\/\/www.altex.com.br\/blog\/wp-json\/wp\/v2\/tags?post=305"}],"curies":[{"name":"wp","href":"https:\/\/api.w.org\/{rel}","templated":true}]}}