{"id":270,"date":"2024-08-28T17:00:50","date_gmt":"2024-08-28T17:00:50","guid":{"rendered":"https:\/\/www.altex.com.br\/blog\/?p=270"},"modified":"2024-08-28T17:00:51","modified_gmt":"2024-08-28T17:00:51","slug":"conheca-o-diferencial-das-persianas-em-laminas-quais-as-aplicacoes","status":"publish","type":"post","link":"https:\/\/www.altex.com.br\/blog\/persianas-em-laminas\/conheca-o-diferencial-das-persianas-em-laminas-quais-as-aplicacoes\/","title":{"rendered":"Conhe\u00e7a o diferencial das persianas em l\u00e2minas: quais as aplica\u00e7\u00f5es?\u00a0"},"content":{"rendered":"<span class=\"rt-reading-time\" style=\"display: block;\"><span class=\"rt-label rt-prefix\">Tempo de leitura<\/span> <span class=\"rt-time\">4<\/span> <span class=\"rt-label rt-postfix\">minutos<\/span><\/span>\n<p class=\"has-medium-font-size\"><strong><em>Descubra as vantagens das persianas em l\u00e2minas e suas diversas aplica\u00e7\u00f5es para decora\u00e7\u00e3o e controle de luz em ambientes residenciais e comerciais.<\/em><\/strong><\/p>\n\n\n\n<p>As persianas em l\u00e2minas s\u00e3o um tipo de cobertura para janelas composta por v\u00e1rias l\u00e2minas individuais que podem ser ajustadas para controlar a entrada de luz e oferecer privacidade.&nbsp;<\/p>\n\n\n\n<p>Essas l\u00e2minas podem ser horizontais ou verticais, e s\u00e3o fabricadas em diversos materiais, como madeira, alum\u00ednio, PVC e tecidos.<\/p>\n\n\n\n<p>Neste texto, voc\u00ea ter\u00e1 a oportunidade de conhecer em detalhes as persianas em l\u00e2minas, compreendendo suas caracter\u00edsticas, funcionalidades e os benef\u00edcios que elas podem trazer para diversos tipos de ambientes.<\/p>\n\n\n\n<ul class=\"wp-block-list\">\n<li><a href=\"https:\/\/www.altex.com.br\/blog\/piso-vinilico\/piso-vinilico-para-banheiro-quais-as-vantagens-e-onde-comprar\/\">Piso vin\u00edlico para banheiro: quais as vantagens e onde comprar?<\/a><\/li>\n<\/ul>\n\n\n\n<div id=\"ez-toc-container\" class=\"ez-toc-v2_0_65 counter-hierarchy ez-toc-counter ez-toc-grey ez-toc-container-direction\">\n<div class=\"ez-toc-title-container\">\n<p class=\"ez-toc-title \" >Table of Contents<\/p>\n<span class=\"ez-toc-title-toggle\"><a href=\"#\" class=\"ez-toc-pull-right ez-toc-btn ez-toc-btn-xs ez-toc-btn-default ez-toc-toggle\" aria-label=\"Toggle Table of Content\"><span class=\"ez-toc-js-icon-con\"><span class=\"\"><span class=\"eztoc-hide\" style=\"display:none;\">Toggle<\/span><span class=\"ez-toc-icon-toggle-span\"><svg style=\"fill: #999;color:#999\" xmlns=\"http:\/\/www.w3.org\/2000\/svg\" class=\"list-377408\" width=\"20px\" height=\"20px\" viewBox=\"0 0 24 24\" fill=\"none\"><path d=\"M6 6H4v2h2V6zm14 0H8v2h12V6zM4 11h2v2H4v-2zm16 0H8v2h12v-2zM4 16h2v2H4v-2zm16 0H8v2h12v-2z\" fill=\"currentColor\"><\/path><\/svg><svg style=\"fill: #999;color:#999\" class=\"arrow-unsorted-368013\" xmlns=\"http:\/\/www.w3.org\/2000\/svg\" width=\"10px\" height=\"10px\" viewBox=\"0 0 24 24\" version=\"1.2\" baseProfile=\"tiny\"><path d=\"M18.2 9.3l-6.2-6.3-6.2 6.3c-.2.2-.3.4-.3.7s.1.5.3.7c.2.2.4.3.7.3h11c.3 0 .5-.1.7-.3.2-.2.3-.5.3-.7s-.1-.5-.3-.7zM5.8 14.7l6.2 6.3 6.2-6.3c.2-.2.3-.5.3-.7s-.1-.5-.3-.7c-.2-.2-.4-.3-.7-.3h-11c-.3 0-.5.1-.7.3-.2.2-.3.5-.3.7s.1.5.3.7z\"\/><\/svg><\/span><\/span><\/span><\/a><\/span><\/div>\n<nav><ul class='ez-toc-list ez-toc-list-level-1 ' ><li class='ez-toc-page-1 ez-toc-heading-level-2'><a class=\"ez-toc-link ez-toc-heading-1\" href=\"https:\/\/www.altex.com.br\/blog\/persianas-em-laminas\/conheca-o-diferencial-das-persianas-em-laminas-quais-as-aplicacoes\/#Por_que_se_destacam\" title=\"Por que se destacam?\">Por que se destacam?<\/a><\/li><li class='ez-toc-page-1 ez-toc-heading-level-2'><a class=\"ez-toc-link ez-toc-heading-2\" href=\"https:\/\/www.altex.com.br\/blog\/persianas-em-laminas\/conheca-o-diferencial-das-persianas-em-laminas-quais-as-aplicacoes\/#Conheca_as_aplicacoes_das_persianas_de_laminas\" title=\"Conhe\u00e7a as aplica\u00e7\u00f5es das persianas de l\u00e2minas\">Conhe\u00e7a as aplica\u00e7\u00f5es das persianas de l\u00e2minas<\/a><\/li><li class='ez-toc-page-1 ez-toc-heading-level-2'><a class=\"ez-toc-link ez-toc-heading-3\" href=\"https:\/\/www.altex.com.br\/blog\/persianas-em-laminas\/conheca-o-diferencial-das-persianas-em-laminas-quais-as-aplicacoes\/#Como_as_laminas_regulam_a_luz_e_criam_ambientes_personalizados\" title=\"Como as l\u00e2minas regulam a luz e criam ambientes personalizados?&nbsp;\">Como as l\u00e2minas regulam a luz e criam ambientes personalizados?&nbsp;<\/a><\/li><li class='ez-toc-page-1 ez-toc-heading-level-2'><a class=\"ez-toc-link ez-toc-heading-4\" href=\"https:\/\/www.altex.com.br\/blog\/persianas-em-laminas\/conheca-o-diferencial-das-persianas-em-laminas-quais-as-aplicacoes\/#Onde_comprar_persianas_de_Laminas_Conheca_a_Altex_Cortinas\" title=\"Onde comprar persianas de L\u00e2minas? Conhe\u00e7a a Altex Cortinas&nbsp;\">Onde comprar persianas de L\u00e2minas? Conhe\u00e7a a Altex Cortinas&nbsp;<\/a><\/li><\/ul><\/nav><\/div>\n<h2 class=\"wp-block-heading\"><span class=\"ez-toc-section\" id=\"Por_que_se_destacam\"><\/span>Por que se destacam?<span class=\"ez-toc-section-end\"><\/span><\/h2>\n\n\n<div class=\"wp-block-image\">\n<figure class=\"alignright size-full is-resized\"><img loading=\"lazy\" decoding=\"async\" width=\"980\" height=\"455\" src=\"https:\/\/www.altex.com.br\/blog\/wp-content\/uploads\/2024\/08\/persinana-top-1.webp\" alt=\"\" class=\"wp-image-272\" style=\"width:414px;height:auto\"\/><\/figure>\n<\/div>\n\n\n<ul class=\"wp-block-list\">\n<li><strong>Controle preciso da luz:<\/strong> as l\u00e2minas ajust\u00e1veis permitem controlar a intensidade e a dire\u00e7\u00e3o da luz que entra no ambiente, criando a atmosfera perfeita para cada momento do dia.<\/li>\n\n\n\n<li><strong>Privacidade:<\/strong> Ao fechar as l\u00e2minas, voc\u00ea garante a privacidade do ambiente, impedindo a vis\u00e3o externa.<\/li>\n\n\n\n<li><strong>Estilo e design:<\/strong> as persianas em l\u00e2minas est\u00e3o dispon\u00edveis em uma ampla variedade de cores e materiais, permitindo que voc\u00ea escolha a op\u00e7\u00e3o que melhor se adapta ao estilo da sua decora\u00e7\u00e3o.<\/li>\n\n\n\n<li><strong>Funcionalidade:<\/strong> al\u00e9m de controlar a luz e oferecer privacidade, as persianas em l\u00e2minas tamb\u00e9m ajudam a isolar termicamente o ambiente, reduzindo o consumo de energia.<\/li>\n\n\n\n<li><strong>Durabilidade:<\/strong> fabricadas com materiais de alta qualidade, as persianas em l\u00e2minas s\u00e3o resistentes e dur\u00e1veis, proporcionando longa vida \u00fatil.<\/li>\n<\/ul>\n\n\n\n<h2 class=\"wp-block-heading\"><span class=\"ez-toc-section\" id=\"Conheca_as_aplicacoes_das_persianas_de_laminas\"><\/span>Conhe\u00e7a as aplica\u00e7\u00f5es das persianas de l\u00e2minas<span class=\"ez-toc-section-end\"><\/span><\/h2>\n\n\n\n<p>As persianas de l\u00e2minas s\u00e3o uma escolha vers\u00e1til e funcional para diversos tipos de ambientes, oferecendo n\u00e3o apenas controle de luminosidade, mas tamb\u00e9m um toque est\u00e9tico que pode complementar qualquer estilo de decora\u00e7\u00e3o.<\/p>\n\n\n\n<p>&nbsp;A seguir, conhe\u00e7a algumas das principais aplica\u00e7\u00f5es dessas persianas:<\/p>\n\n\n\n<p><strong>&nbsp;Resid\u00eancias<\/strong><\/p>\n\n\n\n<ul class=\"wp-block-list\">\n<li><strong>Salas de Estar<\/strong>: As persianas de l\u00e2minas permitem ajustar a entrada de luz natural, criando um ambiente acolhedor e confort\u00e1vel para momentos de lazer e conv\u00edvio.<\/li>\n\n\n\n<li><strong>Quartos<\/strong>: Ideais para proporcionar privacidade e bloquear a luz externa durante a noite, al\u00e9m de oferecer controle sobre a intensidade da luz ao amanhecer.<\/li>\n\n\n\n<li><strong>Cozinhas e banheiros<\/strong>: fabricadas em materiais resistentes \u00e0 umidade, como o PVC ou o alum\u00ednio, essas persianas s\u00e3o pr\u00e1ticas e dur\u00e1veis, al\u00e9m de f\u00e1ceis de limpar.<\/li>\n<\/ul>\n\n\n\n<p><strong>2.<\/strong><strong> <\/strong><strong>Escrit\u00f3rios<\/strong><\/p>\n\n\n\n<ul class=\"wp-block-list\">\n<li><strong>Ambientes de Trabalho<\/strong>: As persianas de l\u00e2minas s\u00e3o perfeitas para controlar o brilho e o reflexo em monitores de computador, proporcionando um ambiente de trabalho mais confort\u00e1vel e produtivo.<\/li>\n\n\n\n<li><strong>Salas de Reuni\u00e3o<\/strong>: Garantem privacidade durante reuni\u00f5es importantes, permitindo tamb\u00e9m a entrada de luz natural quando desejado.<\/li>\n<\/ul>\n\n\n\n<p><strong>3.<\/strong><strong> Espa\u00e7os Comerciais<\/strong><\/p>\n\n\n\n<ul class=\"wp-block-list\">\n<li><strong>Lojas<\/strong>: podem ser utilizadas para criar vitrines atraentes, controlando a entrada de luz e protegendo produtos sens\u00edveis ao sol.<\/li>\n\n\n\n<li><strong>Restaurantes e caf\u00e9s<\/strong>: al\u00e9m de ajudar a manter o ambiente agrad\u00e1vel e protegido da luz solar direta, as persianas de l\u00e2minas contribuem para a cria\u00e7\u00e3o de uma atmosfera acolhedora e estilosa.<\/li>\n<\/ul>\n\n\n\n<p><strong>4. <\/strong><strong>Institui\u00e7\u00f5es de Sa\u00fade<\/strong><\/p>\n\n\n\n<ul class=\"wp-block-list\">\n<li><strong>Consult\u00f3rios e cl\u00ednicas<\/strong>: oferecem privacidade para os pacientes enquanto permitem que os profissionais ajustem a luminosidade de acordo com as necessidades do espa\u00e7o.<\/li>\n\n\n\n<li><strong>Hospitais<\/strong>: em \u00e1reas onde \u00e9 necess\u00e1rio controlar a luz para o conforto dos pacientes, as persianas de l\u00e2minas proporcionam uma solu\u00e7\u00e3o pr\u00e1tica e higi\u00eanica.<\/li>\n<\/ul>\n\n\n\n<p><strong>5<\/strong><strong>. Ambientes Educacionais<\/strong><\/p>\n\n\n\n<ul class=\"wp-block-list\">\n<li><strong>Salas de aula<\/strong>: contribuem para o controle da luz durante apresenta\u00e7\u00f5es em v\u00eddeo ou proje\u00e7\u00f5es, criando um ambiente mais adequado para o aprendizado.<\/li>\n\n\n\n<li><strong>Bibliotecas<\/strong>: ajudam a criar um espa\u00e7o de estudo tranquilo, com a possibilidade de ajustar a entrada de luz para evitar o excesso de claridade<\/li>\n<\/ul>\n\n\n\n<h2 class=\"wp-block-heading\"><span class=\"ez-toc-section\" id=\"Como_as_laminas_regulam_a_luz_e_criam_ambientes_personalizados\"><\/span>Como as l\u00e2minas regulam a luz e criam ambientes personalizados?&nbsp;<span class=\"ez-toc-section-end\"><\/span><\/h2>\n\n\n\n<p>As persianas em l\u00e2minas oferecem um controle preciso da luz natural, permitindo que voc\u00ea adapte o ambiente \u00e0s suas necessidades e prefer\u00eancias. Mas como elas conseguem isso?<\/p>\n\n\n\n<p><strong>O mecanismo de ajuste das l\u00e2minas:<\/strong><\/p>\n\n\n\n<ul class=\"wp-block-list\">\n<li><strong>Rota\u00e7\u00e3o:<\/strong> as l\u00e2minas podem ser rotacionadas individualmente ou em conjunto, permitindo ajustar o \u00e2ngulo de inclina\u00e7\u00e3o.<\/li>\n\n\n\n<li><strong>Sobreposi\u00e7\u00e3o:<\/strong> ao girar as l\u00e2minas, voc\u00ea controla a quantidade de luz que passa pelas fendas entre elas, criando diferentes n\u00edveis de ilumina\u00e7\u00e3o.<\/li>\n\n\n\n<li><strong>Direcionamento:<\/strong> A luz que passa pelas fendas pode ser direcionada para diferentes \u00e1reas do ambiente, criando efeitos de luz e sombra.<\/li>\n<\/ul>\n\n\n\n<p><strong>Criando ambientes personalizados:<\/strong><\/p>\n\n\n\n<ul class=\"wp-block-list\">\n<li><strong>Ilumina\u00e7\u00e3o difusa:<\/strong> ao inclinar as l\u00e2minas em um \u00e2ngulo, a luz natural \u00e9 dispersa de forma uniforme pelo ambiente, criando uma atmosfera suave e acolhedora. Ideal para salas de estar e quartos.<\/li>\n\n\n\n<li><strong>Ilumina\u00e7\u00e3o direcionada:<\/strong> ao direcionar as l\u00e2minas para um ponto espec\u00edfico, voc\u00ea pode criar um efeito de destaque em objetos ou obras de arte. Perfeito para salas de jantar e home offices.<\/li>\n\n\n\n<li><strong>Privacidade:<\/strong> Ao fechar completamente as l\u00e2minas, voc\u00ea garante a privacidade do ambiente, impedindo a vis\u00e3o externa. Ideal para quartos e banheiros.<\/li>\n\n\n\n<li><strong>Prote\u00e7\u00e3o contra o sol:<\/strong> as l\u00e2minas podem bloquear a luz solar direta, evitando o desbotamento de m\u00f3veis e tecidos, al\u00e9m de reduzir o calor e o brilho excessivos.<\/li>\n<\/ul>\n\n\n\n<h2 class=\"wp-block-heading\"><span class=\"ez-toc-section\" id=\"Onde_comprar_persianas_de_Laminas_Conheca_a_Altex_Cortinas\"><\/span>Onde comprar persianas de L\u00e2minas? Conhe\u00e7a a Altex Cortinas&nbsp;<span class=\"ez-toc-section-end\"><\/span><\/h2>\n\n\n\n<p>Se voc\u00ea j\u00e1 est\u00e1 convencido das vantagens das persianas de l\u00e2minas e procura um lugar confi\u00e1vel para adquirir o produto, a Altex Cortinas \u00e9 a escolha certa.<\/p>\n\n\n\n<p>Al\u00e9m de oferecer produtos de alta qualidade, a empresa se destaca pelo conhecimento e profissionalismo de sua equipe.<\/p>\n\n\n\n<p>Especialistas em persianas de l\u00e2minas, os profissionais da Altex Cortinas est\u00e3o prontos para orientar voc\u00ea na escolha das melhores op\u00e7\u00f5es para o seu projeto.<\/p>\n\n\n\n<p>Outro diferencial da Altex Cortinas \u00e9 o servi\u00e7o de instala\u00e7\u00e3o de excel\u00eancia.<\/p>\n\n\n\n<p>Contar com profissionais experientes para a instala\u00e7\u00e3o das persianas garante um resultado impec\u00e1vel, sem problemas como desajustes ou falhas, que poderiam comprometer a funcionalidade e a durabilidade do produto.<\/p>\n\n\n\n<p>Para mais informa\u00e7\u00f5es e para solicitar um or\u00e7amento, entre em contato com a Altex Cortinas atrav\u00e9s do site ou visite uma de suas lojas.<\/p>\n\n\n\n<p>Aproveite a oportunidade de transformar seus ambientes com persianas de l\u00e2minas pr\u00e1ticas, elegantes e dur\u00e1veis.<\/p>\n\n\n\n<p>E para mais dicas e conte\u00fados sobre decora\u00e7\u00e3o e reformas, continue acompanhando nosso blog, onde voc\u00ea encontra tudo o que precisa saber para deixar sua casa ainda mais bonita e funcional.<\/p>\n","protected":false},"excerpt":{"rendered":"<p><span class=\"rt-reading-time\" style=\"display: block;\"><span class=\"rt-label rt-prefix\">Tempo de leitura<\/span> <span class=\"rt-time\">4<\/span> <span class=\"rt-label rt-postfix\">minutos<\/span><\/span> Descubra as vantagens das persianas em l\u00e2minas e suas diversas aplica\u00e7\u00f5es para decora\u00e7\u00e3o e controle de luz em ambientes residenciais e comerciais. As persianas em l\u00e2minas s\u00e3o um tipo de cobertura para janelas composta por v\u00e1rias l\u00e2minas individuais que podem ser ajustadas para controlar a entrada de luz e oferecer privacidade.&nbsp; Essas l\u00e2minas podem ser &hellip; <\/p>\n","protected":false},"author":1,"featured_media":271,"comment_status":"open","ping_status":"open","sticky":false,"template":"","format":"standard","meta":{"footnotes":""},"categories":[3756],"tags":[3791,3780,3757,3786,3784,3763,3768,3794,3758,3795,3762,3759,3764,3796,3792,3761,3789,3798,3779,3772,3773,3766,3760,3774,3777,3776,3778,3775,3769,3770,3767,3771,3793,3788,3785,3781,3790,3787,3797,3765,3783,3782],"class_list":["post-270","post","type-post","status-publish","format-standard","has-post-thumbnail","hentry","category-persianas-em-laminas","tag-ambientes-com-persianas","tag-aplicacoes-de-persianas","tag-comprar-persianas-em-laminas","tag-controle-de-luz-com-persianas","tag-design-de-interiores-com-persianas","tag-distribuidor-de-persianas-em-laminas","tag-distribuidora-de-persianas-em-laminas","tag-economia-de-energia-com-persianas","tag-empresa-de-persianas-em-laminas","tag-estilo-de-persianas-em-laminas","tag-fabrica-de-persianas-em-laminas","tag-fabricante-de-persianas-em-laminas","tag-fornecedor-de-persianas-em-laminas","tag-funcionalidade-das-persianas","tag-instalacao-de-persianas","tag-loja-de-persianas-em-laminas","tag-persianas-decorativas","tag-persianas-e-privacidade","tag-persianas-em-laminas","tag-persianas-em-laminas-direto-da-fabrica","tag-persianas-em-laminas-em-promocao","tag-persianas-em-laminas-em-sao-paulo","tag-persianas-em-laminas-em-sp","tag-persianas-em-laminas-na-lapa","tag-persianas-em-laminas-na-pompeia","tag-persianas-em-laminas-na-vila-leopoldina","tag-persianas-em-laminas-na-vila-madelena","tag-persianas-em-laminas-na-vila-romana","tag-persianas-em-laminas-na-zona-oeste","tag-persianas-em-laminas-perto-de-mim","tag-persianas-em-laminas-preco","tag-persianas-em-laminas-proximo-a-mim","tag-persianas-laminadas","tag-persianas-para-ambientes-modernos","tag-persianas-para-escritorios","tag-persianas-para-janelas","tag-persianas-para-salas","tag-persianas-sob-medida","tag-persianas-versateis","tag-revendedor-de-persianas-em-laminas","tag-tipos-de-persianas","tag-vantagens-das-persianas-em-laminas"],"yoast_head":"<!-- This site is optimized with the Yoast SEO plugin v22.5 - https:\/\/yoast.com\/wordpress\/plugins\/seo\/ -->\n<title>Conhe\u00e7a o diferencial das persianas em l\u00e2minas: quais as aplica\u00e7\u00f5es?\u00a0 - Altex<\/title>\n<meta name=\"description\" content=\"Descubra as vantagens das persianas em l\u00e2minas e suas diversas aplica\u00e7\u00f5es para decora\u00e7\u00e3o e controle de luz em ambientes residenciais e comerciais.\" \/>\n<meta name=\"robots\" content=\"index, follow, max-snippet:-1, max-image-preview:large, max-video-preview:-1\" \/>\n<link rel=\"canonical\" href=\"https:\/\/www.altex.com.br\/blog\/persianas-em-laminas\/conheca-o-diferencial-das-persianas-em-laminas-quais-as-aplicacoes\/\" \/>\n<meta property=\"og:locale\" content=\"pt_BR\" \/>\n<meta property=\"og:type\" content=\"article\" \/>\n<meta property=\"og:title\" content=\"Conhe\u00e7a o diferencial das persianas em l\u00e2minas: quais as aplica\u00e7\u00f5es?\u00a0 - Altex\" \/>\n<meta property=\"og:description\" content=\"Descubra as vantagens das persianas em l\u00e2minas e suas diversas aplica\u00e7\u00f5es para decora\u00e7\u00e3o e controle de luz em ambientes residenciais e comerciais.\" \/>\n<meta property=\"og:url\" content=\"https:\/\/www.altex.com.br\/blog\/persianas-em-laminas\/conheca-o-diferencial-das-persianas-em-laminas-quais-as-aplicacoes\/\" \/>\n<meta property=\"og:site_name\" content=\"Altex\" \/>\n<meta property=\"article:published_time\" content=\"2024-08-28T17:00:50+00:00\" \/>\n<meta property=\"article:modified_time\" content=\"2024-08-28T17:00:51+00:00\" \/>\n<meta property=\"og:image\" content=\"https:\/\/www.altex.com.br\/blog\/wp-content\/uploads\/2024\/08\/persinana-top.webp\" \/>\n\t<meta property=\"og:image:width\" content=\"980\" \/>\n\t<meta property=\"og:image:height\" content=\"455\" \/>\n\t<meta property=\"og:image:type\" content=\"image\/webp\" \/>\n<meta name=\"author\" content=\"admin\" \/>\n<meta name=\"twitter:card\" content=\"summary_large_image\" \/>\n<meta name=\"twitter:label1\" content=\"Escrito por\" \/>\n\t<meta name=\"twitter:data1\" content=\"admin\" \/>\n\t<meta name=\"twitter:label2\" content=\"Est. tempo de leitura\" \/>\n\t<meta name=\"twitter:data2\" content=\"6 minutos\" \/>\n<script type=\"application\/ld+json\" class=\"yoast-schema-graph\">{\"@context\":\"https:\/\/schema.org\",\"@graph\":[{\"@type\":\"Article\",\"@id\":\"https:\/\/www.altex.com.br\/blog\/persianas-em-laminas\/conheca-o-diferencial-das-persianas-em-laminas-quais-as-aplicacoes\/#article\",\"isPartOf\":{\"@id\":\"https:\/\/www.altex.com.br\/blog\/persianas-em-laminas\/conheca-o-diferencial-das-persianas-em-laminas-quais-as-aplicacoes\/\"},\"author\":{\"name\":\"admin\",\"@id\":\"https:\/\/www.altex.com.br\/blog\/#\/schema\/person\/3c2b4dc5fc14bfdd28a6a128d82aa511\"},\"headline\":\"Conhe\u00e7a o diferencial das persianas em l\u00e2minas: quais as aplica\u00e7\u00f5es?\u00a0\",\"datePublished\":\"2024-08-28T17:00:50+00:00\",\"dateModified\":\"2024-08-28T17:00:51+00:00\",\"mainEntityOfPage\":{\"@id\":\"https:\/\/www.altex.com.br\/blog\/persianas-em-laminas\/conheca-o-diferencial-das-persianas-em-laminas-quais-as-aplicacoes\/\"},\"wordCount\":1101,\"commentCount\":0,\"publisher\":{\"@id\":\"https:\/\/www.altex.com.br\/blog\/#organization\"},\"image\":{\"@id\":\"https:\/\/www.altex.com.br\/blog\/persianas-em-laminas\/conheca-o-diferencial-das-persianas-em-laminas-quais-as-aplicacoes\/#primaryimage\"},\"thumbnailUrl\":\"https:\/\/www.altex.com.br\/blog\/wp-content\/uploads\/2024\/08\/persinana-top.webp\",\"keywords\":[\"Ambientes com persianas\",\"Aplica\u00e7\u00f5es de persianas\",\"comprar persianas em l\u00e2minas\",\"Controle de luz com persianas\",\"Design de interiores com persianas\",\"distribuidor de persianas em l\u00e2minas\",\"distribuidora de persianas em l\u00e2minas\",\"Economia de energia com persianas\",\"empresa de persianas em l\u00e2minas\",\"Estilo de persianas em l\u00e2minas\",\"f\u00e1brica de persianas em l\u00e2minas\",\"fabricante de persianas em l\u00e2minas\",\"fornecedor de persianas em l\u00e2minas\",\"Funcionalidade das persianas\",\"Instala\u00e7\u00e3o de persianas\",\"loja de persianas em l\u00e2minas\",\"Persianas decorativas\",\"Persianas e privacidade\",\"Persianas em l\u00e2minas\",\"persianas em l\u00e2minas direto da fabrica\",\"persianas em l\u00e2minas em promo\u00e7\u00e3o\",\"persianas em l\u00e2minas em s\u00e3o paulo\",\"persianas em l\u00e2minas em sp\",\"persianas em l\u00e2minas na Lapa\",\"persianas em l\u00e2minas na Pompeia\",\"persianas em l\u00e2minas na Vila Leopoldina\",\"persianas em l\u00e2minas na Vila Madelena\",\"persianas em l\u00e2minas na Vila Romana\",\"persianas em l\u00e2minas na zona oeste\",\"persianas em l\u00e2minas perto de mim\",\"persianas em l\u00e2minas pre\u00e7o\",\"persianas em l\u00e2minas pr\u00f3ximo a mim\",\"Persianas laminadas\",\"Persianas para ambientes modernos\",\"Persianas para escrit\u00f3rios\",\"Persianas para janelas\",\"Persianas para salas\",\"Persianas sob medida\",\"Persianas vers\u00e1teis\",\"revendedor de persianas em l\u00e2minas\",\"Tipos de persianas\",\"Vantagens das persianas em l\u00e2minas\"],\"articleSection\":[\"Persianas em l\u00e2minas\"],\"inLanguage\":\"pt-BR\",\"potentialAction\":[{\"@type\":\"CommentAction\",\"name\":\"Comment\",\"target\":[\"https:\/\/www.altex.com.br\/blog\/persianas-em-laminas\/conheca-o-diferencial-das-persianas-em-laminas-quais-as-aplicacoes\/#respond\"]}]},{\"@type\":\"WebPage\",\"@id\":\"https:\/\/www.altex.com.br\/blog\/persianas-em-laminas\/conheca-o-diferencial-das-persianas-em-laminas-quais-as-aplicacoes\/\",\"url\":\"https:\/\/www.altex.com.br\/blog\/persianas-em-laminas\/conheca-o-diferencial-das-persianas-em-laminas-quais-as-aplicacoes\/\",\"name\":\"Conhe\u00e7a o diferencial das persianas em l\u00e2minas: quais as aplica\u00e7\u00f5es?\u00a0 - Altex\",\"isPartOf\":{\"@id\":\"https:\/\/www.altex.com.br\/blog\/#website\"},\"primaryImageOfPage\":{\"@id\":\"https:\/\/www.altex.com.br\/blog\/persianas-em-laminas\/conheca-o-diferencial-das-persianas-em-laminas-quais-as-aplicacoes\/#primaryimage\"},\"image\":{\"@id\":\"https:\/\/www.altex.com.br\/blog\/persianas-em-laminas\/conheca-o-diferencial-das-persianas-em-laminas-quais-as-aplicacoes\/#primaryimage\"},\"thumbnailUrl\":\"https:\/\/www.altex.com.br\/blog\/wp-content\/uploads\/2024\/08\/persinana-top.webp\",\"datePublished\":\"2024-08-28T17:00:50+00:00\",\"dateModified\":\"2024-08-28T17:00:51+00:00\",\"description\":\"Descubra as vantagens das persianas em l\u00e2minas e suas diversas aplica\u00e7\u00f5es para decora\u00e7\u00e3o e controle de luz em ambientes residenciais e comerciais.\",\"breadcrumb\":{\"@id\":\"https:\/\/www.altex.com.br\/blog\/persianas-em-laminas\/conheca-o-diferencial-das-persianas-em-laminas-quais-as-aplicacoes\/#breadcrumb\"},\"inLanguage\":\"pt-BR\",\"potentialAction\":[{\"@type\":\"ReadAction\",\"target\":[\"https:\/\/www.altex.com.br\/blog\/persianas-em-laminas\/conheca-o-diferencial-das-persianas-em-laminas-quais-as-aplicacoes\/\"]}]},{\"@type\":\"ImageObject\",\"inLanguage\":\"pt-BR\",\"@id\":\"https:\/\/www.altex.com.br\/blog\/persianas-em-laminas\/conheca-o-diferencial-das-persianas-em-laminas-quais-as-aplicacoes\/#primaryimage\",\"url\":\"https:\/\/www.altex.com.br\/blog\/wp-content\/uploads\/2024\/08\/persinana-top.webp\",\"contentUrl\":\"https:\/\/www.altex.com.br\/blog\/wp-content\/uploads\/2024\/08\/persinana-top.webp\",\"width\":980,\"height\":455,\"caption\":\"Conhe\u00e7a o diferencial das persianas em l\u00e2minas: quais as aplica\u00e7\u00f5es?\"},{\"@type\":\"BreadcrumbList\",\"@id\":\"https:\/\/www.altex.com.br\/blog\/persianas-em-laminas\/conheca-o-diferencial-das-persianas-em-laminas-quais-as-aplicacoes\/#breadcrumb\",\"itemListElement\":[{\"@type\":\"ListItem\",\"position\":1,\"name\":\"In\u00edcio\",\"item\":\"https:\/\/www.altex.com.br\/blog\/\"},{\"@type\":\"ListItem\",\"position\":2,\"name\":\"Conhe\u00e7a o diferencial das persianas em l\u00e2minas: quais as aplica\u00e7\u00f5es?\u00a0\"}]},{\"@type\":\"WebSite\",\"@id\":\"https:\/\/www.altex.com.br\/blog\/#website\",\"url\":\"https:\/\/www.altex.com.br\/blog\/\",\"name\":\"Altex\",\"description\":\"Blog\",\"publisher\":{\"@id\":\"https:\/\/www.altex.com.br\/blog\/#organization\"},\"potentialAction\":[{\"@type\":\"SearchAction\",\"target\":{\"@type\":\"EntryPoint\",\"urlTemplate\":\"https:\/\/www.altex.com.br\/blog\/?s={search_term_string}\"},\"query-input\":\"required name=search_term_string\"}],\"inLanguage\":\"pt-BR\"},{\"@type\":\"Organization\",\"@id\":\"https:\/\/www.altex.com.br\/blog\/#organization\",\"name\":\"Altex\",\"url\":\"https:\/\/www.altex.com.br\/blog\/\",\"logo\":{\"@type\":\"ImageObject\",\"inLanguage\":\"pt-BR\",\"@id\":\"https:\/\/www.altex.com.br\/blog\/#\/schema\/logo\/image\/\",\"url\":\"https:\/\/www.altex.com.br\/blog\/wp-content\/uploads\/2022\/08\/altex-logo.png\",\"contentUrl\":\"https:\/\/www.altex.com.br\/blog\/wp-content\/uploads\/2022\/08\/altex-logo.png\",\"width\":155,\"height\":98,\"caption\":\"Altex\"},\"image\":{\"@id\":\"https:\/\/www.altex.com.br\/blog\/#\/schema\/logo\/image\/\"}},{\"@type\":\"Person\",\"@id\":\"https:\/\/www.altex.com.br\/blog\/#\/schema\/person\/3c2b4dc5fc14bfdd28a6a128d82aa511\",\"name\":\"admin\",\"image\":{\"@type\":\"ImageObject\",\"inLanguage\":\"pt-BR\",\"@id\":\"https:\/\/www.altex.com.br\/blog\/#\/schema\/person\/image\/\",\"url\":\"https:\/\/secure.gravatar.com\/avatar\/3813f53848958b8842eeafda91666185a90010f65ed554379b78794cde6f234a?s=96&d=mm&r=g\",\"contentUrl\":\"https:\/\/secure.gravatar.com\/avatar\/3813f53848958b8842eeafda91666185a90010f65ed554379b78794cde6f234a?s=96&d=mm&r=g\",\"caption\":\"admin\"},\"sameAs\":[\"https:\/\/altex.com.br\/blog\"],\"url\":\"https:\/\/www.altex.com.br\/blog\/author\/admin\/\"}]}<\/script>\n<!-- \/ Yoast SEO plugin. -->","yoast_head_json":{"title":"Conhe\u00e7a o diferencial das persianas em l\u00e2minas: quais as aplica\u00e7\u00f5es?\u00a0 - Altex","description":"Descubra as vantagens das persianas em l\u00e2minas e suas diversas aplica\u00e7\u00f5es para decora\u00e7\u00e3o e controle de luz em ambientes residenciais e comerciais.","robots":{"index":"index","follow":"follow","max-snippet":"max-snippet:-1","max-image-preview":"max-image-preview:large","max-video-preview":"max-video-preview:-1"},"canonical":"https:\/\/www.altex.com.br\/blog\/persianas-em-laminas\/conheca-o-diferencial-das-persianas-em-laminas-quais-as-aplicacoes\/","og_locale":"pt_BR","og_type":"article","og_title":"Conhe\u00e7a o diferencial das persianas em l\u00e2minas: quais as aplica\u00e7\u00f5es?\u00a0 - Altex","og_description":"Descubra as vantagens das persianas em l\u00e2minas e suas diversas aplica\u00e7\u00f5es para decora\u00e7\u00e3o e controle de luz em ambientes residenciais e comerciais.","og_url":"https:\/\/www.altex.com.br\/blog\/persianas-em-laminas\/conheca-o-diferencial-das-persianas-em-laminas-quais-as-aplicacoes\/","og_site_name":"Altex","article_published_time":"2024-08-28T17:00:50+00:00","article_modified_time":"2024-08-28T17:00:51+00:00","og_image":[{"width":980,"height":455,"url":"https:\/\/www.altex.com.br\/blog\/wp-content\/uploads\/2024\/08\/persinana-top.webp","type":"image\/webp"}],"author":"admin","twitter_card":"summary_large_image","twitter_misc":{"Escrito por":"admin","Est. tempo de leitura":"6 minutos"},"schema":{"@context":"https:\/\/schema.org","@graph":[{"@type":"Article","@id":"https:\/\/www.altex.com.br\/blog\/persianas-em-laminas\/conheca-o-diferencial-das-persianas-em-laminas-quais-as-aplicacoes\/#article","isPartOf":{"@id":"https:\/\/www.altex.com.br\/blog\/persianas-em-laminas\/conheca-o-diferencial-das-persianas-em-laminas-quais-as-aplicacoes\/"},"author":{"name":"admin","@id":"https:\/\/www.altex.com.br\/blog\/#\/schema\/person\/3c2b4dc5fc14bfdd28a6a128d82aa511"},"headline":"Conhe\u00e7a o diferencial das persianas em l\u00e2minas: quais as aplica\u00e7\u00f5es?\u00a0","datePublished":"2024-08-28T17:00:50+00:00","dateModified":"2024-08-28T17:00:51+00:00","mainEntityOfPage":{"@id":"https:\/\/www.altex.com.br\/blog\/persianas-em-laminas\/conheca-o-diferencial-das-persianas-em-laminas-quais-as-aplicacoes\/"},"wordCount":1101,"commentCount":0,"publisher":{"@id":"https:\/\/www.altex.com.br\/blog\/#organization"},"image":{"@id":"https:\/\/www.altex.com.br\/blog\/persianas-em-laminas\/conheca-o-diferencial-das-persianas-em-laminas-quais-as-aplicacoes\/#primaryimage"},"thumbnailUrl":"https:\/\/www.altex.com.br\/blog\/wp-content\/uploads\/2024\/08\/persinana-top.webp","keywords":["Ambientes com persianas","Aplica\u00e7\u00f5es de persianas","comprar persianas em l\u00e2minas","Controle de luz com persianas","Design de interiores com persianas","distribuidor de persianas em l\u00e2minas","distribuidora de persianas em l\u00e2minas","Economia de energia com persianas","empresa de persianas em l\u00e2minas","Estilo de persianas em l\u00e2minas","f\u00e1brica de persianas em l\u00e2minas","fabricante de persianas em l\u00e2minas","fornecedor de persianas em l\u00e2minas","Funcionalidade das persianas","Instala\u00e7\u00e3o de persianas","loja de persianas em l\u00e2minas","Persianas decorativas","Persianas e privacidade","Persianas em l\u00e2minas","persianas em l\u00e2minas direto da fabrica","persianas em l\u00e2minas em promo\u00e7\u00e3o","persianas em l\u00e2minas em s\u00e3o paulo","persianas em l\u00e2minas em sp","persianas em l\u00e2minas na Lapa","persianas em l\u00e2minas na Pompeia","persianas em l\u00e2minas na Vila Leopoldina","persianas em l\u00e2minas na Vila Madelena","persianas em l\u00e2minas na Vila Romana","persianas em l\u00e2minas na zona oeste","persianas em l\u00e2minas perto de mim","persianas em l\u00e2minas pre\u00e7o","persianas em l\u00e2minas pr\u00f3ximo a mim","Persianas laminadas","Persianas para ambientes modernos","Persianas para escrit\u00f3rios","Persianas para janelas","Persianas para salas","Persianas sob medida","Persianas vers\u00e1teis","revendedor de persianas em l\u00e2minas","Tipos de persianas","Vantagens das persianas em l\u00e2minas"],"articleSection":["Persianas em l\u00e2minas"],"inLanguage":"pt-BR","potentialAction":[{"@type":"CommentAction","name":"Comment","target":["https:\/\/www.altex.com.br\/blog\/persianas-em-laminas\/conheca-o-diferencial-das-persianas-em-laminas-quais-as-aplicacoes\/#respond"]}]},{"@type":"WebPage","@id":"https:\/\/www.altex.com.br\/blog\/persianas-em-laminas\/conheca-o-diferencial-das-persianas-em-laminas-quais-as-aplicacoes\/","url":"https:\/\/www.altex.com.br\/blog\/persianas-em-laminas\/conheca-o-diferencial-das-persianas-em-laminas-quais-as-aplicacoes\/","name":"Conhe\u00e7a o diferencial das persianas em l\u00e2minas: quais as aplica\u00e7\u00f5es?\u00a0 - Altex","isPartOf":{"@id":"https:\/\/www.altex.com.br\/blog\/#website"},"primaryImageOfPage":{"@id":"https:\/\/www.altex.com.br\/blog\/persianas-em-laminas\/conheca-o-diferencial-das-persianas-em-laminas-quais-as-aplicacoes\/#primaryimage"},"image":{"@id":"https:\/\/www.altex.com.br\/blog\/persianas-em-laminas\/conheca-o-diferencial-das-persianas-em-laminas-quais-as-aplicacoes\/#primaryimage"},"thumbnailUrl":"https:\/\/www.altex.com.br\/blog\/wp-content\/uploads\/2024\/08\/persinana-top.webp","datePublished":"2024-08-28T17:00:50+00:00","dateModified":"2024-08-28T17:00:51+00:00","description":"Descubra as vantagens das persianas em l\u00e2minas e suas diversas aplica\u00e7\u00f5es para decora\u00e7\u00e3o e controle de luz em ambientes residenciais e comerciais.","breadcrumb":{"@id":"https:\/\/www.altex.com.br\/blog\/persianas-em-laminas\/conheca-o-diferencial-das-persianas-em-laminas-quais-as-aplicacoes\/#breadcrumb"},"inLanguage":"pt-BR","potentialAction":[{"@type":"ReadAction","target":["https:\/\/www.altex.com.br\/blog\/persianas-em-laminas\/conheca-o-diferencial-das-persianas-em-laminas-quais-as-aplicacoes\/"]}]},{"@type":"ImageObject","inLanguage":"pt-BR","@id":"https:\/\/www.altex.com.br\/blog\/persianas-em-laminas\/conheca-o-diferencial-das-persianas-em-laminas-quais-as-aplicacoes\/#primaryimage","url":"https:\/\/www.altex.com.br\/blog\/wp-content\/uploads\/2024\/08\/persinana-top.webp","contentUrl":"https:\/\/www.altex.com.br\/blog\/wp-content\/uploads\/2024\/08\/persinana-top.webp","width":980,"height":455,"caption":"Conhe\u00e7a o diferencial das persianas em l\u00e2minas: quais as aplica\u00e7\u00f5es?"},{"@type":"BreadcrumbList","@id":"https:\/\/www.altex.com.br\/blog\/persianas-em-laminas\/conheca-o-diferencial-das-persianas-em-laminas-quais-as-aplicacoes\/#breadcrumb","itemListElement":[{"@type":"ListItem","position":1,"name":"In\u00edcio","item":"https:\/\/www.altex.com.br\/blog\/"},{"@type":"ListItem","position":2,"name":"Conhe\u00e7a o diferencial das persianas em l\u00e2minas: quais as aplica\u00e7\u00f5es?\u00a0"}]},{"@type":"WebSite","@id":"https:\/\/www.altex.com.br\/blog\/#website","url":"https:\/\/www.altex.com.br\/blog\/","name":"Altex","description":"Blog","publisher":{"@id":"https:\/\/www.altex.com.br\/blog\/#organization"},"potentialAction":[{"@type":"SearchAction","target":{"@type":"EntryPoint","urlTemplate":"https:\/\/www.altex.com.br\/blog\/?s={search_term_string}"},"query-input":"required name=search_term_string"}],"inLanguage":"pt-BR"},{"@type":"Organization","@id":"https:\/\/www.altex.com.br\/blog\/#organization","name":"Altex","url":"https:\/\/www.altex.com.br\/blog\/","logo":{"@type":"ImageObject","inLanguage":"pt-BR","@id":"https:\/\/www.altex.com.br\/blog\/#\/schema\/logo\/image\/","url":"https:\/\/www.altex.com.br\/blog\/wp-content\/uploads\/2022\/08\/altex-logo.png","contentUrl":"https:\/\/www.altex.com.br\/blog\/wp-content\/uploads\/2022\/08\/altex-logo.png","width":155,"height":98,"caption":"Altex"},"image":{"@id":"https:\/\/www.altex.com.br\/blog\/#\/schema\/logo\/image\/"}},{"@type":"Person","@id":"https:\/\/www.altex.com.br\/blog\/#\/schema\/person\/3c2b4dc5fc14bfdd28a6a128d82aa511","name":"admin","image":{"@type":"ImageObject","inLanguage":"pt-BR","@id":"https:\/\/www.altex.com.br\/blog\/#\/schema\/person\/image\/","url":"https:\/\/secure.gravatar.com\/avatar\/3813f53848958b8842eeafda91666185a90010f65ed554379b78794cde6f234a?s=96&d=mm&r=g","contentUrl":"https:\/\/secure.gravatar.com\/avatar\/3813f53848958b8842eeafda91666185a90010f65ed554379b78794cde6f234a?s=96&d=mm&r=g","caption":"admin"},"sameAs":["https:\/\/altex.com.br\/blog"],"url":"https:\/\/www.altex.com.br\/blog\/author\/admin\/"}]}},"_links":{"self":[{"href":"https:\/\/www.altex.com.br\/blog\/wp-json\/wp\/v2\/posts\/270","targetHints":{"allow":["GET"]}}],"collection":[{"href":"https:\/\/www.altex.com.br\/blog\/wp-json\/wp\/v2\/posts"}],"about":[{"href":"https:\/\/www.altex.com.br\/blog\/wp-json\/wp\/v2\/types\/post"}],"author":[{"embeddable":true,"href":"https:\/\/www.altex.com.br\/blog\/wp-json\/wp\/v2\/users\/1"}],"replies":[{"embeddable":true,"href":"https:\/\/www.altex.com.br\/blog\/wp-json\/wp\/v2\/comments?post=270"}],"version-history":[{"count":1,"href":"https:\/\/www.altex.com.br\/blog\/wp-json\/wp\/v2\/posts\/270\/revisions"}],"predecessor-version":[{"id":273,"href":"https:\/\/www.altex.com.br\/blog\/wp-json\/wp\/v2\/posts\/270\/revisions\/273"}],"wp:featuredmedia":[{"embeddable":true,"href":"https:\/\/www.altex.com.br\/blog\/wp-json\/wp\/v2\/media\/271"}],"wp:attachment":[{"href":"https:\/\/www.altex.com.br\/blog\/wp-json\/wp\/v2\/media?parent=270"}],"wp:term":[{"taxonomy":"category","embeddable":true,"href":"https:\/\/www.altex.com.br\/blog\/wp-json\/wp\/v2\/categories?post=270"},{"taxonomy":"post_tag","embeddable":true,"href":"https:\/\/www.altex.com.br\/blog\/wp-json\/wp\/v2\/tags?post=270"}],"curies":[{"name":"wp","href":"https:\/\/api.w.org\/{rel}","templated":true}]}}