{"id":265,"date":"2024-07-30T16:22:28","date_gmt":"2024-07-30T16:22:28","guid":{"rendered":"https:\/\/www.altex.com.br\/blog\/?p=265"},"modified":"2024-07-30T16:22:30","modified_gmt":"2024-07-30T16:22:30","slug":"piso-vinilico-amadeirado-conheca-esse-classico-para-seu-ambiente","status":"publish","type":"post","link":"https:\/\/www.altex.com.br\/blog\/piso-vinilico\/piso-vinilico-amadeirado-conheca-esse-classico-para-seu-ambiente\/","title":{"rendered":"Piso vin\u00edlico amadeirado: conhe\u00e7a esse cl\u00e1ssico para seu ambiente!"},"content":{"rendered":"<span class=\"rt-reading-time\" style=\"display: block;\"><span class=\"rt-label rt-prefix\">Tempo de leitura<\/span> <span class=\"rt-time\">3<\/span> <span class=\"rt-label rt-postfix\">minutos<\/span><\/span>\n<p class=\"has-medium-font-size\"><strong><em>Descubra por que o piso vin\u00edlico amadeirado \u00e9 a escolha ideal para seu ambiente, combinando est\u00e9tica e praticidade.<\/em><\/strong><\/p>\n\n\n\n<p>O piso vin\u00edlico amadeirado \u00e9 uma tend\u00eancia que combina eleg\u00e2ncia e funcionalidade. Ele traz o charme da madeira com a resist\u00eancia do vin\u00edlico, tornando-se uma escolha popular para diversos ambientes. Se voc\u00ea busca uma solu\u00e7\u00e3o pr\u00e1tica e estilosa, este artigo \u00e9 para voc\u00ea.<\/p>\n\n\n\n<p>Neste post, vamos explorar os benef\u00edcios do piso vin\u00edlico amadeirado, do que ele \u00e9 feito e como instal\u00e1-lo. Tamb\u00e9m vamos apresentar a Altex como o melhor fornecedor desse tipo de piso, destacando a qualidade dos produtos e o excelente atendimento da empresa.<\/p>\n\n\n\n<div id=\"ez-toc-container\" class=\"ez-toc-v2_0_65 counter-hierarchy ez-toc-counter ez-toc-grey ez-toc-container-direction\">\n<div class=\"ez-toc-title-container\">\n<p class=\"ez-toc-title \" >Table of Contents<\/p>\n<span class=\"ez-toc-title-toggle\"><a href=\"#\" class=\"ez-toc-pull-right ez-toc-btn ez-toc-btn-xs ez-toc-btn-default ez-toc-toggle\" aria-label=\"Toggle Table of Content\"><span class=\"ez-toc-js-icon-con\"><span class=\"\"><span class=\"eztoc-hide\" style=\"display:none;\">Toggle<\/span><span class=\"ez-toc-icon-toggle-span\"><svg style=\"fill: #999;color:#999\" xmlns=\"http:\/\/www.w3.org\/2000\/svg\" class=\"list-377408\" width=\"20px\" height=\"20px\" viewBox=\"0 0 24 24\" fill=\"none\"><path d=\"M6 6H4v2h2V6zm14 0H8v2h12V6zM4 11h2v2H4v-2zm16 0H8v2h12v-2zM4 16h2v2H4v-2zm16 0H8v2h12v-2z\" fill=\"currentColor\"><\/path><\/svg><svg style=\"fill: #999;color:#999\" class=\"arrow-unsorted-368013\" xmlns=\"http:\/\/www.w3.org\/2000\/svg\" width=\"10px\" height=\"10px\" viewBox=\"0 0 24 24\" version=\"1.2\" baseProfile=\"tiny\"><path d=\"M18.2 9.3l-6.2-6.3-6.2 6.3c-.2.2-.3.4-.3.7s.1.5.3.7c.2.2.4.3.7.3h11c.3 0 .5-.1.7-.3.2-.2.3-.5.3-.7s-.1-.5-.3-.7zM5.8 14.7l6.2 6.3 6.2-6.3c.2-.2.3-.5.3-.7s-.1-.5-.3-.7c-.2-.2-.4-.3-.7-.3h-11c-.3 0-.5.1-.7.3-.2.2-.3.5-.3.7s.1.5.3.7z\"\/><\/svg><\/span><\/span><\/span><\/a><\/span><\/div>\n<nav><ul class='ez-toc-list ez-toc-list-level-1 ' ><li class='ez-toc-page-1 ez-toc-heading-level-2'><a class=\"ez-toc-link ez-toc-heading-1\" href=\"https:\/\/www.altex.com.br\/blog\/piso-vinilico\/piso-vinilico-amadeirado-conheca-esse-classico-para-seu-ambiente\/#Por_que_investir_em_piso_vinilico_amadeirado\" title=\"Por que investir em piso vin\u00edlico amadeirado?\">Por que investir em piso vin\u00edlico amadeirado?<\/a><\/li><li class='ez-toc-page-1 ez-toc-heading-level-2'><a class=\"ez-toc-link ez-toc-heading-2\" href=\"https:\/\/www.altex.com.br\/blog\/piso-vinilico\/piso-vinilico-amadeirado-conheca-esse-classico-para-seu-ambiente\/#Do_que_e_feito_o_piso_vinilico_amadeirado\" title=\"Do que \u00e9 feito o piso vin\u00edlico amadeirado?\">Do que \u00e9 feito o piso vin\u00edlico amadeirado?<\/a><\/li><li class='ez-toc-page-1 ez-toc-heading-level-2'><a class=\"ez-toc-link ez-toc-heading-3\" href=\"https:\/\/www.altex.com.br\/blog\/piso-vinilico\/piso-vinilico-amadeirado-conheca-esse-classico-para-seu-ambiente\/#Como_instalar_o_piso_vinilico_amadeirado\" title=\"Como instalar o piso vin\u00edlico amadeirado?\">Como instalar o piso vin\u00edlico amadeirado?<\/a><\/li><li class='ez-toc-page-1 ez-toc-heading-level-2'><a class=\"ez-toc-link ez-toc-heading-4\" href=\"https:\/\/www.altex.com.br\/blog\/piso-vinilico\/piso-vinilico-amadeirado-conheca-esse-classico-para-seu-ambiente\/#Altex_o_melhor_fornecedor_de_piso_vinilico_amadeirado\" title=\"Altex: o melhor fornecedor de piso vin\u00edlico amadeirado\">Altex: o melhor fornecedor de piso vin\u00edlico amadeirado<\/a><\/li><\/ul><\/nav><\/div>\n<h2 class=\"wp-block-heading\"><span class=\"ez-toc-section\" id=\"Por_que_investir_em_piso_vinilico_amadeirado\"><\/span>Por que investir em piso vin\u00edlico amadeirado?<span class=\"ez-toc-section-end\"><\/span><\/h2>\n\n\n<div class=\"wp-block-image is-style-rounded\">\n<figure class=\"alignright is-resized\"><img loading=\"lazy\" decoding=\"async\" width=\"946\" height=\"1000\" src=\"https:\/\/www.altex.com.br\/blog\/wp-content\/uploads\/2024\/07\/42992.jpg\" alt=\"Piso vin\u00edlico amadeirado: conhe\u00e7a esse cl\u00e1ssico para seu ambiente!\" class=\"wp-image-266\" style=\"width:233px;height:auto\"\/><\/figure>\n<\/div>\n\n\n<ul class=\"wp-block-list\">\n<li><strong>Durabilidade e resist\u00eancia: <\/strong>O piso vin\u00edlico amadeirado \u00e9 conhecido por sua alta resist\u00eancia ao desgaste, arranh\u00f5es e manchas. Isso o torna ideal para \u00e1reas de alto tr\u00e1fego, como salas de estar, cozinhas e escrit\u00f3rios.<\/li>\n\n\n\n<li><strong>F\u00e1cil manuten\u00e7\u00e3o:<\/strong> Diferente da madeira natural, o piso vin\u00edlico \u00e9 muito f\u00e1cil de limpar e manter. Um pano \u00famido e detergente neutro s\u00e3o suficientes para manter seu brilho e beleza.<\/li>\n\n\n\n<li><strong>Conforto e isolamento ac\u00fastico:<\/strong> Este tipo de piso proporciona uma sensa\u00e7\u00e3o agrad\u00e1vel ao caminhar, al\u00e9m de oferecer isolamento ac\u00fastico, reduzindo ru\u00eddos indesejados dentro do ambiente.<\/li>\n\n\n\n<li><strong>Est\u00e9tica vers\u00e1til:<\/strong> Com uma vasta gama de cores e texturas, o piso vin\u00edlico amadeirado se adapta a diferentes estilos de decora\u00e7\u00e3o, desde os mais cl\u00e1ssicos at\u00e9 os modernos. Ele imita com perfei\u00e7\u00e3o a apar\u00eancia da madeira, proporcionando um visual sofisticado.<\/li>\n<\/ul>\n\n\n\n<h2 class=\"wp-block-heading\"><span class=\"ez-toc-section\" id=\"Do_que_e_feito_o_piso_vinilico_amadeirado\"><\/span>Do que \u00e9 feito o piso vin\u00edlico amadeirado?<span class=\"ez-toc-section-end\"><\/span><\/h2>\n\n\n\n<p>O piso vin\u00edlico amadeirado \u00e9 composto por v\u00e1rias camadas, cada uma com uma fun\u00e7\u00e3o espec\u00edfica que contribui para sua durabilidade e est\u00e9tica. A camada superior \u00e9 uma prote\u00e7\u00e3o transparente que oferece resist\u00eancia a arranh\u00f5es e manchas.<\/p>\n\n\n\n<p>Abaixo dela, h\u00e1 uma camada com a estampa que imita a madeira, seguida de uma camada de vinil s\u00f3lido, que d\u00e1 estabilidade e resist\u00eancia ao piso.<\/p>\n\n\n\n<p>A base \u00e9 geralmente feita de PVC ou uma mistura de outros materiais que proporcionam flexibilidade e conforto ao caminhar. Essas camadas s\u00e3o prensadas juntas para formar um piso resistente e duradouro, ideal para uso residencial e comercial.<\/p>\n\n\n\n<ul class=\"wp-block-list\">\n<li><a href=\"https:\/\/www.altex.com.br\/blog\/cortinas\/cortina-com-pregas-elegancia-em-tecidos-para-seu-interior\/\">Cortina com pregas: eleg\u00e2ncia em tecidos para seu interior<\/a><\/li>\n<\/ul>\n\n\n\n<h2 class=\"wp-block-heading\"><span class=\"ez-toc-section\" id=\"Como_instalar_o_piso_vinilico_amadeirado\"><\/span>Como instalar o piso vin\u00edlico amadeirado?<span class=\"ez-toc-section-end\"><\/span><\/h2>\n\n\n\n<ul class=\"wp-block-list\">\n<li><strong>Prepara\u00e7\u00e3o da superf\u00edcie: <\/strong>Antes de come\u00e7ar a instala\u00e7\u00e3o, certifique-se de que o piso est\u00e1 limpo, seco e nivelado. Remova qualquer res\u00edduo, poeira ou umidade para garantir uma ader\u00eancia perfeita.<\/li>\n\n\n\n<li><strong>Medi\u00e7\u00e3o e corte: <\/strong>Me\u00e7a o ambiente com precis\u00e3o e corte as pe\u00e7as de piso vin\u00edlico de acordo com essas medidas. Utilize um estilete ou uma serra para fazer cortes precisos.<\/li>\n\n\n\n<li><strong>Aplica\u00e7\u00e3o da cola:<\/strong> Aplique uma camada uniforme de cola espec\u00edfica para pisos vin\u00edlicos no ch\u00e3o. \u00c9 importante seguir as instru\u00e7\u00f5es do fabricante para garantir a ader\u00eancia correta.<\/li>\n\n\n\n<li><strong>Posicionamento das pe\u00e7as: <\/strong>Coloque as pe\u00e7as de piso vin\u00edlico amadeirado sobre a cola, pressionando firmemente para garantir que fiquem bem fixadas. Utilize um rolo de piso para eliminar bolhas de ar e garantir uma superf\u00edcie uniforme.<\/li>\n\n\n\n<li><strong>Acabamentos:<\/strong> Instale os rodap\u00e9s e fa\u00e7a os acabamentos necess\u00e1rios para um visual profissional. Certifique-se de que todas as bordas est\u00e3o bem seladas para evitar a entrada de umidade.<\/li>\n<\/ul>\n\n\n\n<h2 class=\"wp-block-heading\"><span class=\"ez-toc-section\" id=\"Altex_o_melhor_fornecedor_de_piso_vinilico_amadeirado\"><\/span>Altex: o melhor fornecedor de piso vin\u00edlico amadeirado<span class=\"ez-toc-section-end\"><\/span><\/h2>\n\n\n\n<p>A <a href=\"https:\/\/www.altex.com.br\/\">Altex<\/a> se destaca como a melhor escolha para quem busca piso vin\u00edlico amadeirado de alta qualidade.<\/p>\n\n\n\n<p>Al\u00e9m da excel\u00eancia dos produtos, a Altex oferece um atendimento especializado. Os funcion\u00e1rios s\u00e3o treinados para ajudar voc\u00ea a escolher o piso ideal para seu projeto, garantindo que voc\u00ea fa\u00e7a a melhor escolha.<\/p>\n\n\n\n<p>Para obter mais informa\u00e7\u00f5es sobre os produtos e servi\u00e7os da Altex, <a href=\"https:\/\/wa.me\/+5511986372808\">entre em contato<\/a> diretamente com a empresa.<\/p>\n\n\n\n<p>Eles est\u00e3o prontos para ajudar voc\u00ea em todas as etapas, desde a escolha at\u00e9 a instala\u00e7\u00e3o do piso vin\u00edlico amadeirado.<\/p>\n\n\n\n<p>Explore o <a href=\"https:\/\/www.altex.com.br\/blog\">blog<\/a> da Altex para mais dicas e inspira\u00e7\u00f5es para transformar seu ambiente com eleg\u00e2ncia e praticidade.<\/p>\n","protected":false},"excerpt":{"rendered":"<p><span class=\"rt-reading-time\" style=\"display: block;\"><span class=\"rt-label rt-prefix\">Tempo de leitura<\/span> <span class=\"rt-time\">3<\/span> <span class=\"rt-label rt-postfix\">minutos<\/span><\/span> Descubra por que o piso vin\u00edlico amadeirado \u00e9 a escolha ideal para seu ambiente, combinando est\u00e9tica e praticidade. O piso vin\u00edlico amadeirado \u00e9 uma tend\u00eancia que combina eleg\u00e2ncia e funcionalidade. Ele traz o charme da madeira com a resist\u00eancia do vin\u00edlico, tornando-se uma escolha popular para diversos ambientes. Se voc\u00ea busca uma solu\u00e7\u00e3o pr\u00e1tica e &hellip; <\/p>\n","protected":false},"author":1,"featured_media":267,"comment_status":"open","ping_status":"open","sticky":false,"template":"","format":"standard","meta":{"footnotes":""},"categories":[406],"tags":[3740,3742,3747,3739,3743,3741,3754,3751,3738,3752,3744,3755,3749,3745,3750,3746,3753,3748],"class_list":["post-265","post","type-post","status-publish","format-standard","has-post-thumbnail","hentry","category-piso-vinilico","tag-comprar-piso-vinilico-amadeirado","tag-distribuidor-de-piso-vinilico-amadeirado","tag-distribuidora-de-piso-vinilico-amadeirado","tag-empresa-de-piso-vinilico-amadeirado","tag-fabrica-de-piso-vinilico-amadeirado","tag-fabricante-de-piso-vinilico-amadeirado","tag-fornecedor-de-piso-vinilico-amadeirado","tag-loja-de-piso-vinilico-amadeirado","tag-onde-encontrar-piso-vinilico-amadeirado","tag-piso-vinilico-amadeirado-direto-da-fabrica","tag-piso-vinilico-amadeirado-em-promocao","tag-piso-vinilico-amadeirado-em-sao-paulo","tag-piso-vinilico-amadeirado-em-sp","tag-piso-vinilico-amadeirado-na-zona-oeste","tag-piso-vinilico-amadeirado-perto-de-mim","tag-piso-vinilico-amadeirado-preco","tag-piso-vinilico-amadeirado-proximo-a-mim","tag-revendedor-de-piso-vinilico-amadeirado"],"yoast_head":"<!-- This site is optimized with the Yoast SEO plugin v22.5 - https:\/\/yoast.com\/wordpress\/plugins\/seo\/ -->\n<title>Piso vin\u00edlico amadeirado: conhe\u00e7a esse cl\u00e1ssico para seu ambiente! - Altex<\/title>\n<meta name=\"description\" content=\"Descubra por que o piso vin\u00edlico amadeirado \u00e9 a escolha ideal para seu ambiente, combinando est\u00e9tica e praticidade.\" \/>\n<meta name=\"robots\" content=\"index, follow, max-snippet:-1, max-image-preview:large, max-video-preview:-1\" \/>\n<link rel=\"canonical\" href=\"https:\/\/www.altex.com.br\/blog\/piso-vinilico\/piso-vinilico-amadeirado-conheca-esse-classico-para-seu-ambiente\/\" \/>\n<meta property=\"og:locale\" content=\"pt_BR\" \/>\n<meta property=\"og:type\" content=\"article\" \/>\n<meta property=\"og:title\" content=\"Piso vin\u00edlico amadeirado: conhe\u00e7a esse cl\u00e1ssico para seu ambiente! - Altex\" \/>\n<meta property=\"og:description\" content=\"Descubra por que o piso vin\u00edlico amadeirado \u00e9 a escolha ideal para seu ambiente, combinando est\u00e9tica e praticidade.\" \/>\n<meta property=\"og:url\" content=\"https:\/\/www.altex.com.br\/blog\/piso-vinilico\/piso-vinilico-amadeirado-conheca-esse-classico-para-seu-ambiente\/\" \/>\n<meta property=\"og:site_name\" content=\"Altex\" \/>\n<meta property=\"article:published_time\" content=\"2024-07-30T16:22:28+00:00\" \/>\n<meta property=\"article:modified_time\" content=\"2024-07-30T16:22:30+00:00\" \/>\n<meta property=\"og:image\" content=\"https:\/\/www.altex.com.br\/blog\/wp-content\/uploads\/2024\/07\/24687.jpg\" \/>\n\t<meta property=\"og:image:width\" content=\"1000\" \/>\n\t<meta property=\"og:image:height\" content=\"667\" \/>\n\t<meta property=\"og:image:type\" content=\"image\/jpeg\" \/>\n<meta name=\"author\" content=\"admin\" \/>\n<meta name=\"twitter:card\" content=\"summary_large_image\" \/>\n<meta name=\"twitter:label1\" content=\"Escrito por\" \/>\n\t<meta name=\"twitter:data1\" content=\"admin\" \/>\n\t<meta name=\"twitter:label2\" content=\"Est. tempo de leitura\" \/>\n\t<meta name=\"twitter:data2\" content=\"4 minutos\" \/>\n<script type=\"application\/ld+json\" class=\"yoast-schema-graph\">{\"@context\":\"https:\/\/schema.org\",\"@graph\":[{\"@type\":\"Article\",\"@id\":\"https:\/\/www.altex.com.br\/blog\/piso-vinilico\/piso-vinilico-amadeirado-conheca-esse-classico-para-seu-ambiente\/#article\",\"isPartOf\":{\"@id\":\"https:\/\/www.altex.com.br\/blog\/piso-vinilico\/piso-vinilico-amadeirado-conheca-esse-classico-para-seu-ambiente\/\"},\"author\":{\"name\":\"admin\",\"@id\":\"https:\/\/www.altex.com.br\/blog\/#\/schema\/person\/3c2b4dc5fc14bfdd28a6a128d82aa511\"},\"headline\":\"Piso vin\u00edlico amadeirado: conhe\u00e7a esse cl\u00e1ssico para seu ambiente!\",\"datePublished\":\"2024-07-30T16:22:28+00:00\",\"dateModified\":\"2024-07-30T16:22:30+00:00\",\"mainEntityOfPage\":{\"@id\":\"https:\/\/www.altex.com.br\/blog\/piso-vinilico\/piso-vinilico-amadeirado-conheca-esse-classico-para-seu-ambiente\/\"},\"wordCount\":718,\"commentCount\":0,\"publisher\":{\"@id\":\"https:\/\/www.altex.com.br\/blog\/#organization\"},\"image\":{\"@id\":\"https:\/\/www.altex.com.br\/blog\/piso-vinilico\/piso-vinilico-amadeirado-conheca-esse-classico-para-seu-ambiente\/#primaryimage\"},\"thumbnailUrl\":\"https:\/\/www.altex.com.br\/blog\/wp-content\/uploads\/2024\/07\/24687.jpg\",\"keywords\":[\"comprar piso vin\u00edlico amadeirado\",\"distribuidor de piso vin\u00edlico amadeirado\",\"distribuidora de piso vin\u00edlico amadeirado\",\"empresa de piso vin\u00edlico amadeirado\",\"f\u00e1brica de piso vin\u00edlico amadeirado\",\"fabricante de piso vin\u00edlico amadeirado\",\"fornecedor de piso vin\u00edlico amadeirado\",\"loja de piso vin\u00edlico amadeirado\",\"onde encontrar piso vin\u00edlico amadeirado\",\"piso vin\u00edlico amadeirado direto da fabrica\",\"piso vin\u00edlico amadeirado em promo\u00e7\u00e3o\",\"piso vin\u00edlico amadeirado em s\u00e3o paulo\",\"piso vin\u00edlico amadeirado em sp\",\"piso vin\u00edlico amadeirado na zona oeste\",\"piso vin\u00edlico amadeirado perto de mim\",\"piso vin\u00edlico amadeirado pre\u00e7o\",\"piso vin\u00edlico amadeirado pr\u00f3ximo a mim\",\"revendedor de piso vin\u00edlico amadeirado\"],\"articleSection\":[\"Piso vin\u00edlico\"],\"inLanguage\":\"pt-BR\",\"potentialAction\":[{\"@type\":\"CommentAction\",\"name\":\"Comment\",\"target\":[\"https:\/\/www.altex.com.br\/blog\/piso-vinilico\/piso-vinilico-amadeirado-conheca-esse-classico-para-seu-ambiente\/#respond\"]}]},{\"@type\":\"WebPage\",\"@id\":\"https:\/\/www.altex.com.br\/blog\/piso-vinilico\/piso-vinilico-amadeirado-conheca-esse-classico-para-seu-ambiente\/\",\"url\":\"https:\/\/www.altex.com.br\/blog\/piso-vinilico\/piso-vinilico-amadeirado-conheca-esse-classico-para-seu-ambiente\/\",\"name\":\"Piso vin\u00edlico amadeirado: conhe\u00e7a esse cl\u00e1ssico para seu ambiente! - Altex\",\"isPartOf\":{\"@id\":\"https:\/\/www.altex.com.br\/blog\/#website\"},\"primaryImageOfPage\":{\"@id\":\"https:\/\/www.altex.com.br\/blog\/piso-vinilico\/piso-vinilico-amadeirado-conheca-esse-classico-para-seu-ambiente\/#primaryimage\"},\"image\":{\"@id\":\"https:\/\/www.altex.com.br\/blog\/piso-vinilico\/piso-vinilico-amadeirado-conheca-esse-classico-para-seu-ambiente\/#primaryimage\"},\"thumbnailUrl\":\"https:\/\/www.altex.com.br\/blog\/wp-content\/uploads\/2024\/07\/24687.jpg\",\"datePublished\":\"2024-07-30T16:22:28+00:00\",\"dateModified\":\"2024-07-30T16:22:30+00:00\",\"description\":\"Descubra por que o piso vin\u00edlico amadeirado \u00e9 a escolha ideal para seu ambiente, combinando est\u00e9tica e praticidade.\",\"breadcrumb\":{\"@id\":\"https:\/\/www.altex.com.br\/blog\/piso-vinilico\/piso-vinilico-amadeirado-conheca-esse-classico-para-seu-ambiente\/#breadcrumb\"},\"inLanguage\":\"pt-BR\",\"potentialAction\":[{\"@type\":\"ReadAction\",\"target\":[\"https:\/\/www.altex.com.br\/blog\/piso-vinilico\/piso-vinilico-amadeirado-conheca-esse-classico-para-seu-ambiente\/\"]}]},{\"@type\":\"ImageObject\",\"inLanguage\":\"pt-BR\",\"@id\":\"https:\/\/www.altex.com.br\/blog\/piso-vinilico\/piso-vinilico-amadeirado-conheca-esse-classico-para-seu-ambiente\/#primaryimage\",\"url\":\"https:\/\/www.altex.com.br\/blog\/wp-content\/uploads\/2024\/07\/24687.jpg\",\"contentUrl\":\"https:\/\/www.altex.com.br\/blog\/wp-content\/uploads\/2024\/07\/24687.jpg\",\"width\":1000,\"height\":667,\"caption\":\"Piso vin\u00edlico amadeirado: conhe\u00e7a esse cl\u00e1ssico para seu ambiente!\"},{\"@type\":\"BreadcrumbList\",\"@id\":\"https:\/\/www.altex.com.br\/blog\/piso-vinilico\/piso-vinilico-amadeirado-conheca-esse-classico-para-seu-ambiente\/#breadcrumb\",\"itemListElement\":[{\"@type\":\"ListItem\",\"position\":1,\"name\":\"In\u00edcio\",\"item\":\"https:\/\/www.altex.com.br\/blog\/\"},{\"@type\":\"ListItem\",\"position\":2,\"name\":\"Piso vin\u00edlico amadeirado: conhe\u00e7a esse cl\u00e1ssico para seu ambiente!\"}]},{\"@type\":\"WebSite\",\"@id\":\"https:\/\/www.altex.com.br\/blog\/#website\",\"url\":\"https:\/\/www.altex.com.br\/blog\/\",\"name\":\"Altex\",\"description\":\"Blog\",\"publisher\":{\"@id\":\"https:\/\/www.altex.com.br\/blog\/#organization\"},\"potentialAction\":[{\"@type\":\"SearchAction\",\"target\":{\"@type\":\"EntryPoint\",\"urlTemplate\":\"https:\/\/www.altex.com.br\/blog\/?s={search_term_string}\"},\"query-input\":\"required name=search_term_string\"}],\"inLanguage\":\"pt-BR\"},{\"@type\":\"Organization\",\"@id\":\"https:\/\/www.altex.com.br\/blog\/#organization\",\"name\":\"Altex\",\"url\":\"https:\/\/www.altex.com.br\/blog\/\",\"logo\":{\"@type\":\"ImageObject\",\"inLanguage\":\"pt-BR\",\"@id\":\"https:\/\/www.altex.com.br\/blog\/#\/schema\/logo\/image\/\",\"url\":\"https:\/\/www.altex.com.br\/blog\/wp-content\/uploads\/2022\/08\/altex-logo.png\",\"contentUrl\":\"https:\/\/www.altex.com.br\/blog\/wp-content\/uploads\/2022\/08\/altex-logo.png\",\"width\":155,\"height\":98,\"caption\":\"Altex\"},\"image\":{\"@id\":\"https:\/\/www.altex.com.br\/blog\/#\/schema\/logo\/image\/\"}},{\"@type\":\"Person\",\"@id\":\"https:\/\/www.altex.com.br\/blog\/#\/schema\/person\/3c2b4dc5fc14bfdd28a6a128d82aa511\",\"name\":\"admin\",\"image\":{\"@type\":\"ImageObject\",\"inLanguage\":\"pt-BR\",\"@id\":\"https:\/\/www.altex.com.br\/blog\/#\/schema\/person\/image\/\",\"url\":\"https:\/\/secure.gravatar.com\/avatar\/3813f53848958b8842eeafda91666185a90010f65ed554379b78794cde6f234a?s=96&d=mm&r=g\",\"contentUrl\":\"https:\/\/secure.gravatar.com\/avatar\/3813f53848958b8842eeafda91666185a90010f65ed554379b78794cde6f234a?s=96&d=mm&r=g\",\"caption\":\"admin\"},\"sameAs\":[\"https:\/\/altex.com.br\/blog\"],\"url\":\"https:\/\/www.altex.com.br\/blog\/author\/admin\/\"}]}<\/script>\n<!-- \/ Yoast SEO plugin. -->","yoast_head_json":{"title":"Piso vin\u00edlico amadeirado: conhe\u00e7a esse cl\u00e1ssico para seu ambiente! - Altex","description":"Descubra por que o piso vin\u00edlico amadeirado \u00e9 a escolha ideal para seu ambiente, combinando est\u00e9tica e praticidade.","robots":{"index":"index","follow":"follow","max-snippet":"max-snippet:-1","max-image-preview":"max-image-preview:large","max-video-preview":"max-video-preview:-1"},"canonical":"https:\/\/www.altex.com.br\/blog\/piso-vinilico\/piso-vinilico-amadeirado-conheca-esse-classico-para-seu-ambiente\/","og_locale":"pt_BR","og_type":"article","og_title":"Piso vin\u00edlico amadeirado: conhe\u00e7a esse cl\u00e1ssico para seu ambiente! - Altex","og_description":"Descubra por que o piso vin\u00edlico amadeirado \u00e9 a escolha ideal para seu ambiente, combinando est\u00e9tica e praticidade.","og_url":"https:\/\/www.altex.com.br\/blog\/piso-vinilico\/piso-vinilico-amadeirado-conheca-esse-classico-para-seu-ambiente\/","og_site_name":"Altex","article_published_time":"2024-07-30T16:22:28+00:00","article_modified_time":"2024-07-30T16:22:30+00:00","og_image":[{"width":1000,"height":667,"url":"https:\/\/www.altex.com.br\/blog\/wp-content\/uploads\/2024\/07\/24687.jpg","type":"image\/jpeg"}],"author":"admin","twitter_card":"summary_large_image","twitter_misc":{"Escrito por":"admin","Est. tempo de leitura":"4 minutos"},"schema":{"@context":"https:\/\/schema.org","@graph":[{"@type":"Article","@id":"https:\/\/www.altex.com.br\/blog\/piso-vinilico\/piso-vinilico-amadeirado-conheca-esse-classico-para-seu-ambiente\/#article","isPartOf":{"@id":"https:\/\/www.altex.com.br\/blog\/piso-vinilico\/piso-vinilico-amadeirado-conheca-esse-classico-para-seu-ambiente\/"},"author":{"name":"admin","@id":"https:\/\/www.altex.com.br\/blog\/#\/schema\/person\/3c2b4dc5fc14bfdd28a6a128d82aa511"},"headline":"Piso vin\u00edlico amadeirado: conhe\u00e7a esse cl\u00e1ssico para seu ambiente!","datePublished":"2024-07-30T16:22:28+00:00","dateModified":"2024-07-30T16:22:30+00:00","mainEntityOfPage":{"@id":"https:\/\/www.altex.com.br\/blog\/piso-vinilico\/piso-vinilico-amadeirado-conheca-esse-classico-para-seu-ambiente\/"},"wordCount":718,"commentCount":0,"publisher":{"@id":"https:\/\/www.altex.com.br\/blog\/#organization"},"image":{"@id":"https:\/\/www.altex.com.br\/blog\/piso-vinilico\/piso-vinilico-amadeirado-conheca-esse-classico-para-seu-ambiente\/#primaryimage"},"thumbnailUrl":"https:\/\/www.altex.com.br\/blog\/wp-content\/uploads\/2024\/07\/24687.jpg","keywords":["comprar piso vin\u00edlico amadeirado","distribuidor de piso vin\u00edlico amadeirado","distribuidora de piso vin\u00edlico amadeirado","empresa de piso vin\u00edlico amadeirado","f\u00e1brica de piso vin\u00edlico amadeirado","fabricante de piso vin\u00edlico amadeirado","fornecedor de piso vin\u00edlico amadeirado","loja de piso vin\u00edlico amadeirado","onde encontrar piso vin\u00edlico amadeirado","piso vin\u00edlico amadeirado direto da fabrica","piso vin\u00edlico amadeirado em promo\u00e7\u00e3o","piso vin\u00edlico amadeirado em s\u00e3o paulo","piso vin\u00edlico amadeirado em sp","piso vin\u00edlico amadeirado na zona oeste","piso vin\u00edlico amadeirado perto de mim","piso vin\u00edlico amadeirado pre\u00e7o","piso vin\u00edlico amadeirado pr\u00f3ximo a mim","revendedor de piso vin\u00edlico amadeirado"],"articleSection":["Piso vin\u00edlico"],"inLanguage":"pt-BR","potentialAction":[{"@type":"CommentAction","name":"Comment","target":["https:\/\/www.altex.com.br\/blog\/piso-vinilico\/piso-vinilico-amadeirado-conheca-esse-classico-para-seu-ambiente\/#respond"]}]},{"@type":"WebPage","@id":"https:\/\/www.altex.com.br\/blog\/piso-vinilico\/piso-vinilico-amadeirado-conheca-esse-classico-para-seu-ambiente\/","url":"https:\/\/www.altex.com.br\/blog\/piso-vinilico\/piso-vinilico-amadeirado-conheca-esse-classico-para-seu-ambiente\/","name":"Piso vin\u00edlico amadeirado: conhe\u00e7a esse cl\u00e1ssico para seu ambiente! - Altex","isPartOf":{"@id":"https:\/\/www.altex.com.br\/blog\/#website"},"primaryImageOfPage":{"@id":"https:\/\/www.altex.com.br\/blog\/piso-vinilico\/piso-vinilico-amadeirado-conheca-esse-classico-para-seu-ambiente\/#primaryimage"},"image":{"@id":"https:\/\/www.altex.com.br\/blog\/piso-vinilico\/piso-vinilico-amadeirado-conheca-esse-classico-para-seu-ambiente\/#primaryimage"},"thumbnailUrl":"https:\/\/www.altex.com.br\/blog\/wp-content\/uploads\/2024\/07\/24687.jpg","datePublished":"2024-07-30T16:22:28+00:00","dateModified":"2024-07-30T16:22:30+00:00","description":"Descubra por que o piso vin\u00edlico amadeirado \u00e9 a escolha ideal para seu ambiente, combinando est\u00e9tica e praticidade.","breadcrumb":{"@id":"https:\/\/www.altex.com.br\/blog\/piso-vinilico\/piso-vinilico-amadeirado-conheca-esse-classico-para-seu-ambiente\/#breadcrumb"},"inLanguage":"pt-BR","potentialAction":[{"@type":"ReadAction","target":["https:\/\/www.altex.com.br\/blog\/piso-vinilico\/piso-vinilico-amadeirado-conheca-esse-classico-para-seu-ambiente\/"]}]},{"@type":"ImageObject","inLanguage":"pt-BR","@id":"https:\/\/www.altex.com.br\/blog\/piso-vinilico\/piso-vinilico-amadeirado-conheca-esse-classico-para-seu-ambiente\/#primaryimage","url":"https:\/\/www.altex.com.br\/blog\/wp-content\/uploads\/2024\/07\/24687.jpg","contentUrl":"https:\/\/www.altex.com.br\/blog\/wp-content\/uploads\/2024\/07\/24687.jpg","width":1000,"height":667,"caption":"Piso vin\u00edlico amadeirado: conhe\u00e7a esse cl\u00e1ssico para seu ambiente!"},{"@type":"BreadcrumbList","@id":"https:\/\/www.altex.com.br\/blog\/piso-vinilico\/piso-vinilico-amadeirado-conheca-esse-classico-para-seu-ambiente\/#breadcrumb","itemListElement":[{"@type":"ListItem","position":1,"name":"In\u00edcio","item":"https:\/\/www.altex.com.br\/blog\/"},{"@type":"ListItem","position":2,"name":"Piso vin\u00edlico amadeirado: conhe\u00e7a esse cl\u00e1ssico para seu ambiente!"}]},{"@type":"WebSite","@id":"https:\/\/www.altex.com.br\/blog\/#website","url":"https:\/\/www.altex.com.br\/blog\/","name":"Altex","description":"Blog","publisher":{"@id":"https:\/\/www.altex.com.br\/blog\/#organization"},"potentialAction":[{"@type":"SearchAction","target":{"@type":"EntryPoint","urlTemplate":"https:\/\/www.altex.com.br\/blog\/?s={search_term_string}"},"query-input":"required name=search_term_string"}],"inLanguage":"pt-BR"},{"@type":"Organization","@id":"https:\/\/www.altex.com.br\/blog\/#organization","name":"Altex","url":"https:\/\/www.altex.com.br\/blog\/","logo":{"@type":"ImageObject","inLanguage":"pt-BR","@id":"https:\/\/www.altex.com.br\/blog\/#\/schema\/logo\/image\/","url":"https:\/\/www.altex.com.br\/blog\/wp-content\/uploads\/2022\/08\/altex-logo.png","contentUrl":"https:\/\/www.altex.com.br\/blog\/wp-content\/uploads\/2022\/08\/altex-logo.png","width":155,"height":98,"caption":"Altex"},"image":{"@id":"https:\/\/www.altex.com.br\/blog\/#\/schema\/logo\/image\/"}},{"@type":"Person","@id":"https:\/\/www.altex.com.br\/blog\/#\/schema\/person\/3c2b4dc5fc14bfdd28a6a128d82aa511","name":"admin","image":{"@type":"ImageObject","inLanguage":"pt-BR","@id":"https:\/\/www.altex.com.br\/blog\/#\/schema\/person\/image\/","url":"https:\/\/secure.gravatar.com\/avatar\/3813f53848958b8842eeafda91666185a90010f65ed554379b78794cde6f234a?s=96&d=mm&r=g","contentUrl":"https:\/\/secure.gravatar.com\/avatar\/3813f53848958b8842eeafda91666185a90010f65ed554379b78794cde6f234a?s=96&d=mm&r=g","caption":"admin"},"sameAs":["https:\/\/altex.com.br\/blog"],"url":"https:\/\/www.altex.com.br\/blog\/author\/admin\/"}]}},"_links":{"self":[{"href":"https:\/\/www.altex.com.br\/blog\/wp-json\/wp\/v2\/posts\/265","targetHints":{"allow":["GET"]}}],"collection":[{"href":"https:\/\/www.altex.com.br\/blog\/wp-json\/wp\/v2\/posts"}],"about":[{"href":"https:\/\/www.altex.com.br\/blog\/wp-json\/wp\/v2\/types\/post"}],"author":[{"embeddable":true,"href":"https:\/\/www.altex.com.br\/blog\/wp-json\/wp\/v2\/users\/1"}],"replies":[{"embeddable":true,"href":"https:\/\/www.altex.com.br\/blog\/wp-json\/wp\/v2\/comments?post=265"}],"version-history":[{"count":1,"href":"https:\/\/www.altex.com.br\/blog\/wp-json\/wp\/v2\/posts\/265\/revisions"}],"predecessor-version":[{"id":268,"href":"https:\/\/www.altex.com.br\/blog\/wp-json\/wp\/v2\/posts\/265\/revisions\/268"}],"wp:featuredmedia":[{"embeddable":true,"href":"https:\/\/www.altex.com.br\/blog\/wp-json\/wp\/v2\/media\/267"}],"wp:attachment":[{"href":"https:\/\/www.altex.com.br\/blog\/wp-json\/wp\/v2\/media?parent=265"}],"wp:term":[{"taxonomy":"category","embeddable":true,"href":"https:\/\/www.altex.com.br\/blog\/wp-json\/wp\/v2\/categories?post=265"},{"taxonomy":"post_tag","embeddable":true,"href":"https:\/\/www.altex.com.br\/blog\/wp-json\/wp\/v2\/tags?post=265"}],"curies":[{"name":"wp","href":"https:\/\/api.w.org\/{rel}","templated":true}]}}