{"id":26,"date":"2022-10-31T13:54:50","date_gmt":"2022-10-31T13:54:50","guid":{"rendered":"https:\/\/www.altex.com.br\/blog\/?p=26"},"modified":"2023-02-03T20:05:40","modified_gmt":"2023-02-03T20:05:40","slug":"cortinas-sob-medida-na-zona-oeste-como-escolher","status":"publish","type":"post","link":"https:\/\/www.altex.com.br\/blog\/cortinas\/cortinas-sob-medida-na-zona-oeste-como-escolher\/","title":{"rendered":"Cortinas sob medida na zona oeste: como escolher?"},"content":{"rendered":"<span class=\"rt-reading-time\" style=\"display: block;\"><span class=\"rt-label rt-prefix\">Tempo de leitura<\/span> <span class=\"rt-time\">2<\/span> <span class=\"rt-label rt-postfix\">minutos<\/span><\/span>\n<p>O processo de escolher cortinas sob medida na zona oeste n\u00e3o se restringe apenas ao modelo utilizado. Mais do que isso, existem diversos fatores que devem ser considerados, sempre visando garantir os melhores resultados poss\u00edveis para cada projeto.&nbsp;<\/p>\n\n\n\n<p>Por isso, a seguir, compilamos algumas recomenda\u00e7\u00f5es relacionadas a esse processo de escolha e, no fim do artigo, mostramos como a <a href=\"https:\/\/www.altex.com.br\/\" target=\"_blank\" rel=\"noreferrer noopener\">Altex Cortinas<\/a> pode ser \u00fatil nesse sentido. Confira!<\/p>\n\n\n\n<div id=\"ez-toc-container\" class=\"ez-toc-v2_0_65 counter-hierarchy ez-toc-counter ez-toc-grey ez-toc-container-direction\">\n<div class=\"ez-toc-title-container\">\n<p class=\"ez-toc-title \" >Table of Contents<\/p>\n<span class=\"ez-toc-title-toggle\"><a href=\"#\" class=\"ez-toc-pull-right ez-toc-btn ez-toc-btn-xs ez-toc-btn-default ez-toc-toggle\" aria-label=\"Toggle Table of Content\"><span class=\"ez-toc-js-icon-con\"><span class=\"\"><span class=\"eztoc-hide\" style=\"display:none;\">Toggle<\/span><span class=\"ez-toc-icon-toggle-span\"><svg style=\"fill: #999;color:#999\" xmlns=\"http:\/\/www.w3.org\/2000\/svg\" class=\"list-377408\" width=\"20px\" height=\"20px\" viewBox=\"0 0 24 24\" fill=\"none\"><path d=\"M6 6H4v2h2V6zm14 0H8v2h12V6zM4 11h2v2H4v-2zm16 0H8v2h12v-2zM4 16h2v2H4v-2zm16 0H8v2h12v-2z\" fill=\"currentColor\"><\/path><\/svg><svg style=\"fill: #999;color:#999\" class=\"arrow-unsorted-368013\" xmlns=\"http:\/\/www.w3.org\/2000\/svg\" width=\"10px\" height=\"10px\" viewBox=\"0 0 24 24\" version=\"1.2\" baseProfile=\"tiny\"><path d=\"M18.2 9.3l-6.2-6.3-6.2 6.3c-.2.2-.3.4-.3.7s.1.5.3.7c.2.2.4.3.7.3h11c.3 0 .5-.1.7-.3.2-.2.3-.5.3-.7s-.1-.5-.3-.7zM5.8 14.7l6.2 6.3 6.2-6.3c.2-.2.3-.5.3-.7s-.1-.5-.3-.7c-.2-.2-.4-.3-.7-.3h-11c-.3 0-.5.1-.7.3-.2.2-.3.5-.3.7s.1.5.3.7z\"\/><\/svg><\/span><\/span><\/span><\/a><\/span><\/div>\n<nav><ul class='ez-toc-list ez-toc-list-level-1 ' ><li class='ez-toc-page-1 ez-toc-heading-level-2'><a class=\"ez-toc-link ez-toc-heading-1\" href=\"https:\/\/www.altex.com.br\/blog\/cortinas\/cortinas-sob-medida-na-zona-oeste-como-escolher\/#Como_escolher_cortinas_sob_medida_na_zona_oeste\" title=\"Como escolher cortinas sob medida na zona oeste?&nbsp;\">Como escolher cortinas sob medida na zona oeste?&nbsp;<\/a><ul class='ez-toc-list-level-4' ><li class='ez-toc-heading-level-4'><ul class='ez-toc-list-level-4' ><li class='ez-toc-heading-level-4'><a class=\"ez-toc-link ez-toc-heading-2\" href=\"https:\/\/www.altex.com.br\/blog\/cortinas\/cortinas-sob-medida-na-zona-oeste-como-escolher\/#O_tamanho\" title=\"O tamanho\">O tamanho<\/a><\/li><li class='ez-toc-page-1 ez-toc-heading-level-4'><a class=\"ez-toc-link ez-toc-heading-3\" href=\"https:\/\/www.altex.com.br\/blog\/cortinas\/cortinas-sob-medida-na-zona-oeste-como-escolher\/#O_material_utilizado\" title=\"O material utilizado\">O material utilizado<\/a><\/li><li class='ez-toc-page-1 ez-toc-heading-level-4'><a class=\"ez-toc-link ez-toc-heading-4\" href=\"https:\/\/www.altex.com.br\/blog\/cortinas\/cortinas-sob-medida-na-zona-oeste-como-escolher\/#O_local_da_instalacao\" title=\"O local da instala\u00e7\u00e3o\">O local da instala\u00e7\u00e3o<\/a><\/li><\/ul><\/li><li class='ez-toc-page-1 ez-toc-heading-level-3'><a class=\"ez-toc-link ez-toc-heading-5\" href=\"https:\/\/www.altex.com.br\/blog\/cortinas\/cortinas-sob-medida-na-zona-oeste-como-escolher\/#Onde_comprar_cortinas_sob_medida_na_zona_oeste\" title=\"Onde comprar cortinas sob medida na zona oeste?\">Onde comprar cortinas sob medida na zona oeste?<\/a><\/li><\/ul><\/li><\/ul><\/nav><\/div>\n<h2 class=\"wp-block-heading\"><span class=\"ez-toc-section\" id=\"Como_escolher_cortinas_sob_medida_na_zona_oeste\"><\/span>Como escolher cortinas sob medida na zona oeste?&nbsp;<span class=\"ez-toc-section-end\"><\/span><\/h2>\n\n\n\n<p>Mesmo que isso possa mudar conforme o projeto e, principalmente, a depender do respons\u00e1vel por cada uma dessas mudan\u00e7as, escolher cortinas sob medida na zona norte deve seguir algumas recomenda\u00e7\u00f5es, como:&nbsp;<\/p>\n\n\n\n<h4 class=\"wp-block-heading\"><span class=\"ez-toc-section\" id=\"O_tamanho\"><\/span>O tamanho<span class=\"ez-toc-section-end\"><\/span><\/h4>\n\n\n\n<p>Claro que, nesse t\u00f3pico, o tamanho da cortina sob medida na Vila Leopoldina, principalmente personalizado, precisa ser definido com muito cuidado. Por isso, \u00e9 recomendado que se analisem os gostos pessoais de cada consumidor e as ideias que v\u00e3o ser aplicadas em cada projeto, para assim seguir, da melhor maneira poss\u00edvel, as prefer\u00eancias de cada um.&nbsp;<\/p>\n\n\n\n<p>Isso ainda deve considerar algumas coisas, como a fun\u00e7\u00e3o desses produtos. Afinal, \u00e9 comum que alguns grupos optem por esses itens meramente como alternativa est\u00e9tica, fator que pode representar mudan\u00e7as nas cortinas sob medida em S\u00e3o Paulo.<\/p>\n\n\n\n<h4 class=\"wp-block-heading\"><span class=\"ez-toc-section\" id=\"O_material_utilizado\"><\/span>O material utilizado<span class=\"ez-toc-section-end\"><\/span><\/h4>\n\n\n\n<p>O material utilizado na cortina sob medida na Vila Leopoldina depende n\u00e3o somente no ponto anterior, como tamb\u00e9m do pr\u00f3ximo que ser\u00e1 apresentado. Afinal, ele deve seguir as necessidades de cada ambiente, podendo ser escolhido conforme a quantidade de luz que vai passar por sue tecido, pela sua resist\u00eancia a sujeira e umidade outras caracter\u00edsticas do g\u00eanero.&nbsp;<\/p>\n\n\n\n<p>Mesmo que seja \u00f3bvio, vale destacar que esses pontos impactam diretamente no valor de cada produto, fazendo com que seja altamente recomend\u00e1vel que consumidores com menor aporte financeiro devam estudem as alternativas de cortinas sob medida em S\u00e3o Paulo com melhor custo-benef\u00edcio.&nbsp;<\/p>\n\n\n\n<h4 class=\"wp-block-heading\"><span class=\"ez-toc-section\" id=\"O_local_da_instalacao\"><\/span>O local da instala\u00e7\u00e3o<span class=\"ez-toc-section-end\"><\/span><\/h4>\n\n\n\n<p>Por fim, o local de instala\u00e7\u00e3o da cortina sob medida na Vila Leopoldina deve ser estudado com muita cautela, principalmente para evitar que potenciais manuten\u00e7\u00f5es e at\u00e9 trocas precisem ser realizadas de maneira frequente.&nbsp;<\/p>\n\n\n\n<p>Nesse caso, refor\u00e7amos as rela\u00e7\u00f5es entre esse ponto e todos os outros mostrados ao longo deste artigo, fazendo com que nenhum deles possam ser desvinculados durante o processo de escolha das cortinas sob medida em S\u00e3o Paulo, os tornando importantes para pessoas f\u00edsicas ou jur\u00eddicas que possuam os mais variados gostos.<\/p>\n\n\n\n<h3 class=\"wp-block-heading\"><span class=\"ez-toc-section\" id=\"Onde_comprar_cortinas_sob_medida_na_zona_oeste\"><\/span>Onde comprar cortinas sob medida na zona oeste?<span class=\"ez-toc-section-end\"><\/span><\/h3>\n\n\n\n<p>Mesmo que o processo de escolher de cortinas sob medida na zona oeste de S\u00e3o Paulo seja um processo longo, definir a empresa para se adquirir o produto definido \u00e9 muito mais simples. Afinal, nenhum nome oferece melhores condi\u00e7\u00f5es que a <a href=\"https:\/\/www.altex.com.br\/\" target=\"_blank\" rel=\"noreferrer noopener\">Altex Cortinas<\/a>.&nbsp;<\/p>\n\n\n\n<p>H\u00e1 anos operando no setor, a companhia cresceu e se consolidou fornecendo produtos de qualidade, sempre com um padr\u00e3o acima da m\u00e9dia de outras alternativas do mercado.&nbsp;<\/p>\n\n\n\n<p>Por isso, se estiver em busca de cortinas sob medida na zona oeste, <a rel=\"noreferrer noopener\" href=\"https:\/\/www.altex.com.br\/contato\" target=\"_blank\">entre em contato com a Altex Cortinas e solicite um or\u00e7amento<\/a>.\u00a0<\/p>\n\n\n<div class=\"wp-block-image\">\n<figure class=\"aligncenter size-full\"><a href=\"https:\/\/www.altex.com.br\/contato\" target=\"_blank\" rel=\"noreferrer noopener\"><img loading=\"lazy\" decoding=\"async\" width=\"515\" height=\"258\" src=\"https:\/\/www.altex.com.br\/blog\/wp-content\/uploads\/2023\/01\/CTA_-10.gif\" alt=\"\" class=\"wp-image-59\"\/><\/a><\/figure>\n<\/div>","protected":false},"excerpt":{"rendered":"<p><span class=\"rt-reading-time\" style=\"display: block;\"><span class=\"rt-label rt-prefix\">Tempo de leitura<\/span> <span class=\"rt-time\">2<\/span> <span class=\"rt-label rt-postfix\">minutos<\/span><\/span> O processo de escolher cortinas sob medida na zona oeste n\u00e3o se restringe apenas ao modelo utilizado. Mais do que isso, existem diversos fatores que devem ser considerados, sempre visando garantir os melhores resultados poss\u00edveis para cada projeto.&nbsp; Por isso, a seguir, compilamos algumas recomenda\u00e7\u00f5es relacionadas a esse processo de escolha e, no fim do &hellip; <\/p>\n","protected":false},"author":1,"featured_media":27,"comment_status":"open","ping_status":"open","sticky":false,"template":"","format":"standard","meta":{"footnotes":""},"categories":[10],"tags":[9,14,31,30,29,28,32,34,27,25,26,22,23,24],"class_list":["post-26","post","type-post","status-publish","format-standard","has-post-thumbnail","hentry","category-cortinas","tag-altex","tag-altex-cortinas","tag-cortina-sob-medida","tag-cortina-sob-medida-em-sao-paulo","tag-cortina-sob-medida-em-sp","tag-cortina-sob-medida-na-vila-leopoldina","tag-cortina-sob-medida-na-zona-oeste","tag-cortina-sob-medida-na-zona-oeste-de-sao-paulo","tag-cortinas-sob-medida","tag-cortinas-sob-medida-em-sao-paulo","tag-cortinas-sob-medida-em-sp","tag-cortinas-sob-medida-na-zona-oeste","tag-cortinas-sob-medida-na-zona-oeste-de-sao-paulo","tag-cortinas-sob-medida-na-zona-oeste-de-sp"],"yoast_head":"<!-- This site is optimized with the Yoast SEO plugin v22.5 - https:\/\/yoast.com\/wordpress\/plugins\/seo\/ -->\n<title>Cortinas sob medida na zona oeste: como escolher? - Altex<\/title>\n<meta name=\"robots\" content=\"index, follow, max-snippet:-1, max-image-preview:large, max-video-preview:-1\" \/>\n<link rel=\"canonical\" href=\"https:\/\/www.altex.com.br\/blog\/cortinas\/cortinas-sob-medida-na-zona-oeste-como-escolher\/\" \/>\n<meta property=\"og:locale\" content=\"pt_BR\" \/>\n<meta property=\"og:type\" content=\"article\" \/>\n<meta property=\"og:title\" content=\"Cortinas sob medida na zona oeste: como escolher? - Altex\" \/>\n<meta property=\"og:description\" content=\"Tempo de leitura 2 minutos O processo de escolher cortinas sob medida na zona oeste n\u00e3o se restringe apenas ao modelo utilizado. Mais do que isso, existem diversos fatores que devem ser considerados, sempre visando garantir os melhores resultados poss\u00edveis para cada projeto.&nbsp; Por isso, a seguir, compilamos algumas recomenda\u00e7\u00f5es relacionadas a esse processo de escolha e, no fim do &hellip;\" \/>\n<meta property=\"og:url\" content=\"https:\/\/www.altex.com.br\/blog\/cortinas\/cortinas-sob-medida-na-zona-oeste-como-escolher\/\" \/>\n<meta property=\"og:site_name\" content=\"Altex\" \/>\n<meta property=\"article:published_time\" content=\"2022-10-31T13:54:50+00:00\" \/>\n<meta property=\"article:modified_time\" content=\"2023-02-03T20:05:40+00:00\" \/>\n<meta property=\"og:image\" content=\"https:\/\/www.altex.com.br\/blog\/wp-content\/uploads\/2022\/10\/Design-sem-nome8.jpg\" \/>\n\t<meta property=\"og:image:width\" content=\"515\" \/>\n\t<meta property=\"og:image:height\" content=\"367\" \/>\n\t<meta property=\"og:image:type\" content=\"image\/jpeg\" \/>\n<meta name=\"author\" content=\"admin\" \/>\n<meta name=\"twitter:card\" content=\"summary_large_image\" \/>\n<meta name=\"twitter:label1\" content=\"Escrito por\" \/>\n\t<meta name=\"twitter:data1\" content=\"admin\" \/>\n\t<meta name=\"twitter:label2\" content=\"Est. tempo de leitura\" \/>\n\t<meta name=\"twitter:data2\" content=\"3 minutos\" \/>\n<script type=\"application\/ld+json\" class=\"yoast-schema-graph\">{\"@context\":\"https:\/\/schema.org\",\"@graph\":[{\"@type\":\"Article\",\"@id\":\"https:\/\/www.altex.com.br\/blog\/cortinas\/cortinas-sob-medida-na-zona-oeste-como-escolher\/#article\",\"isPartOf\":{\"@id\":\"https:\/\/www.altex.com.br\/blog\/cortinas\/cortinas-sob-medida-na-zona-oeste-como-escolher\/\"},\"author\":{\"name\":\"admin\",\"@id\":\"https:\/\/www.altex.com.br\/blog\/#\/schema\/person\/3c2b4dc5fc14bfdd28a6a128d82aa511\"},\"headline\":\"Cortinas sob medida na zona oeste: como escolher?\",\"datePublished\":\"2022-10-31T13:54:50+00:00\",\"dateModified\":\"2023-02-03T20:05:40+00:00\",\"mainEntityOfPage\":{\"@id\":\"https:\/\/www.altex.com.br\/blog\/cortinas\/cortinas-sob-medida-na-zona-oeste-como-escolher\/\"},\"wordCount\":544,\"commentCount\":0,\"publisher\":{\"@id\":\"https:\/\/www.altex.com.br\/blog\/#organization\"},\"image\":{\"@id\":\"https:\/\/www.altex.com.br\/blog\/cortinas\/cortinas-sob-medida-na-zona-oeste-como-escolher\/#primaryimage\"},\"thumbnailUrl\":\"https:\/\/www.altex.com.br\/blog\/wp-content\/uploads\/2022\/10\/Design-sem-nome8.jpg\",\"keywords\":[\"Altex\",\"Altex Cortinas\",\"cortina sob medida\",\"cortina sob medida em S\u00e3o Paulo\",\"cortina sob medida em SP\",\"cortina sob medida na Vila Leopoldina\",\"cortina sob medida na zona oeste\",\"cortina sob medida na zona oeste de S\u00e3o Paulo\",\"Cortinas sob medida\",\"Cortinas sob medida em S\u00e3o Paulo\",\"Cortinas sob medida em SP\",\"Cortinas sob medida na zona oeste\",\"Cortinas sob medida na zona oeste de S\u00e3o Paulo\",\"Cortinas sob medida na zona oeste de SP\"],\"articleSection\":[\"Cortinas\"],\"inLanguage\":\"pt-BR\",\"potentialAction\":[{\"@type\":\"CommentAction\",\"name\":\"Comment\",\"target\":[\"https:\/\/www.altex.com.br\/blog\/cortinas\/cortinas-sob-medida-na-zona-oeste-como-escolher\/#respond\"]}]},{\"@type\":\"WebPage\",\"@id\":\"https:\/\/www.altex.com.br\/blog\/cortinas\/cortinas-sob-medida-na-zona-oeste-como-escolher\/\",\"url\":\"https:\/\/www.altex.com.br\/blog\/cortinas\/cortinas-sob-medida-na-zona-oeste-como-escolher\/\",\"name\":\"Cortinas sob medida na zona oeste: como escolher? - Altex\",\"isPartOf\":{\"@id\":\"https:\/\/www.altex.com.br\/blog\/#website\"},\"primaryImageOfPage\":{\"@id\":\"https:\/\/www.altex.com.br\/blog\/cortinas\/cortinas-sob-medida-na-zona-oeste-como-escolher\/#primaryimage\"},\"image\":{\"@id\":\"https:\/\/www.altex.com.br\/blog\/cortinas\/cortinas-sob-medida-na-zona-oeste-como-escolher\/#primaryimage\"},\"thumbnailUrl\":\"https:\/\/www.altex.com.br\/blog\/wp-content\/uploads\/2022\/10\/Design-sem-nome8.jpg\",\"datePublished\":\"2022-10-31T13:54:50+00:00\",\"dateModified\":\"2023-02-03T20:05:40+00:00\",\"breadcrumb\":{\"@id\":\"https:\/\/www.altex.com.br\/blog\/cortinas\/cortinas-sob-medida-na-zona-oeste-como-escolher\/#breadcrumb\"},\"inLanguage\":\"pt-BR\",\"potentialAction\":[{\"@type\":\"ReadAction\",\"target\":[\"https:\/\/www.altex.com.br\/blog\/cortinas\/cortinas-sob-medida-na-zona-oeste-como-escolher\/\"]}]},{\"@type\":\"ImageObject\",\"inLanguage\":\"pt-BR\",\"@id\":\"https:\/\/www.altex.com.br\/blog\/cortinas\/cortinas-sob-medida-na-zona-oeste-como-escolher\/#primaryimage\",\"url\":\"https:\/\/www.altex.com.br\/blog\/wp-content\/uploads\/2022\/10\/Design-sem-nome8.jpg\",\"contentUrl\":\"https:\/\/www.altex.com.br\/blog\/wp-content\/uploads\/2022\/10\/Design-sem-nome8.jpg\",\"width\":515,\"height\":367,\"caption\":\"Cortinas sob medida na zona oeste\"},{\"@type\":\"BreadcrumbList\",\"@id\":\"https:\/\/www.altex.com.br\/blog\/cortinas\/cortinas-sob-medida-na-zona-oeste-como-escolher\/#breadcrumb\",\"itemListElement\":[{\"@type\":\"ListItem\",\"position\":1,\"name\":\"In\u00edcio\",\"item\":\"https:\/\/www.altex.com.br\/blog\/\"},{\"@type\":\"ListItem\",\"position\":2,\"name\":\"Cortinas sob medida na zona oeste: como escolher?\"}]},{\"@type\":\"WebSite\",\"@id\":\"https:\/\/www.altex.com.br\/blog\/#website\",\"url\":\"https:\/\/www.altex.com.br\/blog\/\",\"name\":\"Altex\",\"description\":\"Blog\",\"publisher\":{\"@id\":\"https:\/\/www.altex.com.br\/blog\/#organization\"},\"potentialAction\":[{\"@type\":\"SearchAction\",\"target\":{\"@type\":\"EntryPoint\",\"urlTemplate\":\"https:\/\/www.altex.com.br\/blog\/?s={search_term_string}\"},\"query-input\":\"required name=search_term_string\"}],\"inLanguage\":\"pt-BR\"},{\"@type\":\"Organization\",\"@id\":\"https:\/\/www.altex.com.br\/blog\/#organization\",\"name\":\"Altex\",\"url\":\"https:\/\/www.altex.com.br\/blog\/\",\"logo\":{\"@type\":\"ImageObject\",\"inLanguage\":\"pt-BR\",\"@id\":\"https:\/\/www.altex.com.br\/blog\/#\/schema\/logo\/image\/\",\"url\":\"https:\/\/www.altex.com.br\/blog\/wp-content\/uploads\/2022\/08\/altex-logo.png\",\"contentUrl\":\"https:\/\/www.altex.com.br\/blog\/wp-content\/uploads\/2022\/08\/altex-logo.png\",\"width\":155,\"height\":98,\"caption\":\"Altex\"},\"image\":{\"@id\":\"https:\/\/www.altex.com.br\/blog\/#\/schema\/logo\/image\/\"}},{\"@type\":\"Person\",\"@id\":\"https:\/\/www.altex.com.br\/blog\/#\/schema\/person\/3c2b4dc5fc14bfdd28a6a128d82aa511\",\"name\":\"admin\",\"image\":{\"@type\":\"ImageObject\",\"inLanguage\":\"pt-BR\",\"@id\":\"https:\/\/www.altex.com.br\/blog\/#\/schema\/person\/image\/\",\"url\":\"https:\/\/secure.gravatar.com\/avatar\/3813f53848958b8842eeafda91666185a90010f65ed554379b78794cde6f234a?s=96&d=mm&r=g\",\"contentUrl\":\"https:\/\/secure.gravatar.com\/avatar\/3813f53848958b8842eeafda91666185a90010f65ed554379b78794cde6f234a?s=96&d=mm&r=g\",\"caption\":\"admin\"},\"sameAs\":[\"https:\/\/altex.com.br\/blog\"],\"url\":\"https:\/\/www.altex.com.br\/blog\/author\/admin\/\"}]}<\/script>\n<!-- \/ Yoast SEO plugin. -->","yoast_head_json":{"title":"Cortinas sob medida na zona oeste: como escolher? - Altex","robots":{"index":"index","follow":"follow","max-snippet":"max-snippet:-1","max-image-preview":"max-image-preview:large","max-video-preview":"max-video-preview:-1"},"canonical":"https:\/\/www.altex.com.br\/blog\/cortinas\/cortinas-sob-medida-na-zona-oeste-como-escolher\/","og_locale":"pt_BR","og_type":"article","og_title":"Cortinas sob medida na zona oeste: como escolher? - Altex","og_description":"Tempo de leitura 2 minutos O processo de escolher cortinas sob medida na zona oeste n\u00e3o se restringe apenas ao modelo utilizado. Mais do que isso, existem diversos fatores que devem ser considerados, sempre visando garantir os melhores resultados poss\u00edveis para cada projeto.&nbsp; Por isso, a seguir, compilamos algumas recomenda\u00e7\u00f5es relacionadas a esse processo de escolha e, no fim do &hellip;","og_url":"https:\/\/www.altex.com.br\/blog\/cortinas\/cortinas-sob-medida-na-zona-oeste-como-escolher\/","og_site_name":"Altex","article_published_time":"2022-10-31T13:54:50+00:00","article_modified_time":"2023-02-03T20:05:40+00:00","og_image":[{"width":515,"height":367,"url":"https:\/\/www.altex.com.br\/blog\/wp-content\/uploads\/2022\/10\/Design-sem-nome8.jpg","type":"image\/jpeg"}],"author":"admin","twitter_card":"summary_large_image","twitter_misc":{"Escrito por":"admin","Est. tempo de leitura":"3 minutos"},"schema":{"@context":"https:\/\/schema.org","@graph":[{"@type":"Article","@id":"https:\/\/www.altex.com.br\/blog\/cortinas\/cortinas-sob-medida-na-zona-oeste-como-escolher\/#article","isPartOf":{"@id":"https:\/\/www.altex.com.br\/blog\/cortinas\/cortinas-sob-medida-na-zona-oeste-como-escolher\/"},"author":{"name":"admin","@id":"https:\/\/www.altex.com.br\/blog\/#\/schema\/person\/3c2b4dc5fc14bfdd28a6a128d82aa511"},"headline":"Cortinas sob medida na zona oeste: como escolher?","datePublished":"2022-10-31T13:54:50+00:00","dateModified":"2023-02-03T20:05:40+00:00","mainEntityOfPage":{"@id":"https:\/\/www.altex.com.br\/blog\/cortinas\/cortinas-sob-medida-na-zona-oeste-como-escolher\/"},"wordCount":544,"commentCount":0,"publisher":{"@id":"https:\/\/www.altex.com.br\/blog\/#organization"},"image":{"@id":"https:\/\/www.altex.com.br\/blog\/cortinas\/cortinas-sob-medida-na-zona-oeste-como-escolher\/#primaryimage"},"thumbnailUrl":"https:\/\/www.altex.com.br\/blog\/wp-content\/uploads\/2022\/10\/Design-sem-nome8.jpg","keywords":["Altex","Altex Cortinas","cortina sob medida","cortina sob medida em S\u00e3o Paulo","cortina sob medida em SP","cortina sob medida na Vila Leopoldina","cortina sob medida na zona oeste","cortina sob medida na zona oeste de S\u00e3o Paulo","Cortinas sob medida","Cortinas sob medida em S\u00e3o Paulo","Cortinas sob medida em SP","Cortinas sob medida na zona oeste","Cortinas sob medida na zona oeste de S\u00e3o Paulo","Cortinas sob medida na zona oeste de SP"],"articleSection":["Cortinas"],"inLanguage":"pt-BR","potentialAction":[{"@type":"CommentAction","name":"Comment","target":["https:\/\/www.altex.com.br\/blog\/cortinas\/cortinas-sob-medida-na-zona-oeste-como-escolher\/#respond"]}]},{"@type":"WebPage","@id":"https:\/\/www.altex.com.br\/blog\/cortinas\/cortinas-sob-medida-na-zona-oeste-como-escolher\/","url":"https:\/\/www.altex.com.br\/blog\/cortinas\/cortinas-sob-medida-na-zona-oeste-como-escolher\/","name":"Cortinas sob medida na zona oeste: como escolher? - Altex","isPartOf":{"@id":"https:\/\/www.altex.com.br\/blog\/#website"},"primaryImageOfPage":{"@id":"https:\/\/www.altex.com.br\/blog\/cortinas\/cortinas-sob-medida-na-zona-oeste-como-escolher\/#primaryimage"},"image":{"@id":"https:\/\/www.altex.com.br\/blog\/cortinas\/cortinas-sob-medida-na-zona-oeste-como-escolher\/#primaryimage"},"thumbnailUrl":"https:\/\/www.altex.com.br\/blog\/wp-content\/uploads\/2022\/10\/Design-sem-nome8.jpg","datePublished":"2022-10-31T13:54:50+00:00","dateModified":"2023-02-03T20:05:40+00:00","breadcrumb":{"@id":"https:\/\/www.altex.com.br\/blog\/cortinas\/cortinas-sob-medida-na-zona-oeste-como-escolher\/#breadcrumb"},"inLanguage":"pt-BR","potentialAction":[{"@type":"ReadAction","target":["https:\/\/www.altex.com.br\/blog\/cortinas\/cortinas-sob-medida-na-zona-oeste-como-escolher\/"]}]},{"@type":"ImageObject","inLanguage":"pt-BR","@id":"https:\/\/www.altex.com.br\/blog\/cortinas\/cortinas-sob-medida-na-zona-oeste-como-escolher\/#primaryimage","url":"https:\/\/www.altex.com.br\/blog\/wp-content\/uploads\/2022\/10\/Design-sem-nome8.jpg","contentUrl":"https:\/\/www.altex.com.br\/blog\/wp-content\/uploads\/2022\/10\/Design-sem-nome8.jpg","width":515,"height":367,"caption":"Cortinas sob medida na zona oeste"},{"@type":"BreadcrumbList","@id":"https:\/\/www.altex.com.br\/blog\/cortinas\/cortinas-sob-medida-na-zona-oeste-como-escolher\/#breadcrumb","itemListElement":[{"@type":"ListItem","position":1,"name":"In\u00edcio","item":"https:\/\/www.altex.com.br\/blog\/"},{"@type":"ListItem","position":2,"name":"Cortinas sob medida na zona oeste: como escolher?"}]},{"@type":"WebSite","@id":"https:\/\/www.altex.com.br\/blog\/#website","url":"https:\/\/www.altex.com.br\/blog\/","name":"Altex","description":"Blog","publisher":{"@id":"https:\/\/www.altex.com.br\/blog\/#organization"},"potentialAction":[{"@type":"SearchAction","target":{"@type":"EntryPoint","urlTemplate":"https:\/\/www.altex.com.br\/blog\/?s={search_term_string}"},"query-input":"required name=search_term_string"}],"inLanguage":"pt-BR"},{"@type":"Organization","@id":"https:\/\/www.altex.com.br\/blog\/#organization","name":"Altex","url":"https:\/\/www.altex.com.br\/blog\/","logo":{"@type":"ImageObject","inLanguage":"pt-BR","@id":"https:\/\/www.altex.com.br\/blog\/#\/schema\/logo\/image\/","url":"https:\/\/www.altex.com.br\/blog\/wp-content\/uploads\/2022\/08\/altex-logo.png","contentUrl":"https:\/\/www.altex.com.br\/blog\/wp-content\/uploads\/2022\/08\/altex-logo.png","width":155,"height":98,"caption":"Altex"},"image":{"@id":"https:\/\/www.altex.com.br\/blog\/#\/schema\/logo\/image\/"}},{"@type":"Person","@id":"https:\/\/www.altex.com.br\/blog\/#\/schema\/person\/3c2b4dc5fc14bfdd28a6a128d82aa511","name":"admin","image":{"@type":"ImageObject","inLanguage":"pt-BR","@id":"https:\/\/www.altex.com.br\/blog\/#\/schema\/person\/image\/","url":"https:\/\/secure.gravatar.com\/avatar\/3813f53848958b8842eeafda91666185a90010f65ed554379b78794cde6f234a?s=96&d=mm&r=g","contentUrl":"https:\/\/secure.gravatar.com\/avatar\/3813f53848958b8842eeafda91666185a90010f65ed554379b78794cde6f234a?s=96&d=mm&r=g","caption":"admin"},"sameAs":["https:\/\/altex.com.br\/blog"],"url":"https:\/\/www.altex.com.br\/blog\/author\/admin\/"}]}},"_links":{"self":[{"href":"https:\/\/www.altex.com.br\/blog\/wp-json\/wp\/v2\/posts\/26","targetHints":{"allow":["GET"]}}],"collection":[{"href":"https:\/\/www.altex.com.br\/blog\/wp-json\/wp\/v2\/posts"}],"about":[{"href":"https:\/\/www.altex.com.br\/blog\/wp-json\/wp\/v2\/types\/post"}],"author":[{"embeddable":true,"href":"https:\/\/www.altex.com.br\/blog\/wp-json\/wp\/v2\/users\/1"}],"replies":[{"embeddable":true,"href":"https:\/\/www.altex.com.br\/blog\/wp-json\/wp\/v2\/comments?post=26"}],"version-history":[{"count":2,"href":"https:\/\/www.altex.com.br\/blog\/wp-json\/wp\/v2\/posts\/26\/revisions"}],"predecessor-version":[{"id":67,"href":"https:\/\/www.altex.com.br\/blog\/wp-json\/wp\/v2\/posts\/26\/revisions\/67"}],"wp:featuredmedia":[{"embeddable":true,"href":"https:\/\/www.altex.com.br\/blog\/wp-json\/wp\/v2\/media\/27"}],"wp:attachment":[{"href":"https:\/\/www.altex.com.br\/blog\/wp-json\/wp\/v2\/media?parent=26"}],"wp:term":[{"taxonomy":"category","embeddable":true,"href":"https:\/\/www.altex.com.br\/blog\/wp-json\/wp\/v2\/categories?post=26"},{"taxonomy":"post_tag","embeddable":true,"href":"https:\/\/www.altex.com.br\/blog\/wp-json\/wp\/v2\/tags?post=26"}],"curies":[{"name":"wp","href":"https:\/\/api.w.org\/{rel}","templated":true}]}}