{"id":205,"date":"2024-02-19T18:40:54","date_gmt":"2024-02-19T18:40:54","guid":{"rendered":"https:\/\/www.altex.com.br\/blog\/?p=205"},"modified":"2024-02-19T18:45:20","modified_gmt":"2024-02-19T18:45:20","slug":"cortina-blackout-em-sao-paulo-conheca-o-fornecedor-ideal","status":"publish","type":"post","link":"https:\/\/www.altex.com.br\/blog\/cortina-blackout\/cortina-blackout-em-sao-paulo-conheca-o-fornecedor-ideal\/","title":{"rendered":"Cortina Blackout em S\u00e3o Paulo: conhe\u00e7a o fornecedor ideal"},"content":{"rendered":"<span class=\"rt-reading-time\" style=\"display: block;\"><span class=\"rt-label rt-prefix\">Tempo de leitura<\/span> <span class=\"rt-time\">3<\/span> <span class=\"rt-label rt-postfix\">minutos<\/span><\/span>\n<p class=\"has-medium-font-size\"><strong><em>Descubra o fornecedor ideal de cortina blackout em S\u00e3o Paulo para conforto e efici\u00eancia em seu espa\u00e7o. Confira!<\/em><\/strong><\/p>\n\n\n\n<p>Encontrar a cortina blackout ideal em S\u00e3o Paulo pode ser um verdadeiro desafio, dada a vasta gama de op\u00e7\u00f5es dispon\u00edveis no mercado.<\/p>\n\n\n\n<p>Esta cidade vibrante, conhecida por sua arquitetura impressionante e ritmo acelerado, exige solu\u00e7\u00f5es pr\u00e1ticas e estilosas para o controle da luz e privacidade em ambientes internos.<\/p>\n\n\n\n<p>As cortinas blackout, com sua capacidade de bloquear a entrada de luz, oferecem uma solu\u00e7\u00e3o perfeita para aqueles que buscam melhorar a qualidade do sono ou criar o ambiente ideal para salas de m\u00eddia e home offices.<\/p>\n\n\n\n<p>Al\u00e9m da funcionalidade, a est\u00e9tica tamb\u00e9m desempenha um papel crucial na escolha da cortina certa para cada espa\u00e7o.<\/p>\n\n\n\n<p>Moradores e designers de interiores em S\u00e3o Paulo est\u00e3o constantemente \u00e0 procura de produtos que n\u00e3o apenas atendam \u00e0s necessidades pr\u00e1ticas, mas que tamb\u00e9m complementem e realcem a decora\u00e7\u00e3o existente.&nbsp;<\/p>\n\n\n\n<p>Neste contexto, a cortina blackout surge como uma escolha vers\u00e1til, dispon\u00edvel em uma variedade de cores e estilos que podem se adaptar a qualquer ambiente, desde o cl\u00e1ssico ao contempor\u00e2neo, garantindo assim que a funcionalidade v\u00e1 de m\u00e3os dadas com a eleg\u00e2ncia.<\/p>\n\n\n\n<ul class=\"wp-block-list\">\n<li><a href=\"https:\/\/www.altex.com.br\/blog\/cortinas\/como-escolher-a-cortina-para-sala-ideal-conheca-a-altex-cortinas\/\">Como escolher a cortina para sala ideal? Conhe\u00e7a a Altex Cortinas<\/a><\/li>\n<\/ul>\n\n\n\n<h2 class=\"wp-block-heading\">As vantagens da cortina blackout<\/h2>\n\n\n\n<p>As cortinas blackout representam uma solu\u00e7\u00e3o inovadora e extremamente eficaz para diversos desafios enfrentados em ambientes residenciais e comerciais.<\/p>\n\n\n\n<p>Sua popularidade crescente deve-se \u00e0s m\u00faltiplas vantagens que oferecem, indo muito al\u00e9m do simples bloqueio da luz.<\/p>\n\n\n\n<p>Essas cortinas s\u00e3o projetadas para proporcionar um controle superior sobre o ambiente interno, trazendo benef\u00edcios que impactam positivamente no conforto, na privacidade e at\u00e9 mesmo na economia de energia.<\/p>\n\n\n\n<ul class=\"wp-block-list\">\n<li><strong>Controle de luminosidade:<\/strong> A principal fun\u00e7\u00e3o da cortina blackout \u00e9 sua capacidade de bloquear a entrada de luz solar, tornando-as ideais para quartos, salas de cinema em casa e qualquer espa\u00e7o onde se deseje reduzir o brilho e criar um ambiente mais escuro e aconchegante.<\/li>\n<\/ul>\n\n\n\n<ul class=\"wp-block-list\">\n<li><strong>Redu\u00e7\u00e3o de ru\u00eddos externos:<\/strong> Embora n\u00e3o sejam \u00e0 prova de som, o tecido espesso e denso das cortinas blackout pode atenuar ru\u00eddos vindos do exterior, contribuindo para um ambiente interno mais tranquilo e silencioso.<\/li>\n<\/ul>\n\n\n\n<ul class=\"wp-block-list\">\n<li><strong>Privacidade total: <\/strong>Ao bloquear completamente a vis\u00e3o de fora para dentro, essas cortinas garantem total privacidade para os ambientes, sendo uma excelente escolha para quartos, banheiros e outros espa\u00e7os onde a privacidade \u00e9 priorit\u00e1ria.<\/li>\n<\/ul>\n\n\n\n<ul class=\"wp-block-list\">\n<li><strong>Versatilidade est\u00e9tica:<\/strong> Dispon\u00edveis em uma ampla gama de cores, padr\u00f5es e estilos, as cortinas blackout podem ser facilmente integradas a qualquer esquema de decora\u00e7\u00e3o, agregando beleza e estilo aos ambientes al\u00e9m de sua funcionalidade.<\/li>\n<\/ul>\n\n\n<div class=\"wp-block-image is-style-rounded\">\n<figure class=\"alignright is-resized\"><img loading=\"lazy\" decoding=\"async\" width=\"1000\" height=\"668\" src=\"https:\/\/www.altex.com.br\/blog\/wp-content\/uploads\/2024\/02\/fundo-criativo-com-cortina-e-sombra-da-janela.jpg\" alt=\"Cortina Blackout em S\u00e3o Paulo: conhe\u00e7a o fornecedor ideal\" class=\"wp-image-207\" style=\"width:210px;height:auto\"\/><\/figure>\n<\/div>\n\n\n<ul class=\"wp-block-list\">\n<li><strong>Durabilidade:<\/strong> Fabricadas com materiais resistentes, as cortinas blackout tendem a ter uma longa vida \u00fatil, resistindo bem ao desgaste di\u00e1rio e \u00e0 exposi\u00e7\u00e3o solar prolongada sem desbotar.<\/li>\n<\/ul>\n\n\n\n<ul class=\"wp-block-list\">\n<li><strong>Facilidade de manuten\u00e7\u00e3o:<\/strong> A limpeza e manuten\u00e7\u00e3o dessas cortinas s\u00e3o relativamente simples, podendo ser feitas com aspira\u00e7\u00e3o regular ou limpeza a seco, dependendo das instru\u00e7\u00f5es espec\u00edficas do fabricante.<\/li>\n<\/ul>\n\n\n\n<p>Portanto, as cortinas blackout s\u00e3o uma escolha inteligente para quem busca aliar praticidade, conforto e est\u00e9tica na composi\u00e7\u00e3o de seus espa\u00e7os, seja em casa ou no trabalho.<\/p>\n\n\n\n<p>Com tantos benef\u00edcios, n\u00e3o \u00e9 de surpreender que elas tenham se tornado uma escolha popular entre consumidores exigentes que valorizam tanto a funcionalidade quanto o design em seus ambientes.<\/p>\n\n\n\n<ul class=\"wp-block-list\">\n<li><a href=\"https:\/\/www.altex.com.br\/blog\/cortinas\/cortina-no-trilho-por-que-podem-ser-a-escolha-ideal-para-voce\/\">Cortina no trilho: por que podem ser a escolha ideal para voc\u00ea?<\/a><\/li>\n<\/ul>\n\n\n\n<h2 class=\"wp-block-heading\">Altex Cortinas: o melhor fornecedor de cortinas em S\u00e3o Paulo<\/h2>\n\n\n\n<p>Em conclus\u00e3o, ao considerar a aquisi\u00e7\u00e3o de uma cortina blackout em S\u00e3o Paulo, a Altex Cortinas destaca-se como o fornecedor ideal.<\/p>\n\n\n\n<p>A excel\u00eancia da <a href=\"https:\/\/www.altex.com.br\/\">Altex<\/a> n\u00e3o reside apenas na qualidade superior de seus produtos, mas tamb\u00e9m no conhecimento e profissionalismo de seus funcion\u00e1rios, que compreendem profundamente as funcionalidades dos itens que oferecem, al\u00e9m de proporcionarem um servi\u00e7o de instala\u00e7\u00e3o impec\u00e1vel.<\/p>\n\n\n\n<p>Para garantir que sua escolha atenda perfeitamente \u00e0s suas necessidades, n\u00e3o hesite em <a href=\"https:\/\/wa.me\/+5511986372808\">entrar em contato<\/a> com a Altex Cortinas.<\/p>\n\n\n\n<p>A equipe est\u00e1 sempre pronta para oferecer orienta\u00e7\u00e3o especializada, garantindo que voc\u00ea fa\u00e7a a melhor escolha para o seu espa\u00e7o.<\/p>\n\n\n\n<p>Ao buscar mais informa\u00e7\u00f5es e dicas sobre cortinas e decora\u00e7\u00e3o, visite o <a href=\"https:\/\/www.altex.com.br\/blog\">blog<\/a> da Altex. L\u00e1, voc\u00ea encontrar\u00e1 uma riqueza de conte\u00fados que podem inspirar e guiar suas decis\u00f5es de design interior.<\/p>\n","protected":false},"excerpt":{"rendered":"<p><span class=\"rt-reading-time\" style=\"display: block;\"><span class=\"rt-label rt-prefix\">Tempo de leitura<\/span> <span class=\"rt-time\">3<\/span> <span class=\"rt-label rt-postfix\">minutos<\/span><\/span> Descubra o fornecedor ideal de cortina blackout em S\u00e3o Paulo para conforto e efici\u00eancia em seu espa\u00e7o. Confira! Encontrar a cortina blackout ideal em S\u00e3o Paulo pode ser um verdadeiro desafio, dada a vasta gama de op\u00e7\u00f5es dispon\u00edveis no mercado. Esta cidade vibrante, conhecida por sua arquitetura impressionante e ritmo acelerado, exige solu\u00e7\u00f5es pr\u00e1ticas e &hellip; <\/p>\n","protected":false},"author":1,"featured_media":206,"comment_status":"open","ping_status":"open","sticky":false,"template":"","format":"standard","meta":{"footnotes":""},"categories":[1516,10],"tags":[3412,3424,3410,3405,3404,3408,3422,3406,3420,3418,3414,3403,3416,3386,642,670,3411,3423,3409,630,629,3407,3421,631,3419,3417,3413,3402,3415,1867,3172,1845,602,601,1992,1955,603,3165,3161,1911,1767,1933,3396,1683,3395,3398,1705,3397,3388,1595,3387,3390,1617,3389,3392,1639,3391,3394,1661,3393,3401,684,712,3385,1556,3384,3400,1727,3399],"class_list":["post-205","post","type-post","status-publish","format-standard","has-post-thumbnail","hentry","category-cortina-blackout","category-cortinas","tag-blackout-direto-da-fabrica","tag-blackout-em-pinheiros","tag-blackout-em-promocao","tag-blackout-em-sao-paulo","tag-blackout-em-sp","tag-blackout-na-lapa","tag-blackout-na-vila-leopoldina","tag-blackout-na-zona-oeste","tag-blackout-no-butanta","tag-blackout-no-jaguare","tag-blackout-perto-de-mim","tag-blackout-preco","tag-blackout-proximo-a-mim","tag-comprar-blackout","tag-comprar-cortina-blackout","tag-comprar-cortina-blackout-100","tag-cortina-blackout-100-direto-da-fabrica","tag-cortina-blackout-100-em-pinheiros","tag-cortina-blackout-100-em-promocao","tag-cortina-blackout-100-em-sao-paulo","tag-cortina-blackout-100-em-sp","tag-cortina-blackout-100-na-lapa","tag-cortina-blackout-100-na-vila-leopoldina","tag-cortina-blackout-100-na-zona-oeste","tag-cortina-blackout-100-no-butanta","tag-cortina-blackout-100-no-jaguare","tag-cortina-blackout-100-perto-de-mim","tag-cortina-blackout-100-preco","tag-cortina-blackout-100-proximo-a-mim","tag-cortina-blackout-direto-da-fabrica","tag-cortina-blackout-em-pinheiros","tag-cortina-blackout-em-promocao","tag-cortina-blackout-em-sao-paulo","tag-cortina-blackout-em-sp","tag-cortina-blackout-na-lapa","tag-cortina-blackout-na-vila-leopoldina","tag-cortina-blackout-na-zona-oeste","tag-cortina-blackout-no-butanta","tag-cortina-blackout-no-jaguare","tag-cortina-blackout-perto-de-mim","tag-cortina-blackout-preco","tag-cortina-blackout-proximo-a-mim","tag-distribuidor-de-blackout","tag-distribuidor-de-cortina-blackout","tag-distribuidor-de-cortina-blackout-100","tag-distribuidora-de-blackout","tag-distribuidora-de-cortina-blackout","tag-distribuidora-de-cortina-blackout-100","tag-empresa-de-blackout","tag-empresa-de-cortina-blackout","tag-empresa-de-cortina-blackout-100","tag-fabrica-de-blackout","tag-fabrica-de-cortina-blackout","tag-fabrica-de-cortina-blackout-100","tag-fabricante-de-blackout","tag-fabricante-de-cortina-blackout","tag-fabricante-de-cortina-blackout-100","tag-fornecedor-de-blackout","tag-fornecedor-de-cortina-blackout","tag-fornecedor-de-cortina-blackout-100","tag-loja-de-blackout","tag-loja-de-cortina-blackout","tag-loja-de-cortina-blackout-100","tag-onde-encontrar-blackout","tag-onde-encontrar-cortina-blackout","tag-onde-encontrar-cortina-blackout-100","tag-revendedor-de-blackout","tag-revendedor-de-cortina-blackout","tag-revendedor-de-cortina-blackout-100"],"yoast_head":"<!-- This site is optimized with the Yoast SEO plugin v22.5 - https:\/\/yoast.com\/wordpress\/plugins\/seo\/ -->\n<title>Cortina Blackout em S\u00e3o Paulo: conhe\u00e7a o fornecedor ideal - Altex<\/title>\n<meta name=\"description\" content=\"Descubra o fornecedor ideal de cortina blackout em S\u00e3o Paulo para conforto e efici\u00eancia em seu espa\u00e7o. Confira!\" \/>\n<meta name=\"robots\" content=\"index, follow, max-snippet:-1, max-image-preview:large, max-video-preview:-1\" \/>\n<link rel=\"canonical\" href=\"https:\/\/www.altex.com.br\/blog\/cortinas\/cortina-blackout-em-sao-paulo-conheca-o-fornecedor-ideal\/\" \/>\n<meta property=\"og:locale\" content=\"pt_BR\" \/>\n<meta property=\"og:type\" content=\"article\" \/>\n<meta property=\"og:title\" content=\"Cortina Blackout em S\u00e3o Paulo: conhe\u00e7a o fornecedor ideal - Altex\" \/>\n<meta property=\"og:description\" content=\"Descubra o fornecedor ideal de cortina blackout em S\u00e3o Paulo para conforto e efici\u00eancia em seu espa\u00e7o. Confira!\" \/>\n<meta property=\"og:url\" content=\"https:\/\/www.altex.com.br\/blog\/cortinas\/cortina-blackout-em-sao-paulo-conheca-o-fornecedor-ideal\/\" \/>\n<meta property=\"og:site_name\" content=\"Altex\" \/>\n<meta property=\"article:published_time\" content=\"2024-02-19T18:40:54+00:00\" \/>\n<meta property=\"article:modified_time\" content=\"2024-02-19T18:45:20+00:00\" \/>\n<meta property=\"og:image\" content=\"https:\/\/www.altex.com.br\/blog\/wp-content\/uploads\/2024\/02\/design-de-interiores-com-cortinas-brancas.jpg\" \/>\n\t<meta property=\"og:image:width\" content=\"1000\" \/>\n\t<meta property=\"og:image:height\" content=\"665\" \/>\n\t<meta property=\"og:image:type\" content=\"image\/jpeg\" \/>\n<meta name=\"author\" content=\"admin\" \/>\n<meta name=\"twitter:card\" content=\"summary_large_image\" \/>\n<meta name=\"twitter:label1\" content=\"Escrito por\" \/>\n\t<meta name=\"twitter:data1\" content=\"admin\" \/>\n\t<meta name=\"twitter:label2\" content=\"Est. tempo de leitura\" \/>\n\t<meta name=\"twitter:data2\" content=\"4 minutos\" \/>\n<script type=\"application\/ld+json\" class=\"yoast-schema-graph\">{\"@context\":\"https:\/\/schema.org\",\"@graph\":[{\"@type\":\"Article\",\"@id\":\"https:\/\/www.altex.com.br\/blog\/cortinas\/cortina-blackout-em-sao-paulo-conheca-o-fornecedor-ideal\/#article\",\"isPartOf\":{\"@id\":\"https:\/\/www.altex.com.br\/blog\/cortinas\/cortina-blackout-em-sao-paulo-conheca-o-fornecedor-ideal\/\"},\"author\":{\"name\":\"admin\",\"@id\":\"https:\/\/www.altex.com.br\/blog\/#\/schema\/person\/3c2b4dc5fc14bfdd28a6a128d82aa511\"},\"headline\":\"Cortina Blackout em S\u00e3o Paulo: conhe\u00e7a o fornecedor ideal\",\"datePublished\":\"2024-02-19T18:40:54+00:00\",\"dateModified\":\"2024-02-19T18:45:20+00:00\",\"mainEntityOfPage\":{\"@id\":\"https:\/\/www.altex.com.br\/blog\/cortinas\/cortina-blackout-em-sao-paulo-conheca-o-fornecedor-ideal\/\"},\"wordCount\":772,\"commentCount\":0,\"publisher\":{\"@id\":\"https:\/\/www.altex.com.br\/blog\/#organization\"},\"image\":{\"@id\":\"https:\/\/www.altex.com.br\/blog\/cortinas\/cortina-blackout-em-sao-paulo-conheca-o-fornecedor-ideal\/#primaryimage\"},\"thumbnailUrl\":\"https:\/\/www.altex.com.br\/blog\/wp-content\/uploads\/2024\/02\/design-de-interiores-com-cortinas-brancas.jpg\",\"keywords\":[\"blackout direto da fabrica\",\"blackout em pinheiros\",\"blackout em promo\u00e7\u00e3o\",\"blackout em s\u00e3o paulo\",\"blackout em sp\",\"blackout na lapa\",\"blackout na vila leopoldina\",\"blackout na zona oeste\",\"blackout no butant\u00e3\",\"blackout no jaguar\u00e9\",\"blackout perto de mim\",\"blackout pre\u00e7o\",\"blackout pr\u00f3ximo a mim\",\"comprar blackout\",\"comprar cortina blackout\",\"comprar cortina blackout 100%\",\"cortina blackout 100% direto da fabrica\",\"cortina blackout 100% em pinheiros\",\"cortina blackout 100% em promo\u00e7\u00e3o\",\"cortina blackout 100% em S\u00e3o Paulo\",\"cortina blackout 100% em SP\",\"cortina blackout 100% na lapa\",\"cortina blackout 100% na vila leopoldina\",\"cortina blackout 100% na zona oeste\",\"cortina blackout 100% no butant\u00e3\",\"cortina blackout 100% no jaguar\u00e9\",\"cortina blackout 100% perto de mim\",\"cortina blackout 100% pre\u00e7o\",\"cortina blackout 100% pr\u00f3ximo a mim\",\"Cortina Blackout direto da fabrica\",\"cortina blackout em pinheiros\",\"Cortina Blackout em promo\u00e7\u00e3o\",\"cortina blackout em S\u00e3o Paulo\",\"cortina blackout em SP\",\"Cortina Blackout na Lapa\",\"Cortina Blackout na Vila Leopoldina\",\"cortina blackout na zona oeste\",\"cortina blackout no butant\u00e3\",\"cortina blackout no jaguar\u00e9\",\"Cortina Blackout perto de mim\",\"Cortina Blackout pre\u00e7o\",\"Cortina Blackout pr\u00f3ximo a mim\",\"distribuidor de blackout\",\"distribuidor de Cortina Blackout\",\"distribuidor de cortina blackout 100%\",\"distribuidora de blackout\",\"distribuidora de Cortina Blackout\",\"distribuidora de cortina blackout 100%\",\"empresa de blackout\",\"empresa de Cortina Blackout\",\"empresa de cortina blackout 100%\",\"f\u00e1brica de blackout\",\"f\u00e1brica de Cortina Blackout\",\"f\u00e1brica de cortina blackout 100%\",\"fabricante de blackout\",\"fabricante de Cortina Blackout\",\"fabricante de cortina blackout 100%\",\"fornecedor de blackout\",\"fornecedor de Cortina Blackout\",\"fornecedor de cortina blackout 100%\",\"loja de blackout\",\"loja de cortina blackout\",\"loja de cortina blackout 100%\",\"onde encontrar blackout\",\"onde encontrar Cortina Blackout\",\"onde encontrar cortina blackout 100%\",\"revendedor de blackout\",\"revendedor de Cortina Blackout\",\"revendedor de cortina blackout 100%\"],\"articleSection\":[\"Cortina blackout\",\"Cortinas\"],\"inLanguage\":\"pt-BR\",\"potentialAction\":[{\"@type\":\"CommentAction\",\"name\":\"Comment\",\"target\":[\"https:\/\/www.altex.com.br\/blog\/cortinas\/cortina-blackout-em-sao-paulo-conheca-o-fornecedor-ideal\/#respond\"]}]},{\"@type\":\"WebPage\",\"@id\":\"https:\/\/www.altex.com.br\/blog\/cortinas\/cortina-blackout-em-sao-paulo-conheca-o-fornecedor-ideal\/\",\"url\":\"https:\/\/www.altex.com.br\/blog\/cortinas\/cortina-blackout-em-sao-paulo-conheca-o-fornecedor-ideal\/\",\"name\":\"Cortina Blackout em S\u00e3o Paulo: conhe\u00e7a o fornecedor ideal - Altex\",\"isPartOf\":{\"@id\":\"https:\/\/www.altex.com.br\/blog\/#website\"},\"primaryImageOfPage\":{\"@id\":\"https:\/\/www.altex.com.br\/blog\/cortinas\/cortina-blackout-em-sao-paulo-conheca-o-fornecedor-ideal\/#primaryimage\"},\"image\":{\"@id\":\"https:\/\/www.altex.com.br\/blog\/cortinas\/cortina-blackout-em-sao-paulo-conheca-o-fornecedor-ideal\/#primaryimage\"},\"thumbnailUrl\":\"https:\/\/www.altex.com.br\/blog\/wp-content\/uploads\/2024\/02\/design-de-interiores-com-cortinas-brancas.jpg\",\"datePublished\":\"2024-02-19T18:40:54+00:00\",\"dateModified\":\"2024-02-19T18:45:20+00:00\",\"description\":\"Descubra o fornecedor ideal de cortina blackout em S\u00e3o Paulo para conforto e efici\u00eancia em seu espa\u00e7o. Confira!\",\"breadcrumb\":{\"@id\":\"https:\/\/www.altex.com.br\/blog\/cortinas\/cortina-blackout-em-sao-paulo-conheca-o-fornecedor-ideal\/#breadcrumb\"},\"inLanguage\":\"pt-BR\",\"potentialAction\":[{\"@type\":\"ReadAction\",\"target\":[\"https:\/\/www.altex.com.br\/blog\/cortinas\/cortina-blackout-em-sao-paulo-conheca-o-fornecedor-ideal\/\"]}]},{\"@type\":\"ImageObject\",\"inLanguage\":\"pt-BR\",\"@id\":\"https:\/\/www.altex.com.br\/blog\/cortinas\/cortina-blackout-em-sao-paulo-conheca-o-fornecedor-ideal\/#primaryimage\",\"url\":\"https:\/\/www.altex.com.br\/blog\/wp-content\/uploads\/2024\/02\/design-de-interiores-com-cortinas-brancas.jpg\",\"contentUrl\":\"https:\/\/www.altex.com.br\/blog\/wp-content\/uploads\/2024\/02\/design-de-interiores-com-cortinas-brancas.jpg\",\"width\":1000,\"height\":665,\"caption\":\"Cortina Blackout em S\u00e3o Paulo: conhe\u00e7a o fornecedor ideal\"},{\"@type\":\"BreadcrumbList\",\"@id\":\"https:\/\/www.altex.com.br\/blog\/cortinas\/cortina-blackout-em-sao-paulo-conheca-o-fornecedor-ideal\/#breadcrumb\",\"itemListElement\":[{\"@type\":\"ListItem\",\"position\":1,\"name\":\"In\u00edcio\",\"item\":\"https:\/\/www.altex.com.br\/blog\/\"},{\"@type\":\"ListItem\",\"position\":2,\"name\":\"Cortina Blackout em S\u00e3o Paulo: conhe\u00e7a o fornecedor ideal\"}]},{\"@type\":\"WebSite\",\"@id\":\"https:\/\/www.altex.com.br\/blog\/#website\",\"url\":\"https:\/\/www.altex.com.br\/blog\/\",\"name\":\"Altex\",\"description\":\"Blog\",\"publisher\":{\"@id\":\"https:\/\/www.altex.com.br\/blog\/#organization\"},\"potentialAction\":[{\"@type\":\"SearchAction\",\"target\":{\"@type\":\"EntryPoint\",\"urlTemplate\":\"https:\/\/www.altex.com.br\/blog\/?s={search_term_string}\"},\"query-input\":\"required name=search_term_string\"}],\"inLanguage\":\"pt-BR\"},{\"@type\":\"Organization\",\"@id\":\"https:\/\/www.altex.com.br\/blog\/#organization\",\"name\":\"Altex\",\"url\":\"https:\/\/www.altex.com.br\/blog\/\",\"logo\":{\"@type\":\"ImageObject\",\"inLanguage\":\"pt-BR\",\"@id\":\"https:\/\/www.altex.com.br\/blog\/#\/schema\/logo\/image\/\",\"url\":\"https:\/\/www.altex.com.br\/blog\/wp-content\/uploads\/2022\/08\/altex-logo.png\",\"contentUrl\":\"https:\/\/www.altex.com.br\/blog\/wp-content\/uploads\/2022\/08\/altex-logo.png\",\"width\":155,\"height\":98,\"caption\":\"Altex\"},\"image\":{\"@id\":\"https:\/\/www.altex.com.br\/blog\/#\/schema\/logo\/image\/\"}},{\"@type\":\"Person\",\"@id\":\"https:\/\/www.altex.com.br\/blog\/#\/schema\/person\/3c2b4dc5fc14bfdd28a6a128d82aa511\",\"name\":\"admin\",\"image\":{\"@type\":\"ImageObject\",\"inLanguage\":\"pt-BR\",\"@id\":\"https:\/\/www.altex.com.br\/blog\/#\/schema\/person\/image\/\",\"url\":\"https:\/\/secure.gravatar.com\/avatar\/3813f53848958b8842eeafda91666185a90010f65ed554379b78794cde6f234a?s=96&d=mm&r=g\",\"contentUrl\":\"https:\/\/secure.gravatar.com\/avatar\/3813f53848958b8842eeafda91666185a90010f65ed554379b78794cde6f234a?s=96&d=mm&r=g\",\"caption\":\"admin\"},\"sameAs\":[\"https:\/\/altex.com.br\/blog\"],\"url\":\"https:\/\/www.altex.com.br\/blog\/author\/admin\/\"}]}<\/script>\n<!-- \/ Yoast SEO plugin. -->","yoast_head_json":{"title":"Cortina Blackout em S\u00e3o Paulo: conhe\u00e7a o fornecedor ideal - Altex","description":"Descubra o fornecedor ideal de cortina blackout em S\u00e3o Paulo para conforto e efici\u00eancia em seu espa\u00e7o. Confira!","robots":{"index":"index","follow":"follow","max-snippet":"max-snippet:-1","max-image-preview":"max-image-preview:large","max-video-preview":"max-video-preview:-1"},"canonical":"https:\/\/www.altex.com.br\/blog\/cortinas\/cortina-blackout-em-sao-paulo-conheca-o-fornecedor-ideal\/","og_locale":"pt_BR","og_type":"article","og_title":"Cortina Blackout em S\u00e3o Paulo: conhe\u00e7a o fornecedor ideal - Altex","og_description":"Descubra o fornecedor ideal de cortina blackout em S\u00e3o Paulo para conforto e efici\u00eancia em seu espa\u00e7o. Confira!","og_url":"https:\/\/www.altex.com.br\/blog\/cortinas\/cortina-blackout-em-sao-paulo-conheca-o-fornecedor-ideal\/","og_site_name":"Altex","article_published_time":"2024-02-19T18:40:54+00:00","article_modified_time":"2024-02-19T18:45:20+00:00","og_image":[{"width":1000,"height":665,"url":"https:\/\/www.altex.com.br\/blog\/wp-content\/uploads\/2024\/02\/design-de-interiores-com-cortinas-brancas.jpg","type":"image\/jpeg"}],"author":"admin","twitter_card":"summary_large_image","twitter_misc":{"Escrito por":"admin","Est. tempo de leitura":"4 minutos"},"schema":{"@context":"https:\/\/schema.org","@graph":[{"@type":"Article","@id":"https:\/\/www.altex.com.br\/blog\/cortinas\/cortina-blackout-em-sao-paulo-conheca-o-fornecedor-ideal\/#article","isPartOf":{"@id":"https:\/\/www.altex.com.br\/blog\/cortinas\/cortina-blackout-em-sao-paulo-conheca-o-fornecedor-ideal\/"},"author":{"name":"admin","@id":"https:\/\/www.altex.com.br\/blog\/#\/schema\/person\/3c2b4dc5fc14bfdd28a6a128d82aa511"},"headline":"Cortina Blackout em S\u00e3o Paulo: conhe\u00e7a o fornecedor ideal","datePublished":"2024-02-19T18:40:54+00:00","dateModified":"2024-02-19T18:45:20+00:00","mainEntityOfPage":{"@id":"https:\/\/www.altex.com.br\/blog\/cortinas\/cortina-blackout-em-sao-paulo-conheca-o-fornecedor-ideal\/"},"wordCount":772,"commentCount":0,"publisher":{"@id":"https:\/\/www.altex.com.br\/blog\/#organization"},"image":{"@id":"https:\/\/www.altex.com.br\/blog\/cortinas\/cortina-blackout-em-sao-paulo-conheca-o-fornecedor-ideal\/#primaryimage"},"thumbnailUrl":"https:\/\/www.altex.com.br\/blog\/wp-content\/uploads\/2024\/02\/design-de-interiores-com-cortinas-brancas.jpg","keywords":["blackout direto da fabrica","blackout em pinheiros","blackout em promo\u00e7\u00e3o","blackout em s\u00e3o paulo","blackout em sp","blackout na lapa","blackout na vila leopoldina","blackout na zona oeste","blackout no butant\u00e3","blackout no jaguar\u00e9","blackout perto de mim","blackout pre\u00e7o","blackout pr\u00f3ximo a mim","comprar blackout","comprar cortina blackout","comprar cortina blackout 100%","cortina blackout 100% direto da fabrica","cortina blackout 100% em pinheiros","cortina blackout 100% em promo\u00e7\u00e3o","cortina blackout 100% em S\u00e3o Paulo","cortina blackout 100% em SP","cortina blackout 100% na lapa","cortina blackout 100% na vila leopoldina","cortina blackout 100% na zona oeste","cortina blackout 100% no butant\u00e3","cortina blackout 100% no jaguar\u00e9","cortina blackout 100% perto de mim","cortina blackout 100% pre\u00e7o","cortina blackout 100% pr\u00f3ximo a mim","Cortina Blackout direto da fabrica","cortina blackout em pinheiros","Cortina Blackout em promo\u00e7\u00e3o","cortina blackout em S\u00e3o Paulo","cortina blackout em SP","Cortina Blackout na Lapa","Cortina Blackout na Vila Leopoldina","cortina blackout na zona oeste","cortina blackout no butant\u00e3","cortina blackout no jaguar\u00e9","Cortina Blackout perto de mim","Cortina Blackout pre\u00e7o","Cortina Blackout pr\u00f3ximo a mim","distribuidor de blackout","distribuidor de Cortina Blackout","distribuidor de cortina blackout 100%","distribuidora de blackout","distribuidora de Cortina Blackout","distribuidora de cortina blackout 100%","empresa de blackout","empresa de Cortina Blackout","empresa de cortina blackout 100%","f\u00e1brica de blackout","f\u00e1brica de Cortina Blackout","f\u00e1brica de cortina blackout 100%","fabricante de blackout","fabricante de Cortina Blackout","fabricante de cortina blackout 100%","fornecedor de blackout","fornecedor de Cortina Blackout","fornecedor de cortina blackout 100%","loja de blackout","loja de cortina blackout","loja de cortina blackout 100%","onde encontrar blackout","onde encontrar Cortina Blackout","onde encontrar cortina blackout 100%","revendedor de blackout","revendedor de Cortina Blackout","revendedor de cortina blackout 100%"],"articleSection":["Cortina blackout","Cortinas"],"inLanguage":"pt-BR","potentialAction":[{"@type":"CommentAction","name":"Comment","target":["https:\/\/www.altex.com.br\/blog\/cortinas\/cortina-blackout-em-sao-paulo-conheca-o-fornecedor-ideal\/#respond"]}]},{"@type":"WebPage","@id":"https:\/\/www.altex.com.br\/blog\/cortinas\/cortina-blackout-em-sao-paulo-conheca-o-fornecedor-ideal\/","url":"https:\/\/www.altex.com.br\/blog\/cortinas\/cortina-blackout-em-sao-paulo-conheca-o-fornecedor-ideal\/","name":"Cortina Blackout em S\u00e3o Paulo: conhe\u00e7a o fornecedor ideal - Altex","isPartOf":{"@id":"https:\/\/www.altex.com.br\/blog\/#website"},"primaryImageOfPage":{"@id":"https:\/\/www.altex.com.br\/blog\/cortinas\/cortina-blackout-em-sao-paulo-conheca-o-fornecedor-ideal\/#primaryimage"},"image":{"@id":"https:\/\/www.altex.com.br\/blog\/cortinas\/cortina-blackout-em-sao-paulo-conheca-o-fornecedor-ideal\/#primaryimage"},"thumbnailUrl":"https:\/\/www.altex.com.br\/blog\/wp-content\/uploads\/2024\/02\/design-de-interiores-com-cortinas-brancas.jpg","datePublished":"2024-02-19T18:40:54+00:00","dateModified":"2024-02-19T18:45:20+00:00","description":"Descubra o fornecedor ideal de cortina blackout em S\u00e3o Paulo para conforto e efici\u00eancia em seu espa\u00e7o. Confira!","breadcrumb":{"@id":"https:\/\/www.altex.com.br\/blog\/cortinas\/cortina-blackout-em-sao-paulo-conheca-o-fornecedor-ideal\/#breadcrumb"},"inLanguage":"pt-BR","potentialAction":[{"@type":"ReadAction","target":["https:\/\/www.altex.com.br\/blog\/cortinas\/cortina-blackout-em-sao-paulo-conheca-o-fornecedor-ideal\/"]}]},{"@type":"ImageObject","inLanguage":"pt-BR","@id":"https:\/\/www.altex.com.br\/blog\/cortinas\/cortina-blackout-em-sao-paulo-conheca-o-fornecedor-ideal\/#primaryimage","url":"https:\/\/www.altex.com.br\/blog\/wp-content\/uploads\/2024\/02\/design-de-interiores-com-cortinas-brancas.jpg","contentUrl":"https:\/\/www.altex.com.br\/blog\/wp-content\/uploads\/2024\/02\/design-de-interiores-com-cortinas-brancas.jpg","width":1000,"height":665,"caption":"Cortina Blackout em S\u00e3o Paulo: conhe\u00e7a o fornecedor ideal"},{"@type":"BreadcrumbList","@id":"https:\/\/www.altex.com.br\/blog\/cortinas\/cortina-blackout-em-sao-paulo-conheca-o-fornecedor-ideal\/#breadcrumb","itemListElement":[{"@type":"ListItem","position":1,"name":"In\u00edcio","item":"https:\/\/www.altex.com.br\/blog\/"},{"@type":"ListItem","position":2,"name":"Cortina Blackout em S\u00e3o Paulo: conhe\u00e7a o fornecedor ideal"}]},{"@type":"WebSite","@id":"https:\/\/www.altex.com.br\/blog\/#website","url":"https:\/\/www.altex.com.br\/blog\/","name":"Altex","description":"Blog","publisher":{"@id":"https:\/\/www.altex.com.br\/blog\/#organization"},"potentialAction":[{"@type":"SearchAction","target":{"@type":"EntryPoint","urlTemplate":"https:\/\/www.altex.com.br\/blog\/?s={search_term_string}"},"query-input":"required name=search_term_string"}],"inLanguage":"pt-BR"},{"@type":"Organization","@id":"https:\/\/www.altex.com.br\/blog\/#organization","name":"Altex","url":"https:\/\/www.altex.com.br\/blog\/","logo":{"@type":"ImageObject","inLanguage":"pt-BR","@id":"https:\/\/www.altex.com.br\/blog\/#\/schema\/logo\/image\/","url":"https:\/\/www.altex.com.br\/blog\/wp-content\/uploads\/2022\/08\/altex-logo.png","contentUrl":"https:\/\/www.altex.com.br\/blog\/wp-content\/uploads\/2022\/08\/altex-logo.png","width":155,"height":98,"caption":"Altex"},"image":{"@id":"https:\/\/www.altex.com.br\/blog\/#\/schema\/logo\/image\/"}},{"@type":"Person","@id":"https:\/\/www.altex.com.br\/blog\/#\/schema\/person\/3c2b4dc5fc14bfdd28a6a128d82aa511","name":"admin","image":{"@type":"ImageObject","inLanguage":"pt-BR","@id":"https:\/\/www.altex.com.br\/blog\/#\/schema\/person\/image\/","url":"https:\/\/secure.gravatar.com\/avatar\/3813f53848958b8842eeafda91666185a90010f65ed554379b78794cde6f234a?s=96&d=mm&r=g","contentUrl":"https:\/\/secure.gravatar.com\/avatar\/3813f53848958b8842eeafda91666185a90010f65ed554379b78794cde6f234a?s=96&d=mm&r=g","caption":"admin"},"sameAs":["https:\/\/altex.com.br\/blog"],"url":"https:\/\/www.altex.com.br\/blog\/author\/admin\/"}]}},"_links":{"self":[{"href":"https:\/\/www.altex.com.br\/blog\/wp-json\/wp\/v2\/posts\/205","targetHints":{"allow":["GET"]}}],"collection":[{"href":"https:\/\/www.altex.com.br\/blog\/wp-json\/wp\/v2\/posts"}],"about":[{"href":"https:\/\/www.altex.com.br\/blog\/wp-json\/wp\/v2\/types\/post"}],"author":[{"embeddable":true,"href":"https:\/\/www.altex.com.br\/blog\/wp-json\/wp\/v2\/users\/1"}],"replies":[{"embeddable":true,"href":"https:\/\/www.altex.com.br\/blog\/wp-json\/wp\/v2\/comments?post=205"}],"version-history":[{"count":1,"href":"https:\/\/www.altex.com.br\/blog\/wp-json\/wp\/v2\/posts\/205\/revisions"}],"predecessor-version":[{"id":208,"href":"https:\/\/www.altex.com.br\/blog\/wp-json\/wp\/v2\/posts\/205\/revisions\/208"}],"wp:featuredmedia":[{"embeddable":true,"href":"https:\/\/www.altex.com.br\/blog\/wp-json\/wp\/v2\/media\/206"}],"wp:attachment":[{"href":"https:\/\/www.altex.com.br\/blog\/wp-json\/wp\/v2\/media?parent=205"}],"wp:term":[{"taxonomy":"category","embeddable":true,"href":"https:\/\/www.altex.com.br\/blog\/wp-json\/wp\/v2\/categories?post=205"},{"taxonomy":"post_tag","embeddable":true,"href":"https:\/\/www.altex.com.br\/blog\/wp-json\/wp\/v2\/tags?post=205"}],"curies":[{"name":"wp","href":"https:\/\/api.w.org\/{rel}","templated":true}]}}