{"id":190,"date":"2024-01-15T14:27:50","date_gmt":"2024-01-15T14:27:50","guid":{"rendered":"https:\/\/www.altex.com.br\/blog\/?p=190"},"modified":"2024-01-15T14:52:48","modified_gmt":"2024-01-15T14:52:48","slug":"como-escolher-a-cortina-para-sala-ideal-conheca-a-altex-cortinas","status":"publish","type":"post","link":"https:\/\/www.altex.com.br\/blog\/cortinas\/como-escolher-a-cortina-para-sala-ideal-conheca-a-altex-cortinas\/","title":{"rendered":"Como escolher a cortina para sala ideal? Conhe\u00e7a a Altex Cortinas"},"content":{"rendered":"<span class=\"rt-reading-time\" style=\"display: block;\"><span class=\"rt-label rt-prefix\">Tempo de leitura<\/span> <span class=\"rt-time\">5<\/span> <span class=\"rt-label rt-postfix\">minutos<\/span><\/span>\n<p class=\"has-medium-font-size\"><strong><em>Descubra dicas essenciais para escolher a cortina para sala ideal, harmonizando estilo e funcionalidade em sua decora\u00e7\u00e3o.<\/em><\/strong><\/p>\n\n\n\n<p>Escolher a cortina ideal para a sala pode parecer um desafio, mas com as informa\u00e7\u00f5es certas, essa tarefa se torna uma agrad\u00e1vel jornada de decora\u00e7\u00e3o.<\/p>\n\n\n\n<p>A cortina para sala n\u00e3o \u00e9 apenas um item de decora\u00e7\u00e3o, mas tamb\u00e9m um elemento fundamental na cria\u00e7\u00e3o de um ambiente acolhedor e esteticamente agrad\u00e1vel.<\/p>\n\n\n\n<p>Com uma <strong>variedade de estilos, tecidos e mecanismos de suspens\u00e3o<\/strong>, as op\u00e7\u00f5es parecem infinitas.<\/p>\n\n\n\n<p>Ao considerar aspectos como ilumina\u00e7\u00e3o, privacidade e o estilo do ambiente, voc\u00ea pode encontrar a combina\u00e7\u00e3o perfeita que reflete sua personalidade e atende \u00e0s suas necessidades.<\/p>\n\n\n\n<p>Ao mergulhar no universo das cortinas, \u00e9 importante entender que cada detalhe conta na composi\u00e7\u00e3o do ambiente.<\/p>\n\n\n\n<p>Desde a escolha do tecido at\u00e9 o tipo de instala\u00e7\u00e3o, cada elemento contribui para a atmosfera da sala.<\/p>\n\n\n\n<p>Neste artigo, exploraremos algumas op\u00e7\u00f5es populares e dicas para ajud\u00e1-lo a fazer a escolha ideal, considerando n\u00e3o s\u00f3 a est\u00e9tica, mas tamb\u00e9m a funcionalidade e a qualidade, caracter\u00edsticas marcantes da Altex Cortinas.<\/p>\n\n\n\n<ul class=\"wp-block-list\">\n<li><a href=\"https:\/\/www.altex.com.br\/blog\/persianas\/saiba-onde-encontrar-persiana-em-laminas\/\">Saiba onde encontrar persiana em l\u00e2minas<\/a><\/li>\n<\/ul>\n\n\n\n<div id=\"ez-toc-container\" class=\"ez-toc-v2_0_65 counter-hierarchy ez-toc-counter ez-toc-grey ez-toc-container-direction\">\n<div class=\"ez-toc-title-container\">\n<p class=\"ez-toc-title \" >Table of Contents<\/p>\n<span class=\"ez-toc-title-toggle\"><a href=\"#\" class=\"ez-toc-pull-right ez-toc-btn ez-toc-btn-xs ez-toc-btn-default ez-toc-toggle\" aria-label=\"Toggle Table of Content\"><span class=\"ez-toc-js-icon-con\"><span class=\"\"><span class=\"eztoc-hide\" style=\"display:none;\">Toggle<\/span><span class=\"ez-toc-icon-toggle-span\"><svg style=\"fill: #999;color:#999\" xmlns=\"http:\/\/www.w3.org\/2000\/svg\" class=\"list-377408\" width=\"20px\" height=\"20px\" viewBox=\"0 0 24 24\" fill=\"none\"><path d=\"M6 6H4v2h2V6zm14 0H8v2h12V6zM4 11h2v2H4v-2zm16 0H8v2h12v-2zM4 16h2v2H4v-2zm16 0H8v2h12v-2z\" fill=\"currentColor\"><\/path><\/svg><svg style=\"fill: #999;color:#999\" class=\"arrow-unsorted-368013\" xmlns=\"http:\/\/www.w3.org\/2000\/svg\" width=\"10px\" height=\"10px\" viewBox=\"0 0 24 24\" version=\"1.2\" baseProfile=\"tiny\"><path d=\"M18.2 9.3l-6.2-6.3-6.2 6.3c-.2.2-.3.4-.3.7s.1.5.3.7c.2.2.4.3.7.3h11c.3 0 .5-.1.7-.3.2-.2.3-.5.3-.7s-.1-.5-.3-.7zM5.8 14.7l6.2 6.3 6.2-6.3c.2-.2.3-.5.3-.7s-.1-.5-.3-.7c-.2-.2-.4-.3-.7-.3h-11c-.3 0-.5.1-.7.3-.2.2-.3.5-.3.7s.1.5.3.7z\"\/><\/svg><\/span><\/span><\/span><\/a><\/span><\/div>\n<nav><ul class='ez-toc-list ez-toc-list-level-1 ' ><li class='ez-toc-page-1 ez-toc-heading-level-2'><a class=\"ez-toc-link ez-toc-heading-1\" href=\"https:\/\/www.altex.com.br\/blog\/cortinas\/como-escolher-a-cortina-para-sala-ideal-conheca-a-altex-cortinas\/#Uma_escolha_dificil_no_varao_ou_no_trilho\" title=\"Uma escolha dif\u00edcil: no var\u00e3o ou no trilho?\">Uma escolha dif\u00edcil: no var\u00e3o ou no trilho?<\/a><ul class='ez-toc-list-level-3' ><li class='ez-toc-heading-level-3'><a class=\"ez-toc-link ez-toc-heading-2\" href=\"https:\/\/www.altex.com.br\/blog\/cortinas\/como-escolher-a-cortina-para-sala-ideal-conheca-a-altex-cortinas\/#No_Varao\" title=\"No Var\u00e3o\">No Var\u00e3o<\/a><\/li><li class='ez-toc-page-1 ez-toc-heading-level-3'><a class=\"ez-toc-link ez-toc-heading-3\" href=\"https:\/\/www.altex.com.br\/blog\/cortinas\/como-escolher-a-cortina-para-sala-ideal-conheca-a-altex-cortinas\/#No_Trilho\" title=\"No Trilho\">No Trilho<\/a><\/li><\/ul><\/li><li class='ez-toc-page-1 ez-toc-heading-level-2'><a class=\"ez-toc-link ez-toc-heading-4\" href=\"https:\/\/www.altex.com.br\/blog\/cortinas\/como-escolher-a-cortina-para-sala-ideal-conheca-a-altex-cortinas\/#Franzidos_Pregas_ou_Waves_qual_escolher\" title=\"Franzidos, Pregas ou Waves: qual escolher?\">Franzidos, Pregas ou Waves: qual escolher?<\/a><ul class='ez-toc-list-level-3' ><li class='ez-toc-heading-level-3'><a class=\"ez-toc-link ez-toc-heading-5\" href=\"https:\/\/www.altex.com.br\/blog\/cortinas\/como-escolher-a-cortina-para-sala-ideal-conheca-a-altex-cortinas\/#Franzidos\" title=\"Franzidos\">Franzidos<\/a><\/li><li class='ez-toc-page-1 ez-toc-heading-level-3'><a class=\"ez-toc-link ez-toc-heading-6\" href=\"https:\/\/www.altex.com.br\/blog\/cortinas\/como-escolher-a-cortina-para-sala-ideal-conheca-a-altex-cortinas\/#Pregas\" title=\"Pregas\">Pregas<\/a><\/li><li class='ez-toc-page-1 ez-toc-heading-level-3'><a class=\"ez-toc-link ez-toc-heading-7\" href=\"https:\/\/www.altex.com.br\/blog\/cortinas\/como-escolher-a-cortina-para-sala-ideal-conheca-a-altex-cortinas\/#Waves\" title=\"Waves\">Waves<\/a><\/li><\/ul><\/li><li class='ez-toc-page-1 ez-toc-heading-level-2'><a class=\"ez-toc-link ez-toc-heading-8\" href=\"https:\/\/www.altex.com.br\/blog\/cortinas\/como-escolher-a-cortina-para-sala-ideal-conheca-a-altex-cortinas\/#Com_forro_ou_sem_Descubra_os_diferentes_tecidos_de_cortinas_oferecidos_pela_Altex\" title=\"Com forro ou sem? Descubra os diferentes tecidos de cortinas oferecidos pela Altex&nbsp;\">Com forro ou sem? Descubra os diferentes tecidos de cortinas oferecidos pela Altex&nbsp;<\/a><ul class='ez-toc-list-level-3' ><li class='ez-toc-heading-level-3'><a class=\"ez-toc-link ez-toc-heading-9\" href=\"https:\/\/www.altex.com.br\/blog\/cortinas\/como-escolher-a-cortina-para-sala-ideal-conheca-a-altex-cortinas\/#Com_Forro\" title=\"Com Forro\">Com Forro<\/a><\/li><li class='ez-toc-page-1 ez-toc-heading-level-3'><a class=\"ez-toc-link ez-toc-heading-10\" href=\"https:\/\/www.altex.com.br\/blog\/cortinas\/como-escolher-a-cortina-para-sala-ideal-conheca-a-altex-cortinas\/#Sem_Forro\" title=\"Sem Forro\">Sem Forro<\/a><\/li><li class='ez-toc-page-1 ez-toc-heading-level-3'><a class=\"ez-toc-link ez-toc-heading-11\" href=\"https:\/\/www.altex.com.br\/blog\/cortinas\/como-escolher-a-cortina-para-sala-ideal-conheca-a-altex-cortinas\/#Diversidade_de_Tecidos\" title=\"Diversidade de Tecidos\">Diversidade de Tecidos<\/a><ul class='ez-toc-list-level-4' ><li class='ez-toc-heading-level-4'><a class=\"ez-toc-link ez-toc-heading-12\" href=\"https:\/\/www.altex.com.br\/blog\/cortinas\/como-escolher-a-cortina-para-sala-ideal-conheca-a-altex-cortinas\/#Voil\" title=\"Voil\">Voil<\/a><\/li><li class='ez-toc-page-1 ez-toc-heading-level-4'><a class=\"ez-toc-link ez-toc-heading-13\" href=\"https:\/\/www.altex.com.br\/blog\/cortinas\/como-escolher-a-cortina-para-sala-ideal-conheca-a-altex-cortinas\/#Tafeta\" title=\"Tafet\u00e1\">Tafet\u00e1<\/a><\/li><li class='ez-toc-page-1 ez-toc-heading-level-4'><a class=\"ez-toc-link ez-toc-heading-14\" href=\"https:\/\/www.altex.com.br\/blog\/cortinas\/como-escolher-a-cortina-para-sala-ideal-conheca-a-altex-cortinas\/#Shantung\" title=\"Shantung\">Shantung<\/a><\/li><li class='ez-toc-page-1 ez-toc-heading-level-4'><a class=\"ez-toc-link ez-toc-heading-15\" href=\"https:\/\/www.altex.com.br\/blog\/cortinas\/como-escolher-a-cortina-para-sala-ideal-conheca-a-altex-cortinas\/#Microfibra\" title=\"Microfibra\">Microfibra<\/a><\/li><li class='ez-toc-page-1 ez-toc-heading-level-4'><a class=\"ez-toc-link ez-toc-heading-16\" href=\"https:\/\/www.altex.com.br\/blog\/cortinas\/como-escolher-a-cortina-para-sala-ideal-conheca-a-altex-cortinas\/#Gaze\" title=\"Gaze\">Gaze<\/a><\/li><li class='ez-toc-page-1 ez-toc-heading-level-4'><a class=\"ez-toc-link ez-toc-heading-17\" href=\"https:\/\/www.altex.com.br\/blog\/cortinas\/como-escolher-a-cortina-para-sala-ideal-conheca-a-altex-cortinas\/#Gorgurinho\" title=\"Gorgurinho\">Gorgurinho<\/a><\/li><li class='ez-toc-page-1 ez-toc-heading-level-4'><a class=\"ez-toc-link ez-toc-heading-18\" href=\"https:\/\/www.altex.com.br\/blog\/cortinas\/como-escolher-a-cortina-para-sala-ideal-conheca-a-altex-cortinas\/#Cetim\" title=\"Cetim\">Cetim<\/a><\/li><li class='ez-toc-page-1 ez-toc-heading-level-4'><a class=\"ez-toc-link ez-toc-heading-19\" href=\"https:\/\/www.altex.com.br\/blog\/cortinas\/como-escolher-a-cortina-para-sala-ideal-conheca-a-altex-cortinas\/#Blackout_80_ou_100\" title=\"Blackout 80% ou 100%\">Blackout 80% ou 100%<\/a><\/li><\/ul><\/li><\/ul><\/li><li class='ez-toc-page-1 ez-toc-heading-level-2'><a class=\"ez-toc-link ez-toc-heading-20\" href=\"https:\/\/www.altex.com.br\/blog\/cortinas\/como-escolher-a-cortina-para-sala-ideal-conheca-a-altex-cortinas\/#Altex_Cortinas_a_fornecedora_ideal_de_cortinas\" title=\"Altex Cortinas: a fornecedora ideal de cortinas\">Altex Cortinas: a fornecedora ideal de cortinas<\/a><\/li><\/ul><\/nav><\/div>\n<h2 class=\"wp-block-heading\"><span class=\"ez-toc-section\" id=\"Uma_escolha_dificil_no_varao_ou_no_trilho\"><\/span>Uma escolha dif\u00edcil: no var\u00e3o ou no trilho?<span class=\"ez-toc-section-end\"><\/span><\/h2>\n\n\n\n<h3 class=\"wp-block-heading\"><span class=\"ez-toc-section\" id=\"No_Varao\"><\/span>No Var\u00e3o<span class=\"ez-toc-section-end\"><\/span><\/h3>\n\n\n\n<p>Optar pelo var\u00e3o significa escolher um visual mais exposto e decorativo. As cortinas s\u00e3o apoiadas em uma vara, ficando aparentes e contribuindo para a decora\u00e7\u00e3o da sala.<\/p>\n\n\n<div class=\"wp-block-image is-style-rounded\">\n<figure class=\"alignright is-resized\"><img loading=\"lazy\" decoding=\"async\" width=\"1000\" height=\"667\" src=\"https:\/\/www.altex.com.br\/blog\/wp-content\/uploads\/2024\/01\/cortina-com-luz-solar-1.jpg\" alt=\"Como escolher a cortina para sala ideal? Conhe\u00e7a a Altex Cortinas\" class=\"wp-image-191\" style=\"width:195px;height:auto\"\/><\/figure>\n<\/div>\n\n\n<p>Existem v\u00e1rias op\u00e7\u00f5es de fixa\u00e7\u00e3o, como argolas, ilhoses ou al\u00e7as, cada uma oferecendo um estilo distinto.<\/p>\n\n\n\n<p>Cortinas no var\u00e3o s\u00e3o ideais para quem busca praticidade na instala\u00e7\u00e3o e manuten\u00e7\u00e3o, al\u00e9m de oferecerem uma vasta gama de op\u00e7\u00f5es decorativas.<\/p>\n\n\n\n<h3 class=\"wp-block-heading\"><span class=\"ez-toc-section\" id=\"No_Trilho\"><\/span>No Trilho<span class=\"ez-toc-section-end\"><\/span><\/h3>\n\n\n\n<p>As cortinas no trilho s\u00e3o uma escolha elegante e pr\u00e1tica. Podem ser instaladas em um cortineiro, oferecendo um acabamento discreto, ou utilizando um band\u00f4 com forro para o trilho, agregando um toque decorativo ao ambiente.<\/p>\n\n\n\n<p>As op\u00e7\u00f5es incluem trilhos embutidos (Max) para um visual mais limpo e minimalista, e trilhos aparentes (Tubo\/Su\u00ed\u00e7os) para quem prefere um estilo mais cl\u00e1ssico.<\/p>\n\n\n\n<p>A vantagem dos trilhos \u00e9 a facilidade de manuseio e a possibilidade de criar um efeito mais &#8220;clean&#8221; no ambiente.<\/p>\n\n\n\n<h2 class=\"wp-block-heading\"><span class=\"ez-toc-section\" id=\"Franzidos_Pregas_ou_Waves_qual_escolher\"><\/span>Franzidos, Pregas ou Waves: qual escolher?<span class=\"ez-toc-section-end\"><\/span><\/h2>\n\n\n\n<h3 class=\"wp-block-heading\"><span class=\"ez-toc-section\" id=\"Franzidos\"><\/span>Franzidos<span class=\"ez-toc-section-end\"><\/span><\/h3>\n\n\n\n<p>Os franzidos s\u00e3o uma op\u00e7\u00e3o tradicional e vers\u00e1til, criando um efeito volumoso e cl\u00e1ssico. Esta escolha \u00e9 perfeita para quem busca uma cortina com uma apar\u00eancia mais cheia e decorativa, ideal para tecidos leves e fluidos.<\/p>\n\n\n\n<h3 class=\"wp-block-heading\"><span class=\"ez-toc-section\" id=\"Pregas\"><\/span>Pregas<span class=\"ez-toc-section-end\"><\/span><\/h3>\n\n\n\n<p>As pregas oferecem um visual mais estruturado e formal. Existem diversos tipos, como pregas americanas ou francesas, cada uma criando um efeito \u00fanico. S\u00e3o ideais para tecidos mais encorpados, conferindo eleg\u00e2ncia e sofistica\u00e7\u00e3o ao ambiente.<\/p>\n\n\n\n<h3 class=\"wp-block-heading\"><span class=\"ez-toc-section\" id=\"Waves\"><\/span>Waves<span class=\"ez-toc-section-end\"><\/span><\/h3>\n\n\n\n<p>O estilo wave \u00e9 moderno e minimalista, caracterizado por ondas suaves e uniformes. \u00c9 uma excelente escolha para quem prefere um visual contempor\u00e2neo e limpo, funcionando bem com a maioria dos tecidos.<\/p>\n\n\n\n<ul class=\"wp-block-list\">\n<li><a href=\"https:\/\/www.altex.com.br\/blog\/papel-de-parede\/descubra-o-melhor-fornecedor-de-papel-de-parede-em-sao-paulo\/\">Descubra o melhor fornecedor de papel de parede em S\u00e3o Paulo<\/a><\/li>\n<\/ul>\n\n\n\n<h2 class=\"wp-block-heading\"><span class=\"ez-toc-section\" id=\"Com_forro_ou_sem_Descubra_os_diferentes_tecidos_de_cortinas_oferecidos_pela_Altex\"><\/span>Com forro ou sem? Descubra os diferentes tecidos de cortinas oferecidos pela Altex&nbsp;<span class=\"ez-toc-section-end\"><\/span><\/h2>\n\n\n\n<h3 class=\"wp-block-heading\"><span class=\"ez-toc-section\" id=\"Com_Forro\"><\/span>Com Forro<span class=\"ez-toc-section-end\"><\/span><\/h3>\n\n\n\n<p>Optar por cortinas com forro \u00e9 uma excelente escolha para quem busca benef\u00edcios adicionais. O forro pode proporcionar isolamento t\u00e9rmico, mantendo a sala fresca no ver\u00e3o e aconchegante no inverno, al\u00e9m de melhorar a ac\u00fastica do ambiente, reduzindo ru\u00eddos externos.<\/p>\n\n\n\n<p>H\u00e1 tamb\u00e9m a op\u00e7\u00e3o de forro blackout, que bloqueia at\u00e9 100% da luz, ideal para quem deseja escurecer completamente o ambiente.<\/p>\n\n\n\n<p>Na Altex, voc\u00ea encontra forros costurados diretamente na cortina ou independentes, permitindo a instala\u00e7\u00e3o em trilhos ou var\u00f5es duplos para maior flexibilidade e funcionalidade.<\/p>\n\n\n\n<h3 class=\"wp-block-heading\"><span class=\"ez-toc-section\" id=\"Sem_Forro\"><\/span>Sem Forro<span class=\"ez-toc-section-end\"><\/span><\/h3>\n\n\n\n<p>As cortinas sem forro s\u00e3o perfeitas para quem deseja maximizar a luminosidade natural e criar um ambiente leve e arejado.<\/p>\n\n\n\n<p>Essa op\u00e7\u00e3o \u00e9 ideal para salas que j\u00e1 contam com boa isolamento t\u00e9rmico e ac\u00fastico, ou para quem prefere uma est\u00e9tica mais simples e natural.<\/p>\n\n\n\n<p>Tecidos leves e transl\u00facidos, como o voil, s\u00e3o comuns nesta categoria, oferecendo suavidade e movimento \u00e0 decora\u00e7\u00e3o da sala.<\/p>\n\n\n\n<h3 class=\"wp-block-heading\"><span class=\"ez-toc-section\" id=\"Diversidade_de_Tecidos\"><\/span>Diversidade de Tecidos<span class=\"ez-toc-section-end\"><\/span><\/h3>\n\n\n\n<p>A Altex Cortinas oferece uma ampla variedade de tecidos, cada um com suas caracter\u00edsticas \u00fanicas, adequados para diferentes estilos e necessidades.<\/p>\n\n\n\n<h4 class=\"wp-block-heading\"><span class=\"ez-toc-section\" id=\"Voil\"><\/span>Voil<span class=\"ez-toc-section-end\"><\/span><\/h4>\n\n\n\n<p>Leve e transl\u00facido, o voil \u00e9 perfeito para quem busca suavidade e um toque de eleg\u00e2ncia. Ele permite a passagem de luz, criando um ambiente iluminado e acolhedor.<\/p>\n\n\n<div class=\"wp-block-image is-style-rounded\">\n<figure class=\"alignright is-resized\"><img loading=\"lazy\" decoding=\"async\" width=\"1000\" height=\"667\" src=\"https:\/\/www.altex.com.br\/blog\/wp-content\/uploads\/2024\/01\/cliente-mulher-procurando-tecido-bonito-na-loja-de-cortinas-1.jpg\" alt=\"Como escolher a cortina para sala ideal? Conhe\u00e7a a Altex Cortinas\" class=\"wp-image-192\" style=\"width:241px;height:auto\"\/><\/figure>\n<\/div>\n\n\n<h4 class=\"wp-block-heading\"><span class=\"ez-toc-section\" id=\"Tafeta\"><\/span>Tafet\u00e1<span class=\"ez-toc-section-end\"><\/span><\/h4>\n\n\n\n<p>O tafet\u00e1 \u00e9 um tecido mais encorpado, conhecido por seu brilho sutil. \u00c9 uma excelente escolha para ambientes que requerem um toque de sofistica\u00e7\u00e3o.<\/p>\n\n\n\n<h4 class=\"wp-block-heading\"><span class=\"ez-toc-section\" id=\"Shantung\"><\/span>Shantung<span class=\"ez-toc-section-end\"><\/span><\/h4>\n\n\n\n<p>Semelhante ao tafet\u00e1, o shantung possui uma textura levemente irregular, conferindo um aspecto \u00fanico e refinado \u00e0s cortinas.<\/p>\n\n\n\n<h4 class=\"wp-block-heading\"><span class=\"ez-toc-section\" id=\"Microfibra\"><\/span>Microfibra<span class=\"ez-toc-section-end\"><\/span><\/h4>\n\n\n\n<p>A microfibra \u00e9 pr\u00e1tica e dur\u00e1vel, ideal para quem busca facilidade de manuten\u00e7\u00e3o. \u00c9 uma boa escolha para ambientes com crian\u00e7as ou animais de estima\u00e7\u00e3o.<\/p>\n\n\n\n<h4 class=\"wp-block-heading\"><span class=\"ez-toc-section\" id=\"Gaze\"><\/span>Gaze<span class=\"ez-toc-section-end\"><\/span><\/h4>\n\n\n\n<p>A gaze \u00e9 um tecido leve e flu\u00eddo, perfeito para criar um ambiente suave e relaxante. \u00c9 ideal para quem deseja uma cortina que movimente suavemente com a brisa.<\/p>\n\n\n\n<h4 class=\"wp-block-heading\"><span class=\"ez-toc-section\" id=\"Gorgurinho\"><\/span>Gorgurinho<span class=\"ez-toc-section-end\"><\/span><\/h4>\n\n\n\n<p>Com sua textura ondulada, o gorgurinho adiciona um toque de charme e originalidade \u00e0s cortinas. \u00c9 uma op\u00e7\u00e3o interessante para quem busca um visual mais din\u00e2mico e diferenciado.<\/p>\n\n\n\n<h4 class=\"wp-block-heading\"><span class=\"ez-toc-section\" id=\"Cetim\"><\/span>Cetim<span class=\"ez-toc-section-end\"><\/span><\/h4>\n\n\n\n<p>O cetim, conhecido pelo seu brilho elegante e toque suave, traz um ar de luxo e sofistica\u00e7\u00e3o. \u00c9 ideal para salas formais ou para quem deseja um detalhe de brilho sutil na decora\u00e7\u00e3o.<\/p>\n\n\n\n<h4 class=\"wp-block-heading\"><span class=\"ez-toc-section\" id=\"Blackout_80_ou_100\"><\/span>Blackout 80% ou 100%<span class=\"ez-toc-section-end\"><\/span><\/h4>\n\n\n\n<p>Para aqueles que precisam de controle total sobre a luminosidade, as cortinas blackout s\u00e3o a escolha ideal.<\/p>\n\n\n\n<p>Dispon\u00edveis em op\u00e7\u00f5es que bloqueiam 80% ou 100% da luz, essas cortinas s\u00e3o perfeitas para quartos de TV, home theaters ou para quem trabalha em turnos e precisa dormir durante o dia. Al\u00e9m disso, oferecem excelente isolamento t\u00e9rmico e ac\u00fastico.<\/p>\n\n\n\n<p><strong>Cada tecido oferecido pela Altex possui caracter\u00edsticas que atendem a diferentes necessidades e estilos.<\/strong><\/p>\n\n\n\n<p>Ao escolher o tecido, considere n\u00e3o apenas a est\u00e9tica, mas tamb\u00e9m a funcionalidade que cada um pode trazer para sua sala.<\/p>\n\n\n\n<p>Desde a leveza e transpar\u00eancia do voil at\u00e9 a efic\u00e1cia total do blackout, h\u00e1 uma op\u00e7\u00e3o para cada ambiente e cada prefer\u00eancia.<\/p>\n\n\n\n<p>Lembre-se de que a escolha do tecido ideal vai al\u00e9m do visual.<\/p>\n\n\n\n<p>\u00c9 importante considerar fatores como durabilidade, facilidade de limpeza e manuten\u00e7\u00e3o, bem como a adequa\u00e7\u00e3o ao clima e \u00e0 luminosidade da sua sala.<\/p>\n\n\n\n<p>Tecidos mais pesados podem ser excelentes para bloquear luz e som, mas tamb\u00e9m podem exigir mais cuidados na limpeza.<\/p>\n\n\n\n<p>Por outro lado, tecidos leves, como o voil e a gaze, oferecem uma sensa\u00e7\u00e3o de leveza e fluidez, mas podem oferecer menos privacidade e controle de luz.<\/p>\n\n\n\n<p>Al\u00e9m disso, a escolha do tecido impacta diretamente na atmosfera do ambiente.<\/p>\n\n\n\n<p>Tecidos mais pesados e opacos podem criar um ambiente mais formal e reservado, enquanto tecidos leves e transl\u00facidos tendem a tornar o espa\u00e7o mais casual e acolhedor.<\/p>\n\n\n\n<p>A combina\u00e7\u00e3o de diferentes tecidos e estilos tamb\u00e9m pode ser uma op\u00e7\u00e3o interessante para criar camadas de textura e profundidade na decora\u00e7\u00e3o.<\/p>\n\n\n\n<ul class=\"wp-block-list\">\n<li><a href=\"https:\/\/www.altex.com.br\/blog\/piso-vinilico\/descubra-os-beneficios-do-piso-vinilico\/\">Descubra os benef\u00edcios do piso vin\u00edlico<\/a><\/li>\n<\/ul>\n\n\n\n<h2 class=\"wp-block-heading\"><span class=\"ez-toc-section\" id=\"Altex_Cortinas_a_fornecedora_ideal_de_cortinas\"><\/span>Altex Cortinas: a fornecedora ideal de cortinas<span class=\"ez-toc-section-end\"><\/span><\/h2>\n\n\n\n<p>Ao escolher a <a href=\"https:\/\/www.altex.com.br\/\">Altex Cortinas<\/a> para a sua sala, voc\u00ea n\u00e3o est\u00e1 apenas adquirindo um produto de qualidade, mas tamb\u00e9m contando com a expertise de profissionais que conhecem profundamente os produtos e suas funcionalidades.<\/p>\n\n\n\n<p>A Altex se destaca n\u00e3o s\u00f3 pela qualidade de suas cortinas, mas tamb\u00e9m pelo servi\u00e7o excepcional, desde a consultoria na escolha at\u00e9 a instala\u00e7\u00e3o.<\/p>\n\n\n\n<p>Se voc\u00ea est\u00e1 em busca da cortina para sala perfeita, a equipe Altex est\u00e1 pronta para ajud\u00e1-lo a encontrar a melhor solu\u00e7\u00e3o, combinando est\u00e9tica e funcionalidade de maneira harmoniosa.<\/p>\n\n\n\n<p><a href=\"https:\/\/wa.me\/+5511986372808\">Entrar em contato<\/a> com a Altex Cortinas \u00e9 garantir que sua escolha ser\u00e1 acompanhada de orienta\u00e7\u00e3o especializada, garantindo que cada detalhe esteja alinhado com suas expectativas e necessidades.<\/p>\n\n\n\n<p>A instala\u00e7\u00e3o profissional assegura que as cortinas sejam montadas com precis\u00e3o, garantindo um acabamento impec\u00e1vel.<\/p>\n\n\n\n<p>Ao final, escolher a Altex Cortinas para a sua sala significa investir em um ambiente que reflete seu estilo pessoal, oferecendo conforto e beleza.<\/p>\n\n\n\n<p>A cortina para sala ideal espera por voc\u00ea na Altex, onde qualidade, design e servi\u00e7o se encontram para transformar seu espa\u00e7o.<\/p>\n\n\n\n<p>Visite o <a href=\"https:\/\/www.altex.com.br\/blog\">blog<\/a> da Altex para mais conte\u00fados e inspire-se a dar o pr\u00f3ximo passo na decora\u00e7\u00e3o da sua casa.<\/p>\n\n\n<div class=\"wp-block-image is-style-rounded\">\n<figure class=\"aligncenter size-full is-resized\"><img loading=\"lazy\" decoding=\"async\" width=\"515\" height=\"258\" src=\"https:\/\/www.altex.com.br\/blog\/wp-content\/uploads\/2023\/01\/CTA_-10.gif\" alt=\"\" class=\"wp-image-59\" style=\"width:599px;height:auto\"\/><\/figure>\n<\/div>","protected":false},"excerpt":{"rendered":"<p><span class=\"rt-reading-time\" style=\"display: block;\"><span class=\"rt-label rt-prefix\">Tempo de leitura<\/span> <span class=\"rt-time\">5<\/span> <span class=\"rt-label rt-postfix\">minutos<\/span><\/span> Descubra dicas essenciais para escolher a cortina para sala ideal, harmonizando estilo e funcionalidade em sua decora\u00e7\u00e3o. Escolher a cortina ideal para a sala pode parecer um desafio, mas com as informa\u00e7\u00f5es certas, essa tarefa se torna uma agrad\u00e1vel jornada de decora\u00e7\u00e3o. A cortina para sala n\u00e3o \u00e9 apenas um item de decora\u00e7\u00e3o, mas tamb\u00e9m &hellip; <\/p>\n","protected":false},"author":1,"featured_media":193,"comment_status":"open","ping_status":"open","sticky":false,"template":"","format":"standard","meta":{"footnotes":""},"categories":[10],"tags":[14,3351,3340,607,3336,3337,3339,3344,3341,3342,3359,3324,3352,3348,3349,3360,3354,3353,3363,3364,3361,3365,3358,3329,3345,3343,3334,3335,3333,3322,3366,3355,3362,3350,3320,3330,3357,3347,3328,3338,3332,3327,3326,3321,3331,3323,3356,3379,3380,3381,3382,3375,3376,3377,3378,3346,3371,3372,3373,3374,3367,3368,3369,3370,3325],"class_list":["post-190","post","type-post","status-publish","format-standard","has-post-thumbnail","hentry","category-cortinas","tag-altex-cortinas","tag-controle-de-luz-com-cortinas","tag-cortinas-acusticas","tag-cortinas-blackout","tag-cortinas-cetim","tag-cortinas-com-forro","tag-cortinas-com-isolamento-termico","tag-cortinas-com-pregas","tag-cortinas-com-trilho","tag-cortinas-com-varao","tag-cortinas-de-luxo","tag-cortinas-de-qualidade","tag-cortinas-e-conforto","tag-cortinas-e-decoracao","tag-cortinas-e-design-de-interiores","tag-cortinas-e-elegancia","tag-cortinas-e-estetica","tag-cortinas-e-funcionalidade","tag-cortinas-e-isolamento-acustico","tag-cortinas-e-isolamento-termico","tag-cortinas-e-praticidade","tag-cortinas-e-sofisticacao","tag-cortinas-e-tendencias","tag-cortinas-elegantes","tag-cortinas-estilo-wave","tag-cortinas-franzidas","tag-cortinas-gaze","tag-cortinas-gorgurinho","tag-cortinas-microfibra","tag-cortinas-modernas","tag-cortinas-para-ambiente-acolhedor","tag-cortinas-para-harmonizacao-de-ambientes","tag-cortinas-para-iluminacao-natural","tag-cortinas-para-privacidade","tag-cortinas-para-sala","tag-cortinas-para-sala-de-estar","tag-cortinas-para-todos-os-ambientes","tag-cortinas-para-todos-os-estilos","tag-cortinas-personalizadas","tag-cortinas-sem-forro","tag-cortinas-shantung","tag-cortinas-tafeta","tag-cortinas-voil","tag-decoracao-de-interiores","tag-dicas-de-cortinas","tag-escolha-de-cortinas","tag-especialistas-em-cortinas","tag-fornecedora-de-cortina","tag-fornecedora-de-cortina-em-sao-paulo","tag-fornecedora-de-cortina-em-sp","tag-fornecedora-de-cortina-na-zona-oeste","tag-fornecedora-de-cortina-para-sala","tag-fornecedora-de-cortina-para-sala-em-sao-paulo","tag-fornecedora-de-cortina-para-sala-em-sp","tag-fornecedora-de-cortina-para-sala-na-zona-oeste","tag-instalacao-de-cortinas","tag-onde-comprar-cortina","tag-onde-comprar-cortina-em-sao-paulo","tag-onde-comprar-cortina-em-sp","tag-onde-comprar-cortina-na-zona-oeste","tag-onde-comprar-cortina-para-sala","tag-onde-comprar-cortina-para-sala-em-sao-paulo","tag-onde-comprar-cortina-para-sala-em-sp","tag-onde-comprar-cortina-para-sala-na-zona-oeste","tag-tecidos-para-cortinas"],"yoast_head":"<!-- This site is optimized with the Yoast SEO plugin v22.5 - https:\/\/yoast.com\/wordpress\/plugins\/seo\/ -->\n<title>Como escolher a cortina para sala ideal? Conhe\u00e7a a Altex Cortinas - Altex<\/title>\n<meta name=\"description\" content=\"Descubra dicas essenciais para escolher a cortina para sala ideal, harmonizando estilo e funcionalidade em sua decora\u00e7\u00e3o.\" \/>\n<meta name=\"robots\" content=\"index, follow, max-snippet:-1, max-image-preview:large, max-video-preview:-1\" \/>\n<link rel=\"canonical\" href=\"https:\/\/www.altex.com.br\/blog\/cortinas\/como-escolher-a-cortina-para-sala-ideal-conheca-a-altex-cortinas\/\" \/>\n<meta property=\"og:locale\" content=\"pt_BR\" \/>\n<meta property=\"og:type\" content=\"article\" \/>\n<meta property=\"og:title\" content=\"Como escolher a cortina para sala ideal? Conhe\u00e7a a Altex Cortinas - Altex\" \/>\n<meta property=\"og:description\" content=\"Descubra dicas essenciais para escolher a cortina para sala ideal, harmonizando estilo e funcionalidade em sua decora\u00e7\u00e3o.\" \/>\n<meta property=\"og:url\" content=\"https:\/\/www.altex.com.br\/blog\/cortinas\/como-escolher-a-cortina-para-sala-ideal-conheca-a-altex-cortinas\/\" \/>\n<meta property=\"og:site_name\" content=\"Altex\" \/>\n<meta property=\"article:published_time\" content=\"2024-01-15T14:27:50+00:00\" \/>\n<meta property=\"article:modified_time\" content=\"2024-01-15T14:52:48+00:00\" \/>\n<meta property=\"og:image\" content=\"https:\/\/www.altex.com.br\/blog\/wp-content\/uploads\/2024\/01\/sofa-de-canto-branco-em-uma-luxuosa-sala-de-estar-com-cortinas-pretas-e-janela-no-fundo-simulacao-de-sala-de-estar-renderizacao-em-3d-1.jpg\" \/>\n\t<meta property=\"og:image:width\" content=\"1000\" \/>\n\t<meta property=\"og:image:height\" content=\"750\" \/>\n\t<meta property=\"og:image:type\" content=\"image\/jpeg\" \/>\n<meta name=\"author\" content=\"admin\" \/>\n<meta name=\"twitter:card\" content=\"summary_large_image\" \/>\n<meta name=\"twitter:label1\" content=\"Escrito por\" \/>\n\t<meta name=\"twitter:data1\" content=\"admin\" \/>\n\t<meta name=\"twitter:label2\" content=\"Est. tempo de leitura\" \/>\n\t<meta name=\"twitter:data2\" content=\"8 minutos\" \/>\n<script type=\"application\/ld+json\" class=\"yoast-schema-graph\">{\"@context\":\"https:\/\/schema.org\",\"@graph\":[{\"@type\":\"Article\",\"@id\":\"https:\/\/www.altex.com.br\/blog\/cortinas\/como-escolher-a-cortina-para-sala-ideal-conheca-a-altex-cortinas\/#article\",\"isPartOf\":{\"@id\":\"https:\/\/www.altex.com.br\/blog\/cortinas\/como-escolher-a-cortina-para-sala-ideal-conheca-a-altex-cortinas\/\"},\"author\":{\"name\":\"admin\",\"@id\":\"https:\/\/www.altex.com.br\/blog\/#\/schema\/person\/3c2b4dc5fc14bfdd28a6a128d82aa511\"},\"headline\":\"Como escolher a cortina para sala ideal? Conhe\u00e7a a Altex Cortinas\",\"datePublished\":\"2024-01-15T14:27:50+00:00\",\"dateModified\":\"2024-01-15T14:52:48+00:00\",\"mainEntityOfPage\":{\"@id\":\"https:\/\/www.altex.com.br\/blog\/cortinas\/como-escolher-a-cortina-para-sala-ideal-conheca-a-altex-cortinas\/\"},\"wordCount\":1429,\"commentCount\":0,\"publisher\":{\"@id\":\"https:\/\/www.altex.com.br\/blog\/#organization\"},\"image\":{\"@id\":\"https:\/\/www.altex.com.br\/blog\/cortinas\/como-escolher-a-cortina-para-sala-ideal-conheca-a-altex-cortinas\/#primaryimage\"},\"thumbnailUrl\":\"https:\/\/www.altex.com.br\/blog\/wp-content\/uploads\/2024\/01\/sofa-de-canto-branco-em-uma-luxuosa-sala-de-estar-com-cortinas-pretas-e-janela-no-fundo-simulacao-de-sala-de-estar-renderizacao-em-3d-1.jpg\",\"keywords\":[\"Altex Cortinas\",\"Controle de luz com cortinas\",\"Cortinas ac\u00fasticas\",\"cortinas blackout\",\"Cortinas cetim\",\"Cortinas com forro\",\"Cortinas com isolamento t\u00e9rmico\",\"Cortinas com pregas\",\"Cortinas com trilho\",\"Cortinas com var\u00e3o\",\"Cortinas de luxo\",\"Cortinas de qualidade\",\"Cortinas e conforto\",\"Cortinas e decora\u00e7\u00e3o\",\"Cortinas e design de interiores\",\"Cortinas e eleg\u00e2ncia\",\"Cortinas e est\u00e9tica\",\"Cortinas e funcionalidade\",\"Cortinas e isolamento ac\u00fastico\",\"Cortinas e isolamento t\u00e9rmico\",\"Cortinas e praticidade\",\"Cortinas e sofistica\u00e7\u00e3o\",\"Cortinas e tend\u00eancias\",\"Cortinas elegantes\",\"Cortinas estilo wave\",\"Cortinas franzidas\",\"Cortinas gaze\",\"Cortinas gorgurinho\",\"Cortinas microfibra\",\"Cortinas modernas\",\"Cortinas para ambiente acolhedor\",\"Cortinas para harmoniza\u00e7\u00e3o de ambientes\",\"Cortinas para ilumina\u00e7\u00e3o natural\",\"Cortinas para privacidade\",\"Cortinas para sala\",\"Cortinas para sala de estar\",\"Cortinas para todos os ambientes\",\"Cortinas para todos os estilos\",\"Cortinas personalizadas\",\"Cortinas sem forro\",\"Cortinas shantung\",\"Cortinas tafet\u00e1\",\"Cortinas voil\",\"Decora\u00e7\u00e3o de interiores\",\"Dicas de cortinas\",\"Escolha de cortinas\",\"Especialistas em cortinas\",\"fornecedora de cortina\",\"fornecedora de cortina em S\u00e3o Paulo\",\"fornecedora de cortina em sp\",\"fornecedora de cortina na zona oeste\",\"fornecedora de cortina para sala\",\"fornecedora de cortina para sala em S\u00e3o Paulo\",\"fornecedora de cortina para sala em sp\",\"fornecedora de cortina para sala na zona oeste\",\"Instala\u00e7\u00e3o de cortinas\",\"onde comprar cortina\",\"onde comprar cortina em S\u00e3o Paulo\",\"onde comprar cortina em sp\",\"onde comprar cortina na zona oeste\",\"onde comprar cortina para sala\",\"onde comprar cortina para sala em S\u00e3o Paulo\",\"onde comprar cortina para sala em sp\",\"onde comprar cortina para sala na zona oeste\",\"Tecidos para cortinas\"],\"articleSection\":[\"Cortinas\"],\"inLanguage\":\"pt-BR\",\"potentialAction\":[{\"@type\":\"CommentAction\",\"name\":\"Comment\",\"target\":[\"https:\/\/www.altex.com.br\/blog\/cortinas\/como-escolher-a-cortina-para-sala-ideal-conheca-a-altex-cortinas\/#respond\"]}]},{\"@type\":\"WebPage\",\"@id\":\"https:\/\/www.altex.com.br\/blog\/cortinas\/como-escolher-a-cortina-para-sala-ideal-conheca-a-altex-cortinas\/\",\"url\":\"https:\/\/www.altex.com.br\/blog\/cortinas\/como-escolher-a-cortina-para-sala-ideal-conheca-a-altex-cortinas\/\",\"name\":\"Como escolher a cortina para sala ideal? Conhe\u00e7a a Altex Cortinas - Altex\",\"isPartOf\":{\"@id\":\"https:\/\/www.altex.com.br\/blog\/#website\"},\"primaryImageOfPage\":{\"@id\":\"https:\/\/www.altex.com.br\/blog\/cortinas\/como-escolher-a-cortina-para-sala-ideal-conheca-a-altex-cortinas\/#primaryimage\"},\"image\":{\"@id\":\"https:\/\/www.altex.com.br\/blog\/cortinas\/como-escolher-a-cortina-para-sala-ideal-conheca-a-altex-cortinas\/#primaryimage\"},\"thumbnailUrl\":\"https:\/\/www.altex.com.br\/blog\/wp-content\/uploads\/2024\/01\/sofa-de-canto-branco-em-uma-luxuosa-sala-de-estar-com-cortinas-pretas-e-janela-no-fundo-simulacao-de-sala-de-estar-renderizacao-em-3d-1.jpg\",\"datePublished\":\"2024-01-15T14:27:50+00:00\",\"dateModified\":\"2024-01-15T14:52:48+00:00\",\"description\":\"Descubra dicas essenciais para escolher a cortina para sala ideal, harmonizando estilo e funcionalidade em sua decora\u00e7\u00e3o.\",\"breadcrumb\":{\"@id\":\"https:\/\/www.altex.com.br\/blog\/cortinas\/como-escolher-a-cortina-para-sala-ideal-conheca-a-altex-cortinas\/#breadcrumb\"},\"inLanguage\":\"pt-BR\",\"potentialAction\":[{\"@type\":\"ReadAction\",\"target\":[\"https:\/\/www.altex.com.br\/blog\/cortinas\/como-escolher-a-cortina-para-sala-ideal-conheca-a-altex-cortinas\/\"]}]},{\"@type\":\"ImageObject\",\"inLanguage\":\"pt-BR\",\"@id\":\"https:\/\/www.altex.com.br\/blog\/cortinas\/como-escolher-a-cortina-para-sala-ideal-conheca-a-altex-cortinas\/#primaryimage\",\"url\":\"https:\/\/www.altex.com.br\/blog\/wp-content\/uploads\/2024\/01\/sofa-de-canto-branco-em-uma-luxuosa-sala-de-estar-com-cortinas-pretas-e-janela-no-fundo-simulacao-de-sala-de-estar-renderizacao-em-3d-1.jpg\",\"contentUrl\":\"https:\/\/www.altex.com.br\/blog\/wp-content\/uploads\/2024\/01\/sofa-de-canto-branco-em-uma-luxuosa-sala-de-estar-com-cortinas-pretas-e-janela-no-fundo-simulacao-de-sala-de-estar-renderizacao-em-3d-1.jpg\",\"width\":1000,\"height\":750,\"caption\":\"Como escolher a cortina para sala ideal? Conhe\u00e7a a Altex Cortinas\"},{\"@type\":\"BreadcrumbList\",\"@id\":\"https:\/\/www.altex.com.br\/blog\/cortinas\/como-escolher-a-cortina-para-sala-ideal-conheca-a-altex-cortinas\/#breadcrumb\",\"itemListElement\":[{\"@type\":\"ListItem\",\"position\":1,\"name\":\"In\u00edcio\",\"item\":\"https:\/\/www.altex.com.br\/blog\/\"},{\"@type\":\"ListItem\",\"position\":2,\"name\":\"Como escolher a cortina para sala ideal? Conhe\u00e7a a Altex Cortinas\"}]},{\"@type\":\"WebSite\",\"@id\":\"https:\/\/www.altex.com.br\/blog\/#website\",\"url\":\"https:\/\/www.altex.com.br\/blog\/\",\"name\":\"Altex\",\"description\":\"Blog\",\"publisher\":{\"@id\":\"https:\/\/www.altex.com.br\/blog\/#organization\"},\"potentialAction\":[{\"@type\":\"SearchAction\",\"target\":{\"@type\":\"EntryPoint\",\"urlTemplate\":\"https:\/\/www.altex.com.br\/blog\/?s={search_term_string}\"},\"query-input\":\"required name=search_term_string\"}],\"inLanguage\":\"pt-BR\"},{\"@type\":\"Organization\",\"@id\":\"https:\/\/www.altex.com.br\/blog\/#organization\",\"name\":\"Altex\",\"url\":\"https:\/\/www.altex.com.br\/blog\/\",\"logo\":{\"@type\":\"ImageObject\",\"inLanguage\":\"pt-BR\",\"@id\":\"https:\/\/www.altex.com.br\/blog\/#\/schema\/logo\/image\/\",\"url\":\"https:\/\/www.altex.com.br\/blog\/wp-content\/uploads\/2022\/08\/altex-logo.png\",\"contentUrl\":\"https:\/\/www.altex.com.br\/blog\/wp-content\/uploads\/2022\/08\/altex-logo.png\",\"width\":155,\"height\":98,\"caption\":\"Altex\"},\"image\":{\"@id\":\"https:\/\/www.altex.com.br\/blog\/#\/schema\/logo\/image\/\"}},{\"@type\":\"Person\",\"@id\":\"https:\/\/www.altex.com.br\/blog\/#\/schema\/person\/3c2b4dc5fc14bfdd28a6a128d82aa511\",\"name\":\"admin\",\"image\":{\"@type\":\"ImageObject\",\"inLanguage\":\"pt-BR\",\"@id\":\"https:\/\/www.altex.com.br\/blog\/#\/schema\/person\/image\/\",\"url\":\"https:\/\/secure.gravatar.com\/avatar\/3813f53848958b8842eeafda91666185a90010f65ed554379b78794cde6f234a?s=96&d=mm&r=g\",\"contentUrl\":\"https:\/\/secure.gravatar.com\/avatar\/3813f53848958b8842eeafda91666185a90010f65ed554379b78794cde6f234a?s=96&d=mm&r=g\",\"caption\":\"admin\"},\"sameAs\":[\"https:\/\/altex.com.br\/blog\"],\"url\":\"https:\/\/www.altex.com.br\/blog\/author\/admin\/\"}]}<\/script>\n<!-- \/ Yoast SEO plugin. -->","yoast_head_json":{"title":"Como escolher a cortina para sala ideal? Conhe\u00e7a a Altex Cortinas - Altex","description":"Descubra dicas essenciais para escolher a cortina para sala ideal, harmonizando estilo e funcionalidade em sua decora\u00e7\u00e3o.","robots":{"index":"index","follow":"follow","max-snippet":"max-snippet:-1","max-image-preview":"max-image-preview:large","max-video-preview":"max-video-preview:-1"},"canonical":"https:\/\/www.altex.com.br\/blog\/cortinas\/como-escolher-a-cortina-para-sala-ideal-conheca-a-altex-cortinas\/","og_locale":"pt_BR","og_type":"article","og_title":"Como escolher a cortina para sala ideal? Conhe\u00e7a a Altex Cortinas - Altex","og_description":"Descubra dicas essenciais para escolher a cortina para sala ideal, harmonizando estilo e funcionalidade em sua decora\u00e7\u00e3o.","og_url":"https:\/\/www.altex.com.br\/blog\/cortinas\/como-escolher-a-cortina-para-sala-ideal-conheca-a-altex-cortinas\/","og_site_name":"Altex","article_published_time":"2024-01-15T14:27:50+00:00","article_modified_time":"2024-01-15T14:52:48+00:00","og_image":[{"width":1000,"height":750,"url":"https:\/\/www.altex.com.br\/blog\/wp-content\/uploads\/2024\/01\/sofa-de-canto-branco-em-uma-luxuosa-sala-de-estar-com-cortinas-pretas-e-janela-no-fundo-simulacao-de-sala-de-estar-renderizacao-em-3d-1.jpg","type":"image\/jpeg"}],"author":"admin","twitter_card":"summary_large_image","twitter_misc":{"Escrito por":"admin","Est. tempo de leitura":"8 minutos"},"schema":{"@context":"https:\/\/schema.org","@graph":[{"@type":"Article","@id":"https:\/\/www.altex.com.br\/blog\/cortinas\/como-escolher-a-cortina-para-sala-ideal-conheca-a-altex-cortinas\/#article","isPartOf":{"@id":"https:\/\/www.altex.com.br\/blog\/cortinas\/como-escolher-a-cortina-para-sala-ideal-conheca-a-altex-cortinas\/"},"author":{"name":"admin","@id":"https:\/\/www.altex.com.br\/blog\/#\/schema\/person\/3c2b4dc5fc14bfdd28a6a128d82aa511"},"headline":"Como escolher a cortina para sala ideal? Conhe\u00e7a a Altex Cortinas","datePublished":"2024-01-15T14:27:50+00:00","dateModified":"2024-01-15T14:52:48+00:00","mainEntityOfPage":{"@id":"https:\/\/www.altex.com.br\/blog\/cortinas\/como-escolher-a-cortina-para-sala-ideal-conheca-a-altex-cortinas\/"},"wordCount":1429,"commentCount":0,"publisher":{"@id":"https:\/\/www.altex.com.br\/blog\/#organization"},"image":{"@id":"https:\/\/www.altex.com.br\/blog\/cortinas\/como-escolher-a-cortina-para-sala-ideal-conheca-a-altex-cortinas\/#primaryimage"},"thumbnailUrl":"https:\/\/www.altex.com.br\/blog\/wp-content\/uploads\/2024\/01\/sofa-de-canto-branco-em-uma-luxuosa-sala-de-estar-com-cortinas-pretas-e-janela-no-fundo-simulacao-de-sala-de-estar-renderizacao-em-3d-1.jpg","keywords":["Altex Cortinas","Controle de luz com cortinas","Cortinas ac\u00fasticas","cortinas blackout","Cortinas cetim","Cortinas com forro","Cortinas com isolamento t\u00e9rmico","Cortinas com pregas","Cortinas com trilho","Cortinas com var\u00e3o","Cortinas de luxo","Cortinas de qualidade","Cortinas e conforto","Cortinas e decora\u00e7\u00e3o","Cortinas e design de interiores","Cortinas e eleg\u00e2ncia","Cortinas e est\u00e9tica","Cortinas e funcionalidade","Cortinas e isolamento ac\u00fastico","Cortinas e isolamento t\u00e9rmico","Cortinas e praticidade","Cortinas e sofistica\u00e7\u00e3o","Cortinas e tend\u00eancias","Cortinas elegantes","Cortinas estilo wave","Cortinas franzidas","Cortinas gaze","Cortinas gorgurinho","Cortinas microfibra","Cortinas modernas","Cortinas para ambiente acolhedor","Cortinas para harmoniza\u00e7\u00e3o de ambientes","Cortinas para ilumina\u00e7\u00e3o natural","Cortinas para privacidade","Cortinas para sala","Cortinas para sala de estar","Cortinas para todos os ambientes","Cortinas para todos os estilos","Cortinas personalizadas","Cortinas sem forro","Cortinas shantung","Cortinas tafet\u00e1","Cortinas voil","Decora\u00e7\u00e3o de interiores","Dicas de cortinas","Escolha de cortinas","Especialistas em cortinas","fornecedora de cortina","fornecedora de cortina em S\u00e3o Paulo","fornecedora de cortina em sp","fornecedora de cortina na zona oeste","fornecedora de cortina para sala","fornecedora de cortina para sala em S\u00e3o Paulo","fornecedora de cortina para sala em sp","fornecedora de cortina para sala na zona oeste","Instala\u00e7\u00e3o de cortinas","onde comprar cortina","onde comprar cortina em S\u00e3o Paulo","onde comprar cortina em sp","onde comprar cortina na zona oeste","onde comprar cortina para sala","onde comprar cortina para sala em S\u00e3o Paulo","onde comprar cortina para sala em sp","onde comprar cortina para sala na zona oeste","Tecidos para cortinas"],"articleSection":["Cortinas"],"inLanguage":"pt-BR","potentialAction":[{"@type":"CommentAction","name":"Comment","target":["https:\/\/www.altex.com.br\/blog\/cortinas\/como-escolher-a-cortina-para-sala-ideal-conheca-a-altex-cortinas\/#respond"]}]},{"@type":"WebPage","@id":"https:\/\/www.altex.com.br\/blog\/cortinas\/como-escolher-a-cortina-para-sala-ideal-conheca-a-altex-cortinas\/","url":"https:\/\/www.altex.com.br\/blog\/cortinas\/como-escolher-a-cortina-para-sala-ideal-conheca-a-altex-cortinas\/","name":"Como escolher a cortina para sala ideal? Conhe\u00e7a a Altex Cortinas - Altex","isPartOf":{"@id":"https:\/\/www.altex.com.br\/blog\/#website"},"primaryImageOfPage":{"@id":"https:\/\/www.altex.com.br\/blog\/cortinas\/como-escolher-a-cortina-para-sala-ideal-conheca-a-altex-cortinas\/#primaryimage"},"image":{"@id":"https:\/\/www.altex.com.br\/blog\/cortinas\/como-escolher-a-cortina-para-sala-ideal-conheca-a-altex-cortinas\/#primaryimage"},"thumbnailUrl":"https:\/\/www.altex.com.br\/blog\/wp-content\/uploads\/2024\/01\/sofa-de-canto-branco-em-uma-luxuosa-sala-de-estar-com-cortinas-pretas-e-janela-no-fundo-simulacao-de-sala-de-estar-renderizacao-em-3d-1.jpg","datePublished":"2024-01-15T14:27:50+00:00","dateModified":"2024-01-15T14:52:48+00:00","description":"Descubra dicas essenciais para escolher a cortina para sala ideal, harmonizando estilo e funcionalidade em sua decora\u00e7\u00e3o.","breadcrumb":{"@id":"https:\/\/www.altex.com.br\/blog\/cortinas\/como-escolher-a-cortina-para-sala-ideal-conheca-a-altex-cortinas\/#breadcrumb"},"inLanguage":"pt-BR","potentialAction":[{"@type":"ReadAction","target":["https:\/\/www.altex.com.br\/blog\/cortinas\/como-escolher-a-cortina-para-sala-ideal-conheca-a-altex-cortinas\/"]}]},{"@type":"ImageObject","inLanguage":"pt-BR","@id":"https:\/\/www.altex.com.br\/blog\/cortinas\/como-escolher-a-cortina-para-sala-ideal-conheca-a-altex-cortinas\/#primaryimage","url":"https:\/\/www.altex.com.br\/blog\/wp-content\/uploads\/2024\/01\/sofa-de-canto-branco-em-uma-luxuosa-sala-de-estar-com-cortinas-pretas-e-janela-no-fundo-simulacao-de-sala-de-estar-renderizacao-em-3d-1.jpg","contentUrl":"https:\/\/www.altex.com.br\/blog\/wp-content\/uploads\/2024\/01\/sofa-de-canto-branco-em-uma-luxuosa-sala-de-estar-com-cortinas-pretas-e-janela-no-fundo-simulacao-de-sala-de-estar-renderizacao-em-3d-1.jpg","width":1000,"height":750,"caption":"Como escolher a cortina para sala ideal? Conhe\u00e7a a Altex Cortinas"},{"@type":"BreadcrumbList","@id":"https:\/\/www.altex.com.br\/blog\/cortinas\/como-escolher-a-cortina-para-sala-ideal-conheca-a-altex-cortinas\/#breadcrumb","itemListElement":[{"@type":"ListItem","position":1,"name":"In\u00edcio","item":"https:\/\/www.altex.com.br\/blog\/"},{"@type":"ListItem","position":2,"name":"Como escolher a cortina para sala ideal? Conhe\u00e7a a Altex Cortinas"}]},{"@type":"WebSite","@id":"https:\/\/www.altex.com.br\/blog\/#website","url":"https:\/\/www.altex.com.br\/blog\/","name":"Altex","description":"Blog","publisher":{"@id":"https:\/\/www.altex.com.br\/blog\/#organization"},"potentialAction":[{"@type":"SearchAction","target":{"@type":"EntryPoint","urlTemplate":"https:\/\/www.altex.com.br\/blog\/?s={search_term_string}"},"query-input":"required name=search_term_string"}],"inLanguage":"pt-BR"},{"@type":"Organization","@id":"https:\/\/www.altex.com.br\/blog\/#organization","name":"Altex","url":"https:\/\/www.altex.com.br\/blog\/","logo":{"@type":"ImageObject","inLanguage":"pt-BR","@id":"https:\/\/www.altex.com.br\/blog\/#\/schema\/logo\/image\/","url":"https:\/\/www.altex.com.br\/blog\/wp-content\/uploads\/2022\/08\/altex-logo.png","contentUrl":"https:\/\/www.altex.com.br\/blog\/wp-content\/uploads\/2022\/08\/altex-logo.png","width":155,"height":98,"caption":"Altex"},"image":{"@id":"https:\/\/www.altex.com.br\/blog\/#\/schema\/logo\/image\/"}},{"@type":"Person","@id":"https:\/\/www.altex.com.br\/blog\/#\/schema\/person\/3c2b4dc5fc14bfdd28a6a128d82aa511","name":"admin","image":{"@type":"ImageObject","inLanguage":"pt-BR","@id":"https:\/\/www.altex.com.br\/blog\/#\/schema\/person\/image\/","url":"https:\/\/secure.gravatar.com\/avatar\/3813f53848958b8842eeafda91666185a90010f65ed554379b78794cde6f234a?s=96&d=mm&r=g","contentUrl":"https:\/\/secure.gravatar.com\/avatar\/3813f53848958b8842eeafda91666185a90010f65ed554379b78794cde6f234a?s=96&d=mm&r=g","caption":"admin"},"sameAs":["https:\/\/altex.com.br\/blog"],"url":"https:\/\/www.altex.com.br\/blog\/author\/admin\/"}]}},"_links":{"self":[{"href":"https:\/\/www.altex.com.br\/blog\/wp-json\/wp\/v2\/posts\/190","targetHints":{"allow":["GET"]}}],"collection":[{"href":"https:\/\/www.altex.com.br\/blog\/wp-json\/wp\/v2\/posts"}],"about":[{"href":"https:\/\/www.altex.com.br\/blog\/wp-json\/wp\/v2\/types\/post"}],"author":[{"embeddable":true,"href":"https:\/\/www.altex.com.br\/blog\/wp-json\/wp\/v2\/users\/1"}],"replies":[{"embeddable":true,"href":"https:\/\/www.altex.com.br\/blog\/wp-json\/wp\/v2\/comments?post=190"}],"version-history":[{"count":2,"href":"https:\/\/www.altex.com.br\/blog\/wp-json\/wp\/v2\/posts\/190\/revisions"}],"predecessor-version":[{"id":196,"href":"https:\/\/www.altex.com.br\/blog\/wp-json\/wp\/v2\/posts\/190\/revisions\/196"}],"wp:featuredmedia":[{"embeddable":true,"href":"https:\/\/www.altex.com.br\/blog\/wp-json\/wp\/v2\/media\/193"}],"wp:attachment":[{"href":"https:\/\/www.altex.com.br\/blog\/wp-json\/wp\/v2\/media?parent=190"}],"wp:term":[{"taxonomy":"category","embeddable":true,"href":"https:\/\/www.altex.com.br\/blog\/wp-json\/wp\/v2\/categories?post=190"},{"taxonomy":"post_tag","embeddable":true,"href":"https:\/\/www.altex.com.br\/blog\/wp-json\/wp\/v2\/tags?post=190"}],"curies":[{"name":"wp","href":"https:\/\/api.w.org\/{rel}","templated":true}]}}