{"id":17,"date":"2022-10-03T20:00:38","date_gmt":"2022-10-03T20:00:38","guid":{"rendered":"https:\/\/www.altex.com.br\/blog\/?p=17"},"modified":"2022-10-03T20:00:38","modified_gmt":"2022-10-03T20:00:38","slug":"cortina-e-persiana-os-ambientes-certos-para-instalar-cada-peca","status":"publish","type":"post","link":"https:\/\/www.altex.com.br\/blog\/cortinas\/cortina-e-persiana-os-ambientes-certos-para-instalar-cada-peca\/","title":{"rendered":"Cortina e persiana: os ambientes certos para instalar cada pe\u00e7a"},"content":{"rendered":"<span class=\"rt-reading-time\" style=\"display: block;\"><span class=\"rt-label rt-prefix\">Tempo de leitura<\/span> <span class=\"rt-time\">3<\/span> <span class=\"rt-label rt-postfix\">minutos<\/span><\/span>\n<p>Investir em uma cortina ou em uma persiana pode parecer algo simples, mas envolve conhecimentos pr\u00e9vios para que a aplica\u00e7\u00e3o desses itens n\u00e3o seja apenas esteticamente condizente com o local em que est\u00e3o instaladas, como tamb\u00e9m ofere\u00e7a uma alta efici\u00eancia durante seu uso.\u00a0<\/p>\n\n\n\n<p>Por isso, a seguir, mostramos os ambientes ideais para se usar cada um desses produtos e, no fim do artigo, apontamos os motivos que fazem da <a href=\"https:\/\/www.altex.com.br\/\">Altex Cortinas<\/a> a melhor empresa para se investir nesse setor. Confira!&nbsp;<\/p>\n\n\n\n<div id=\"ez-toc-container\" class=\"ez-toc-v2_0_65 counter-hierarchy ez-toc-counter ez-toc-grey ez-toc-container-direction\">\n<div class=\"ez-toc-title-container\">\n<p class=\"ez-toc-title \" >Table of Contents<\/p>\n<span class=\"ez-toc-title-toggle\"><a href=\"#\" class=\"ez-toc-pull-right ez-toc-btn ez-toc-btn-xs ez-toc-btn-default ez-toc-toggle\" aria-label=\"Toggle Table of Content\"><span class=\"ez-toc-js-icon-con\"><span class=\"\"><span class=\"eztoc-hide\" style=\"display:none;\">Toggle<\/span><span class=\"ez-toc-icon-toggle-span\"><svg style=\"fill: #999;color:#999\" xmlns=\"http:\/\/www.w3.org\/2000\/svg\" class=\"list-377408\" width=\"20px\" height=\"20px\" viewBox=\"0 0 24 24\" fill=\"none\"><path d=\"M6 6H4v2h2V6zm14 0H8v2h12V6zM4 11h2v2H4v-2zm16 0H8v2h12v-2zM4 16h2v2H4v-2zm16 0H8v2h12v-2z\" fill=\"currentColor\"><\/path><\/svg><svg style=\"fill: #999;color:#999\" class=\"arrow-unsorted-368013\" xmlns=\"http:\/\/www.w3.org\/2000\/svg\" width=\"10px\" height=\"10px\" viewBox=\"0 0 24 24\" version=\"1.2\" baseProfile=\"tiny\"><path d=\"M18.2 9.3l-6.2-6.3-6.2 6.3c-.2.2-.3.4-.3.7s.1.5.3.7c.2.2.4.3.7.3h11c.3 0 .5-.1.7-.3.2-.2.3-.5.3-.7s-.1-.5-.3-.7zM5.8 14.7l6.2 6.3 6.2-6.3c.2-.2.3-.5.3-.7s-.1-.5-.3-.7c-.2-.2-.4-.3-.7-.3h-11c-.3 0-.5.1-.7.3-.2.2-.3.5-.3.7s.1.5.3.7z\"\/><\/svg><\/span><\/span><\/span><\/a><\/span><\/div>\n<nav><ul class='ez-toc-list ez-toc-list-level-1 ' ><li class='ez-toc-page-1 ez-toc-heading-level-2'><a class=\"ez-toc-link ez-toc-heading-1\" href=\"https:\/\/www.altex.com.br\/blog\/cortinas\/cortina-e-persiana-os-ambientes-certos-para-instalar-cada-peca\/#Qual_o_melhor_ambiente_para_se_instalar_cortinas_e_persianas\" title=\"Qual o melhor ambiente para se instalar cortinas e persianas?&nbsp;\">Qual o melhor ambiente para se instalar cortinas e persianas?&nbsp;<\/a><ul class='ez-toc-list-level-4' ><li class='ez-toc-heading-level-4'><ul class='ez-toc-list-level-4' ><li class='ez-toc-heading-level-4'><a class=\"ez-toc-link ez-toc-heading-2\" href=\"https:\/\/www.altex.com.br\/blog\/cortinas\/cortina-e-persiana-os-ambientes-certos-para-instalar-cada-peca\/#Cortinas\" title=\"Cortinas&nbsp;\">Cortinas&nbsp;<\/a><\/li><li class='ez-toc-page-1 ez-toc-heading-level-4'><a class=\"ez-toc-link ez-toc-heading-3\" href=\"https:\/\/www.altex.com.br\/blog\/cortinas\/cortina-e-persiana-os-ambientes-certos-para-instalar-cada-peca\/#Persianas\" title=\"Persianas&nbsp;\">Persianas&nbsp;<\/a><\/li><\/ul><\/li><li class='ez-toc-page-1 ez-toc-heading-level-3'><a class=\"ez-toc-link ez-toc-heading-4\" href=\"https:\/\/www.altex.com.br\/blog\/cortinas\/cortina-e-persiana-os-ambientes-certos-para-instalar-cada-peca\/#Onde_comprar_cortinas_e_persianas\" title=\"Onde comprar cortinas e persianas?&nbsp;\">Onde comprar cortinas e persianas?&nbsp;<\/a><\/li><\/ul><\/li><\/ul><\/nav><\/div>\n<h2 class=\"wp-block-heading\"><span class=\"ez-toc-section\" id=\"Qual_o_melhor_ambiente_para_se_instalar_cortinas_e_persianas\"><\/span>Qual o melhor ambiente para se instalar cortinas e persianas?&nbsp;<span class=\"ez-toc-section-end\"><\/span><\/h2>\n\n\n\n<p>Conforme indicamos acima, existem ambientes ideais para se realizar a instala\u00e7\u00e3o de cortinas e persianas, variando conforme alguns fatores. Na pr\u00e1tica, isso significa que o cen\u00e1rio recomendado para cada uma delas \u00e9:&nbsp;<\/p>\n\n\n\n<h4 class=\"wp-block-heading\"><span class=\"ez-toc-section\" id=\"Cortinas\"><\/span>Cortinas&nbsp;<span class=\"ez-toc-section-end\"><\/span><\/h4>\n\n\n\n<p>Por conta de aspectos como os materiais, os aspectos visuais e as perspectivas tradicionalmente associadas a esses itens, as cortinas s\u00e3o geralmente recomendadas para ambientes dom\u00e9sticos que buscam controlar a entrada de luz enquanto conquistam sofistica\u00e7\u00e3o.<\/p>\n\n\n\n<p>Nesse sentido, elas s\u00e3o vi\u00e1veis para quase todos os c\u00f4modos, principalmente ao se considerar a promo\u00e7\u00e3o do conforto e da praticidade. Em salas, por exemplo, \u00e9 praticamente impens\u00e1vel um projeto que n\u00e3o invista nesses itens, principalmente aqueles que buscam valorizar a entrada de luz natural.<\/p>\n\n\n\n<p>Ainda vale destacar como essa aplicabilidade ainda pode se estender para ambientes externos, como em gazebos. No caso desses espa\u00e7os, \u00e9 recomend\u00e1vel que se utilizem cortinas imperme\u00e1veis ou, no m\u00ednimo, que possuam uma higieniza\u00e7\u00e3o simplificada, uma vez que o contato com a\u00e7\u00f5es do tempo tende a ser prejudicial para tecidos comuns.<\/p>\n\n\n\n<h4 class=\"wp-block-heading\"><span class=\"ez-toc-section\" id=\"Persianas\"><\/span>Persianas&nbsp;<span class=\"ez-toc-section-end\"><\/span><\/h4>\n\n\n\n<p>Naturalmente, as persianas caminham rumo a espa\u00e7os corporativos, sendo altamente recomendadas para escrit\u00f3rios e outros locais do g\u00eanero, principalmente aqueles que buscam aumentar sua privacidade de maneira pr\u00e1tica.&nbsp;<\/p>\n\n\n\n<p>Al\u00e9m disso, esses objetos tendem a conquistar grande parte desse p\u00fablico por serem colocados como uma alternativa acess\u00edvel e extremamente eficiente para suprir as necessidades envolvidas nesse processo, fazendo com que arquitetos e, claro, administradores invistam nesse segmento.&nbsp;<\/p>\n\n\n\n<p>Por fim, se destaca a praticidade de higieniza\u00e7\u00e3o desses objetos, um fator muito relevante ao se considerar esses produtos, uma vez que o tempo gasto na manuten\u00e7\u00e3o desses espa\u00e7os impacta diretamente no desempenho de setores espec\u00edficos.\u00a0<\/p>\n\n\n<div class=\"wp-block-image\">\n<figure class=\"aligncenter size-full\"><img loading=\"lazy\" decoding=\"async\" width=\"515\" height=\"367\" src=\"https:\/\/www.altex.com.br\/blog\/wp-content\/uploads\/2022\/09\/Design-sem-nome9.jpg\" alt=\"cortinas e persianas\" class=\"wp-image-15\"\/><\/figure>\n<\/div>\n\n\n<p>Todos esses fatores mostram como cortinas e persianas, mesmo sendo parecidas, possuem particularidades muito caracter\u00edsticas, capazes de alterar completamente seu desempenho e sua harmoniza\u00e7\u00e3o com o ambiente a depender da aplica\u00e7\u00e3o.&nbsp;<\/p>\n\n\n\n<p>No entanto, para que isso seja vi\u00e1vel, \u00e9 fundamental que a aquisi\u00e7\u00e3o desses itens ocorra por meio de companhias especializadas, capazes de oferecer as melhores condi\u00e7\u00f5es e, claro, o suporte adequado a todos os seus clientes.&nbsp;<\/p>\n\n\n\n<h3 class=\"wp-block-heading\"><span class=\"ez-toc-section\" id=\"Onde_comprar_cortinas_e_persianas\"><\/span>Onde comprar cortinas e persianas?&nbsp;<span class=\"ez-toc-section-end\"><\/span><\/h3>\n\n\n\n<p>Considerando os pontos acima, fica evidente que a <a href=\"https:\/\/www.altex.com.br\/\" target=\"_blank\" rel=\"noreferrer noopener\">Altex Cortinas<\/a> \u00e9 a melhor alternativa para se investir em produtos e servi\u00e7os desse setor. Afinal, a companhia opera h\u00e1 anos nesse segmento, sempre fornecendo o melhor para cada projeto em que se envolveu.\u00a0<\/p>\n\n\n\n<p>Por isso, se estiver em busca desses itens, n\u00e3o perca mais tempo! <a href=\"https:\/\/www.altex.com.br\/contato\" target=\"_blank\" rel=\"noreferrer noopener\">Entre em contato com a Altex Cortinas e solicite um or\u00e7amento<\/a>.\u00a0<\/p>\n\n\n<div class=\"wp-block-image\">\n<figure class=\"aligncenter size-full\"><a href=\"https:\/\/www.altex.com.br\/contato\" target=\"_blank\" rel=\"noreferrer noopener\"><img loading=\"lazy\" decoding=\"async\" width=\"515\" height=\"258\" src=\"https:\/\/www.altex.com.br\/blog\/wp-content\/uploads\/2022\/09\/CTA41.jpg\" alt=\"\" class=\"wp-image-14\"\/><\/a><\/figure>\n<\/div>","protected":false},"excerpt":{"rendered":"<p><span class=\"rt-reading-time\" style=\"display: block;\"><span class=\"rt-label rt-prefix\">Tempo de leitura<\/span> <span class=\"rt-time\">3<\/span> <span class=\"rt-label rt-postfix\">minutos<\/span><\/span> Investir em uma cortina ou em uma persiana pode parecer algo simples, mas envolve conhecimentos pr\u00e9vios para que a aplica\u00e7\u00e3o desses itens n\u00e3o seja apenas esteticamente condizente com o local em que est\u00e3o instaladas, como tamb\u00e9m ofere\u00e7a uma alta efici\u00eancia durante seu uso.\u00a0 Por isso, a seguir, mostramos os ambientes ideais para se usar cada &hellip; <\/p>\n","protected":false},"author":1,"featured_media":19,"comment_status":"open","ping_status":"open","sticky":false,"template":"","format":"standard","meta":{"footnotes":""},"categories":[10,11],"tags":[14,12,13,5,6],"class_list":["post-17","post","type-post","status-publish","format-standard","has-post-thumbnail","hentry","category-cortinas","category-persianas","tag-altex-cortinas","tag-comprar-cortinas","tag-comprar-persianas","tag-cortinas","tag-persianas"],"yoast_head":"<!-- This site is optimized with the Yoast SEO plugin v22.5 - https:\/\/yoast.com\/wordpress\/plugins\/seo\/ -->\n<title>Cortina e persiana: os ambientes certos para instalar cada pe\u00e7a - Altex<\/title>\n<meta name=\"robots\" content=\"index, follow, max-snippet:-1, max-image-preview:large, max-video-preview:-1\" \/>\n<link rel=\"canonical\" href=\"https:\/\/www.altex.com.br\/blog\/cortinas\/cortina-e-persiana-os-ambientes-certos-para-instalar-cada-peca\/\" \/>\n<meta property=\"og:locale\" content=\"pt_BR\" \/>\n<meta property=\"og:type\" content=\"article\" \/>\n<meta property=\"og:title\" content=\"Cortina e persiana: os ambientes certos para instalar cada pe\u00e7a - Altex\" \/>\n<meta property=\"og:description\" content=\"Tempo de leitura 3 minutos Investir em uma cortina ou em uma persiana pode parecer algo simples, mas envolve conhecimentos pr\u00e9vios para que a aplica\u00e7\u00e3o desses itens n\u00e3o seja apenas esteticamente condizente com o local em que est\u00e3o instaladas, como tamb\u00e9m ofere\u00e7a uma alta efici\u00eancia durante seu uso.\u00a0 Por isso, a seguir, mostramos os ambientes ideais para se usar cada &hellip;\" \/>\n<meta property=\"og:url\" content=\"https:\/\/www.altex.com.br\/blog\/cortinas\/cortina-e-persiana-os-ambientes-certos-para-instalar-cada-peca\/\" \/>\n<meta property=\"og:site_name\" content=\"Altex\" \/>\n<meta property=\"article:published_time\" content=\"2022-10-03T20:00:38+00:00\" \/>\n<meta property=\"og:image\" content=\"https:\/\/www.altex.com.br\/blog\/wp-content\/uploads\/2022\/10\/Design-sem-nome6.jpg\" \/>\n\t<meta property=\"og:image:width\" content=\"515\" \/>\n\t<meta property=\"og:image:height\" content=\"367\" \/>\n\t<meta property=\"og:image:type\" content=\"image\/jpeg\" \/>\n<meta name=\"author\" content=\"admin\" \/>\n<meta name=\"twitter:card\" content=\"summary_large_image\" \/>\n<meta name=\"twitter:label1\" content=\"Escrito por\" \/>\n\t<meta name=\"twitter:data1\" content=\"admin\" \/>\n\t<meta name=\"twitter:label2\" content=\"Est. tempo de leitura\" \/>\n\t<meta name=\"twitter:data2\" content=\"3 minutos\" \/>\n<script type=\"application\/ld+json\" class=\"yoast-schema-graph\">{\"@context\":\"https:\/\/schema.org\",\"@graph\":[{\"@type\":\"Article\",\"@id\":\"https:\/\/www.altex.com.br\/blog\/cortinas\/cortina-e-persiana-os-ambientes-certos-para-instalar-cada-peca\/#article\",\"isPartOf\":{\"@id\":\"https:\/\/www.altex.com.br\/blog\/cortinas\/cortina-e-persiana-os-ambientes-certos-para-instalar-cada-peca\/\"},\"author\":{\"name\":\"admin\",\"@id\":\"https:\/\/www.altex.com.br\/blog\/#\/schema\/person\/3c2b4dc5fc14bfdd28a6a128d82aa511\"},\"headline\":\"Cortina e persiana: os ambientes certos para instalar cada pe\u00e7a\",\"datePublished\":\"2022-10-03T20:00:38+00:00\",\"dateModified\":\"2022-10-03T20:00:38+00:00\",\"mainEntityOfPage\":{\"@id\":\"https:\/\/www.altex.com.br\/blog\/cortinas\/cortina-e-persiana-os-ambientes-certos-para-instalar-cada-peca\/\"},\"wordCount\":556,\"commentCount\":0,\"publisher\":{\"@id\":\"https:\/\/www.altex.com.br\/blog\/#organization\"},\"image\":{\"@id\":\"https:\/\/www.altex.com.br\/blog\/cortinas\/cortina-e-persiana-os-ambientes-certos-para-instalar-cada-peca\/#primaryimage\"},\"thumbnailUrl\":\"https:\/\/www.altex.com.br\/blog\/wp-content\/uploads\/2022\/10\/Design-sem-nome6.jpg\",\"keywords\":[\"Altex Cortinas\",\"comprar cortinas\",\"comprar persianas\",\"cortinas\",\"persianas\"],\"articleSection\":[\"Cortinas\",\"Persianas\"],\"inLanguage\":\"pt-BR\",\"potentialAction\":[{\"@type\":\"CommentAction\",\"name\":\"Comment\",\"target\":[\"https:\/\/www.altex.com.br\/blog\/cortinas\/cortina-e-persiana-os-ambientes-certos-para-instalar-cada-peca\/#respond\"]}]},{\"@type\":\"WebPage\",\"@id\":\"https:\/\/www.altex.com.br\/blog\/cortinas\/cortina-e-persiana-os-ambientes-certos-para-instalar-cada-peca\/\",\"url\":\"https:\/\/www.altex.com.br\/blog\/cortinas\/cortina-e-persiana-os-ambientes-certos-para-instalar-cada-peca\/\",\"name\":\"Cortina e persiana: os ambientes certos para instalar cada pe\u00e7a - Altex\",\"isPartOf\":{\"@id\":\"https:\/\/www.altex.com.br\/blog\/#website\"},\"primaryImageOfPage\":{\"@id\":\"https:\/\/www.altex.com.br\/blog\/cortinas\/cortina-e-persiana-os-ambientes-certos-para-instalar-cada-peca\/#primaryimage\"},\"image\":{\"@id\":\"https:\/\/www.altex.com.br\/blog\/cortinas\/cortina-e-persiana-os-ambientes-certos-para-instalar-cada-peca\/#primaryimage\"},\"thumbnailUrl\":\"https:\/\/www.altex.com.br\/blog\/wp-content\/uploads\/2022\/10\/Design-sem-nome6.jpg\",\"datePublished\":\"2022-10-03T20:00:38+00:00\",\"dateModified\":\"2022-10-03T20:00:38+00:00\",\"breadcrumb\":{\"@id\":\"https:\/\/www.altex.com.br\/blog\/cortinas\/cortina-e-persiana-os-ambientes-certos-para-instalar-cada-peca\/#breadcrumb\"},\"inLanguage\":\"pt-BR\",\"potentialAction\":[{\"@type\":\"ReadAction\",\"target\":[\"https:\/\/www.altex.com.br\/blog\/cortinas\/cortina-e-persiana-os-ambientes-certos-para-instalar-cada-peca\/\"]}]},{\"@type\":\"ImageObject\",\"inLanguage\":\"pt-BR\",\"@id\":\"https:\/\/www.altex.com.br\/blog\/cortinas\/cortina-e-persiana-os-ambientes-certos-para-instalar-cada-peca\/#primaryimage\",\"url\":\"https:\/\/www.altex.com.br\/blog\/wp-content\/uploads\/2022\/10\/Design-sem-nome6.jpg\",\"contentUrl\":\"https:\/\/www.altex.com.br\/blog\/wp-content\/uploads\/2022\/10\/Design-sem-nome6.jpg\",\"width\":515,\"height\":367,\"caption\":\"Cortina e persiana\"},{\"@type\":\"BreadcrumbList\",\"@id\":\"https:\/\/www.altex.com.br\/blog\/cortinas\/cortina-e-persiana-os-ambientes-certos-para-instalar-cada-peca\/#breadcrumb\",\"itemListElement\":[{\"@type\":\"ListItem\",\"position\":1,\"name\":\"In\u00edcio\",\"item\":\"https:\/\/www.altex.com.br\/blog\/\"},{\"@type\":\"ListItem\",\"position\":2,\"name\":\"Cortina e persiana: os ambientes certos para instalar cada pe\u00e7a\"}]},{\"@type\":\"WebSite\",\"@id\":\"https:\/\/www.altex.com.br\/blog\/#website\",\"url\":\"https:\/\/www.altex.com.br\/blog\/\",\"name\":\"Altex\",\"description\":\"Blog\",\"publisher\":{\"@id\":\"https:\/\/www.altex.com.br\/blog\/#organization\"},\"potentialAction\":[{\"@type\":\"SearchAction\",\"target\":{\"@type\":\"EntryPoint\",\"urlTemplate\":\"https:\/\/www.altex.com.br\/blog\/?s={search_term_string}\"},\"query-input\":\"required name=search_term_string\"}],\"inLanguage\":\"pt-BR\"},{\"@type\":\"Organization\",\"@id\":\"https:\/\/www.altex.com.br\/blog\/#organization\",\"name\":\"Altex\",\"url\":\"https:\/\/www.altex.com.br\/blog\/\",\"logo\":{\"@type\":\"ImageObject\",\"inLanguage\":\"pt-BR\",\"@id\":\"https:\/\/www.altex.com.br\/blog\/#\/schema\/logo\/image\/\",\"url\":\"https:\/\/www.altex.com.br\/blog\/wp-content\/uploads\/2022\/08\/altex-logo.png\",\"contentUrl\":\"https:\/\/www.altex.com.br\/blog\/wp-content\/uploads\/2022\/08\/altex-logo.png\",\"width\":155,\"height\":98,\"caption\":\"Altex\"},\"image\":{\"@id\":\"https:\/\/www.altex.com.br\/blog\/#\/schema\/logo\/image\/\"}},{\"@type\":\"Person\",\"@id\":\"https:\/\/www.altex.com.br\/blog\/#\/schema\/person\/3c2b4dc5fc14bfdd28a6a128d82aa511\",\"name\":\"admin\",\"image\":{\"@type\":\"ImageObject\",\"inLanguage\":\"pt-BR\",\"@id\":\"https:\/\/www.altex.com.br\/blog\/#\/schema\/person\/image\/\",\"url\":\"https:\/\/secure.gravatar.com\/avatar\/3813f53848958b8842eeafda91666185a90010f65ed554379b78794cde6f234a?s=96&d=mm&r=g\",\"contentUrl\":\"https:\/\/secure.gravatar.com\/avatar\/3813f53848958b8842eeafda91666185a90010f65ed554379b78794cde6f234a?s=96&d=mm&r=g\",\"caption\":\"admin\"},\"sameAs\":[\"https:\/\/altex.com.br\/blog\"],\"url\":\"https:\/\/www.altex.com.br\/blog\/author\/admin\/\"}]}<\/script>\n<!-- \/ Yoast SEO plugin. -->","yoast_head_json":{"title":"Cortina e persiana: os ambientes certos para instalar cada pe\u00e7a - Altex","robots":{"index":"index","follow":"follow","max-snippet":"max-snippet:-1","max-image-preview":"max-image-preview:large","max-video-preview":"max-video-preview:-1"},"canonical":"https:\/\/www.altex.com.br\/blog\/cortinas\/cortina-e-persiana-os-ambientes-certos-para-instalar-cada-peca\/","og_locale":"pt_BR","og_type":"article","og_title":"Cortina e persiana: os ambientes certos para instalar cada pe\u00e7a - Altex","og_description":"Tempo de leitura 3 minutos Investir em uma cortina ou em uma persiana pode parecer algo simples, mas envolve conhecimentos pr\u00e9vios para que a aplica\u00e7\u00e3o desses itens n\u00e3o seja apenas esteticamente condizente com o local em que est\u00e3o instaladas, como tamb\u00e9m ofere\u00e7a uma alta efici\u00eancia durante seu uso.\u00a0 Por isso, a seguir, mostramos os ambientes ideais para se usar cada &hellip;","og_url":"https:\/\/www.altex.com.br\/blog\/cortinas\/cortina-e-persiana-os-ambientes-certos-para-instalar-cada-peca\/","og_site_name":"Altex","article_published_time":"2022-10-03T20:00:38+00:00","og_image":[{"width":515,"height":367,"url":"https:\/\/www.altex.com.br\/blog\/wp-content\/uploads\/2022\/10\/Design-sem-nome6.jpg","type":"image\/jpeg"}],"author":"admin","twitter_card":"summary_large_image","twitter_misc":{"Escrito por":"admin","Est. tempo de leitura":"3 minutos"},"schema":{"@context":"https:\/\/schema.org","@graph":[{"@type":"Article","@id":"https:\/\/www.altex.com.br\/blog\/cortinas\/cortina-e-persiana-os-ambientes-certos-para-instalar-cada-peca\/#article","isPartOf":{"@id":"https:\/\/www.altex.com.br\/blog\/cortinas\/cortina-e-persiana-os-ambientes-certos-para-instalar-cada-peca\/"},"author":{"name":"admin","@id":"https:\/\/www.altex.com.br\/blog\/#\/schema\/person\/3c2b4dc5fc14bfdd28a6a128d82aa511"},"headline":"Cortina e persiana: os ambientes certos para instalar cada pe\u00e7a","datePublished":"2022-10-03T20:00:38+00:00","dateModified":"2022-10-03T20:00:38+00:00","mainEntityOfPage":{"@id":"https:\/\/www.altex.com.br\/blog\/cortinas\/cortina-e-persiana-os-ambientes-certos-para-instalar-cada-peca\/"},"wordCount":556,"commentCount":0,"publisher":{"@id":"https:\/\/www.altex.com.br\/blog\/#organization"},"image":{"@id":"https:\/\/www.altex.com.br\/blog\/cortinas\/cortina-e-persiana-os-ambientes-certos-para-instalar-cada-peca\/#primaryimage"},"thumbnailUrl":"https:\/\/www.altex.com.br\/blog\/wp-content\/uploads\/2022\/10\/Design-sem-nome6.jpg","keywords":["Altex Cortinas","comprar cortinas","comprar persianas","cortinas","persianas"],"articleSection":["Cortinas","Persianas"],"inLanguage":"pt-BR","potentialAction":[{"@type":"CommentAction","name":"Comment","target":["https:\/\/www.altex.com.br\/blog\/cortinas\/cortina-e-persiana-os-ambientes-certos-para-instalar-cada-peca\/#respond"]}]},{"@type":"WebPage","@id":"https:\/\/www.altex.com.br\/blog\/cortinas\/cortina-e-persiana-os-ambientes-certos-para-instalar-cada-peca\/","url":"https:\/\/www.altex.com.br\/blog\/cortinas\/cortina-e-persiana-os-ambientes-certos-para-instalar-cada-peca\/","name":"Cortina e persiana: os ambientes certos para instalar cada pe\u00e7a - Altex","isPartOf":{"@id":"https:\/\/www.altex.com.br\/blog\/#website"},"primaryImageOfPage":{"@id":"https:\/\/www.altex.com.br\/blog\/cortinas\/cortina-e-persiana-os-ambientes-certos-para-instalar-cada-peca\/#primaryimage"},"image":{"@id":"https:\/\/www.altex.com.br\/blog\/cortinas\/cortina-e-persiana-os-ambientes-certos-para-instalar-cada-peca\/#primaryimage"},"thumbnailUrl":"https:\/\/www.altex.com.br\/blog\/wp-content\/uploads\/2022\/10\/Design-sem-nome6.jpg","datePublished":"2022-10-03T20:00:38+00:00","dateModified":"2022-10-03T20:00:38+00:00","breadcrumb":{"@id":"https:\/\/www.altex.com.br\/blog\/cortinas\/cortina-e-persiana-os-ambientes-certos-para-instalar-cada-peca\/#breadcrumb"},"inLanguage":"pt-BR","potentialAction":[{"@type":"ReadAction","target":["https:\/\/www.altex.com.br\/blog\/cortinas\/cortina-e-persiana-os-ambientes-certos-para-instalar-cada-peca\/"]}]},{"@type":"ImageObject","inLanguage":"pt-BR","@id":"https:\/\/www.altex.com.br\/blog\/cortinas\/cortina-e-persiana-os-ambientes-certos-para-instalar-cada-peca\/#primaryimage","url":"https:\/\/www.altex.com.br\/blog\/wp-content\/uploads\/2022\/10\/Design-sem-nome6.jpg","contentUrl":"https:\/\/www.altex.com.br\/blog\/wp-content\/uploads\/2022\/10\/Design-sem-nome6.jpg","width":515,"height":367,"caption":"Cortina e persiana"},{"@type":"BreadcrumbList","@id":"https:\/\/www.altex.com.br\/blog\/cortinas\/cortina-e-persiana-os-ambientes-certos-para-instalar-cada-peca\/#breadcrumb","itemListElement":[{"@type":"ListItem","position":1,"name":"In\u00edcio","item":"https:\/\/www.altex.com.br\/blog\/"},{"@type":"ListItem","position":2,"name":"Cortina e persiana: os ambientes certos para instalar cada pe\u00e7a"}]},{"@type":"WebSite","@id":"https:\/\/www.altex.com.br\/blog\/#website","url":"https:\/\/www.altex.com.br\/blog\/","name":"Altex","description":"Blog","publisher":{"@id":"https:\/\/www.altex.com.br\/blog\/#organization"},"potentialAction":[{"@type":"SearchAction","target":{"@type":"EntryPoint","urlTemplate":"https:\/\/www.altex.com.br\/blog\/?s={search_term_string}"},"query-input":"required name=search_term_string"}],"inLanguage":"pt-BR"},{"@type":"Organization","@id":"https:\/\/www.altex.com.br\/blog\/#organization","name":"Altex","url":"https:\/\/www.altex.com.br\/blog\/","logo":{"@type":"ImageObject","inLanguage":"pt-BR","@id":"https:\/\/www.altex.com.br\/blog\/#\/schema\/logo\/image\/","url":"https:\/\/www.altex.com.br\/blog\/wp-content\/uploads\/2022\/08\/altex-logo.png","contentUrl":"https:\/\/www.altex.com.br\/blog\/wp-content\/uploads\/2022\/08\/altex-logo.png","width":155,"height":98,"caption":"Altex"},"image":{"@id":"https:\/\/www.altex.com.br\/blog\/#\/schema\/logo\/image\/"}},{"@type":"Person","@id":"https:\/\/www.altex.com.br\/blog\/#\/schema\/person\/3c2b4dc5fc14bfdd28a6a128d82aa511","name":"admin","image":{"@type":"ImageObject","inLanguage":"pt-BR","@id":"https:\/\/www.altex.com.br\/blog\/#\/schema\/person\/image\/","url":"https:\/\/secure.gravatar.com\/avatar\/3813f53848958b8842eeafda91666185a90010f65ed554379b78794cde6f234a?s=96&d=mm&r=g","contentUrl":"https:\/\/secure.gravatar.com\/avatar\/3813f53848958b8842eeafda91666185a90010f65ed554379b78794cde6f234a?s=96&d=mm&r=g","caption":"admin"},"sameAs":["https:\/\/altex.com.br\/blog"],"url":"https:\/\/www.altex.com.br\/blog\/author\/admin\/"}]}},"_links":{"self":[{"href":"https:\/\/www.altex.com.br\/blog\/wp-json\/wp\/v2\/posts\/17","targetHints":{"allow":["GET"]}}],"collection":[{"href":"https:\/\/www.altex.com.br\/blog\/wp-json\/wp\/v2\/posts"}],"about":[{"href":"https:\/\/www.altex.com.br\/blog\/wp-json\/wp\/v2\/types\/post"}],"author":[{"embeddable":true,"href":"https:\/\/www.altex.com.br\/blog\/wp-json\/wp\/v2\/users\/1"}],"replies":[{"embeddable":true,"href":"https:\/\/www.altex.com.br\/blog\/wp-json\/wp\/v2\/comments?post=17"}],"version-history":[{"count":1,"href":"https:\/\/www.altex.com.br\/blog\/wp-json\/wp\/v2\/posts\/17\/revisions"}],"predecessor-version":[{"id":20,"href":"https:\/\/www.altex.com.br\/blog\/wp-json\/wp\/v2\/posts\/17\/revisions\/20"}],"wp:featuredmedia":[{"embeddable":true,"href":"https:\/\/www.altex.com.br\/blog\/wp-json\/wp\/v2\/media\/19"}],"wp:attachment":[{"href":"https:\/\/www.altex.com.br\/blog\/wp-json\/wp\/v2\/media?parent=17"}],"wp:term":[{"taxonomy":"category","embeddable":true,"href":"https:\/\/www.altex.com.br\/blog\/wp-json\/wp\/v2\/categories?post=17"},{"taxonomy":"post_tag","embeddable":true,"href":"https:\/\/www.altex.com.br\/blog\/wp-json\/wp\/v2\/tags?post=17"}],"curies":[{"name":"wp","href":"https:\/\/api.w.org\/{rel}","templated":true}]}}